{"id":28922,"date":"2026-09-01T09:00:00","date_gmt":"2026-09-01T07:00:00","guid":{"rendered":"https:\/\/globalcitieshub.org\/?p=28922"},"modified":"2026-09-02T15:16:57","modified_gmt":"2026-09-02T13:16:57","slug":"gch-welcomes-secondment-from-the-hague","status":"publish","type":"post","link":"https:\/\/globalcitieshub.org\/fr\/gch-welcomes-secondment-from-the-hague\/","title":{"rendered":"Le GCH accueille un collaborateur d\u00e9tach\u00e9 de La Haye"},"content":{"rendered":"<p class=\"wp-block-paragraph\">Le Global Cities Hub souhaite la bienvenue \u00e0 Eline Morsink, qui rejoint l'\u00e9quipe en tant que charg\u00e9e de mission invit\u00e9e. Eline est d\u00e9tach\u00e9e aupr\u00e8s du GCH pour une dur\u00e9e de trois mois par la municipalit\u00e9 de La Haye (Pays-Bas), o\u00f9 elle occupe le poste de conseill\u00e8re strat\u00e9gique en charge des affaires sociales. Dans le cadre de ce <a href=\"https:\/\/globalcitieshub.org\/fr\/the-forum-of-mayors\/\">6<sup>th<\/sup> Forum des maires de l'ONU<\/a> , et le <a href=\"https:\/\/globalcitieshub.org\/fr\/topics\/\">Les priorit\u00e9s th\u00e9matiques de GCH<\/a>, elle contribuera \u00e0 renforcer le r\u00f4le des villes dans la gouvernance multilat\u00e9rale, \u00e0 promouvoir l'adaptation aux contextes locaux des cadres et engagements internationaux tels que les ODD, et \u00e0 plaider en faveur d'une meilleure prise en compte des villes et des r\u00e9gions au niveau mondial.<\/p>\n\n\n\n<p class=\"wp-block-paragraph\">Ce d\u00e9tachement constitue une occasion majeure de renforcer les liens entre La Haye et le Global Cities Hub. Il s'inscrit dans la volont\u00e9 de La Haye de renforcer son implication au sein des r\u00e9seaux internationaux et des processus multilat\u00e9raux, conform\u00e9ment \u00e0 son r\u00f4le de \u00ab Ville internationale de la paix et de la justice \u00bb.<\/p>\n\n\n\n<p class=\"wp-block-paragraph\">Le GCH propose cette opportunit\u00e9, convaincu que ce d\u00e9tachement permettra \u00e0 Eline d\u2019approfondir ses connaissances sur les moyens dont disposent les collectivit\u00e9s locales et r\u00e9gionales pour s\u2019impliquer dans le syst\u00e8me international, renfor\u00e7ant ainsi la capacit\u00e9 de La Haye \u00e0 participer et \u00e0 faire entendre sa voix au niveau international, \u00e0 Gen\u00e8ve et au-del\u00e0.<\/p>\n\n\n\n<p class=\"wp-block-paragraph\">Bienvenue, Eline !<\/p>","protected":false},"excerpt":{"rendered":"<p>Le Global Cities Hub accueille une collaboratrice d\u00e9tach\u00e9e par la municipalit\u00e9 de La Haye (Pays-Bas). Eline rejoint le GCH en tant que charg\u00e9e de mission invit\u00e9e. Dans le cadre du 6e Forum des maires des Nations unies et des priorit\u00e9s th\u00e9matiques du GCH, elle contribuera \u00e0 promouvoir la mise en \u0153uvre locale des ODD et plaidera en faveur d'une meilleure prise en compte des villes et des r\u00e9gions au niveau mondial. Bienvenue \u00e0 Eline !<\/p>","protected":false},"author":1,"featured_media":28923,"comment_status":"closed","ping_status":"0","sticky":false,"template":"","format":"standard","meta":{"_monsterinsights_skip_tracking":false,"footnotes":""},"categories":[1],"tags":[199,197,196,334,686],"class_list":["post-28922","post","type-post","status-publish","format-standard","has-post-thumbnail","hentry","category-news","tag-cities","tag-lrg","tag-multilateralism","tag-regions","tag-the-hague"],"yoast_head":"<!-- This site is optimized with the Yoast SEO plugin v28.3 - https:\/\/yoast.com\/product\/yoast-seo-wordpress\/ -->\n<title>GCH welcomes secondment from The Hague - Global Cities Hub<\/title>\n<meta name=\"description\" content=\"The Global Cities Hub welcomes a secondment from the Municipality of The Hague (Netherlands). Eline joins the GCH as Visiting Policy Officer.\" \/>\n<meta name=\"robots\" content=\"index, follow, max-snippet:-1, max-image-preview:large, max-video-preview:-1\" \/>\n<link rel=\"canonical\" href=\"https:\/\/globalcitieshub.org\/fr\/gch-welcomes-secondment-from-the-hague\/\" \/>\n<meta property=\"og:locale\" content=\"fr_FR\" \/>\n<meta property=\"og:type\" content=\"article\" \/>\n<meta property=\"og:title\" content=\"GCH welcomes secondment from The Hague - Global Cities Hub\" \/>\n<meta property=\"og:description\" content=\"The Global Cities Hub welcomes a secondment from the Municipality of The Hague (Netherlands). Eline joins the GCH as Visiting Policy Officer.\" \/>\n<meta property=\"og:url\" content=\"https:\/\/globalcitieshub.org\/fr\/gch-welcomes-secondment-from-the-hague\/\" \/>\n<meta property=\"og:site_name\" content=\"Global Cities Hub\" \/>\n<meta property=\"article:published_time\" content=\"2026-09-01T07:00:00+00:00\" \/>\n<meta property=\"article:modified_time\" content=\"2026-09-02T13:16:57+00:00\" \/>\n<meta property=\"og:image\" content=\"https:\/\/globalcitieshub.org\/wp-content\/uploads\/2026\/09\/vignette_Eline.png\" \/>\n\t<meta property=\"og:image:width\" content=\"786\" \/>\n\t<meta property=\"og:image:height\" content=\"524\" \/>\n\t<meta property=\"og:image:type\" content=\"image\/png\" \/>\n<meta name=\"author\" content=\"Global Cities Hub\" \/>\n<meta name=\"twitter:card\" content=\"summary_large_image\" \/>\n<meta name=\"twitter:creator\" content=\"@genevacitieshub\" \/>\n<meta name=\"twitter:site\" content=\"@genevacitieshub\" \/>\n<meta name=\"twitter:label1\" content=\"\u00c9crit par\" \/>\n\t<meta name=\"twitter:data1\" content=\"Global Cities Hub\" \/>\n\t<meta name=\"twitter:label2\" content=\"Dur\u00e9e de lecture estim\u00e9e\" \/>\n\t<meta name=\"twitter:data2\" content=\"2 minutes\" \/>\n<script type=\"application\/ld+json\" class=\"yoast-schema-graph\">{\"@context\":\"https:\\\/\\\/schema.org\",\"@graph\":[{\"@type\":\"Article\",\"@id\":\"https:\\\/\\\/globalcitieshub.org\\\/fr\\\/gch-welcomes-secondment-from-the-hague\\\/#article\",\"isPartOf\":{\"@id\":\"https:\\\/\\\/globalcitieshub.org\\\/fr\\\/gch-welcomes-secondment-from-the-hague\\\/\"},\"author\":{\"name\":\"Global Cities Hub\",\"@id\":\"https:\\\/\\\/globalcitieshub.org\\\/fr\\\/#\\\/schema\\\/person\\\/507d9e6bfa91593e51e4b24f8c3efc42\"},\"headline\":\"GCH welcomes secondment from The Hague\",\"datePublished\":\"2026-09-01T07:00:00+00:00\",\"dateModified\":\"2026-09-02T13:16:57+00:00\",\"mainEntityOfPage\":{\"@id\":\"https:\\\/\\\/globalcitieshub.org\\\/fr\\\/gch-welcomes-secondment-from-the-hague\\\/\"},\"wordCount\":194,\"publisher\":{\"@id\":\"https:\\\/\\\/globalcitieshub.org\\\/fr\\\/#organization\"},\"image\":{\"@id\":\"https:\\\/\\\/globalcitieshub.org\\\/fr\\\/gch-welcomes-secondment-from-the-hague\\\/#primaryimage\"},\"thumbnailUrl\":\"https:\\\/\\\/globalcitieshub.org\\\/wp-content\\\/uploads\\\/2026\\\/09\\\/vignette_Eline.png\",\"keywords\":[\"cities\",\"LRG\",\"multilateralism\",\"regions\",\"The Hague\"],\"articleSection\":[\"News\"],\"inLanguage\":\"fr-FR\"},{\"@type\":\"WebPage\",\"@id\":\"https:\\\/\\\/globalcitieshub.org\\\/fr\\\/gch-welcomes-secondment-from-the-hague\\\/\",\"url\":\"https:\\\/\\\/globalcitieshub.org\\\/fr\\\/gch-welcomes-secondment-from-the-hague\\\/\",\"name\":\"GCH welcomes secondment from The Hague - Global Cities Hub\",\"isPartOf\":{\"@id\":\"https:\\\/\\\/globalcitieshub.org\\\/fr\\\/#website\"},\"primaryImageOfPage\":{\"@id\":\"https:\\\/\\\/globalcitieshub.org\\\/fr\\\/gch-welcomes-secondment-from-the-hague\\\/#primaryimage\"},\"image\":{\"@id\":\"https:\\\/\\\/globalcitieshub.org\\\/fr\\\/gch-welcomes-secondment-from-the-hague\\\/#primaryimage\"},\"thumbnailUrl\":\"https:\\\/\\\/globalcitieshub.org\\\/wp-content\\\/uploads\\\/2026\\\/09\\\/vignette_Eline.png\",\"datePublished\":\"2026-09-01T07:00:00+00:00\",\"dateModified\":\"2026-09-02T13:16:57+00:00\",\"description\":\"The Global Cities Hub welcomes a secondment from the Municipality of The Hague (Netherlands). Eline joins the GCH as Visiting Policy Officer.\",\"inLanguage\":\"fr-FR\",\"potentialAction\":[{\"@type\":\"ReadAction\",\"target\":[\"https:\\\/\\\/globalcitieshub.org\\\/fr\\\/gch-welcomes-secondment-from-the-hague\\\/\"]}]},{\"@type\":\"ImageObject\",\"inLanguage\":\"fr-FR\",\"@id\":\"https:\\\/\\\/globalcitieshub.org\\\/fr\\\/gch-welcomes-secondment-from-the-hague\\\/#primaryimage\",\"url\":\"https:\\\/\\\/globalcitieshub.org\\\/wp-content\\\/uploads\\\/2026\\\/09\\\/vignette_Eline.png\",\"contentUrl\":\"https:\\\/\\\/globalcitieshub.org\\\/wp-content\\\/uploads\\\/2026\\\/09\\\/vignette_Eline.png\",\"width\":786,\"height\":524},{\"@type\":\"WebSite\",\"@id\":\"https:\\\/\\\/globalcitieshub.org\\\/fr\\\/#website\",\"url\":\"https:\\\/\\\/globalcitieshub.org\\\/fr\\\/\",\"name\":\"Global Cities Hub\",\"description\":\"Connecting local and regional governments to the United Nations and other  international organizations\",\"publisher\":{\"@id\":\"https:\\\/\\\/globalcitieshub.org\\\/fr\\\/#organization\"},\"potentialAction\":[{\"@type\":\"SearchAction\",\"target\":{\"@type\":\"EntryPoint\",\"urlTemplate\":\"https:\\\/\\\/globalcitieshub.org\\\/fr\\\/?s={search_term_string}\"},\"query-input\":{\"@type\":\"PropertyValueSpecification\",\"valueRequired\":true,\"valueName\":\"search_term_string\"}}],\"inLanguage\":\"fr-FR\"},{\"@type\":\"Organization\",\"@id\":\"https:\\\/\\\/globalcitieshub.org\\\/fr\\\/#organization\",\"name\":\"Global Cities Hub\",\"url\":\"https:\\\/\\\/globalcitieshub.org\\\/fr\\\/\",\"logo\":{\"@type\":\"ImageObject\",\"inLanguage\":\"fr-FR\",\"@id\":\"https:\\\/\\\/globalcitieshub.org\\\/fr\\\/#\\\/schema\\\/logo\\\/image\\\/\",\"url\":\"https:\\\/\\\/globalcitieshub.org\\\/wp-content\\\/uploads\\\/2023\\\/09\\\/230829_Logo_Global_Cities_Hub_Couleur_fond-blanc_RVB.png\",\"contentUrl\":\"https:\\\/\\\/globalcitieshub.org\\\/wp-content\\\/uploads\\\/2023\\\/09\\\/230829_Logo_Global_Cities_Hub_Couleur_fond-blanc_RVB.png\",\"width\":2544,\"height\":1446,\"caption\":\"Global Cities Hub\"},\"image\":{\"@id\":\"https:\\\/\\\/globalcitieshub.org\\\/fr\\\/#\\\/schema\\\/logo\\\/image\\\/\"},\"sameAs\":[\"https:\\\/\\\/x.com\\\/genevacitieshub\"]},{\"@type\":\"Person\",\"@id\":\"https:\\\/\\\/globalcitieshub.org\\\/fr\\\/#\\\/schema\\\/person\\\/507d9e6bfa91593e51e4b24f8c3efc42\",\"name\":\"Global Cities Hub\",\"image\":{\"@type\":\"ImageObject\",\"inLanguage\":\"fr-FR\",\"@id\":\"https:\\\/\\\/globalcitieshub.org\\\/wp-content\\\/uploads\\\/2023\\\/09\\\/230829_Logo_Global_Cities_Hub_Couleur_fond-blanc_RVB.png\",\"url\":\"https:\\\/\\\/globalcitieshub.org\\\/wp-content\\\/uploads\\\/2023\\\/09\\\/230829_Logo_Global_Cities_Hub_Couleur_fond-blanc_RVB.png\",\"contentUrl\":\"https:\\\/\\\/globalcitieshub.org\\\/wp-content\\\/uploads\\\/2023\\\/09\\\/230829_Logo_Global_Cities_Hub_Couleur_fond-blanc_RVB.png\",\"caption\":\"Global Cities Hub\"},\"url\":\"https:\\\/\\\/globalcitieshub.org\\\/fr\\\/author\\\/root_new\\\/\"}]}<\/script>\n<!-- \/ Yoast SEO plugin. -->","yoast_head_json":{"title":"Le GCH accueille un collaborateur d\u00e9tach\u00e9 de La Haye - Global Cities Hub","description":"Le Global Cities Hub accueille une collaboratrice d\u00e9tach\u00e9e par la municipalit\u00e9 de La Haye (Pays-Bas). Eline rejoint le GCH en tant que charg\u00e9e de mission invit\u00e9e.","robots":{"index":"index","follow":"follow","max-snippet":"max-snippet:-1","max-image-preview":"max-image-preview:large","max-video-preview":"max-video-preview:-1"},"canonical":"https:\/\/globalcitieshub.org\/fr\/gch-welcomes-secondment-from-the-hague\/","og_locale":"fr_FR","og_type":"article","og_title":"GCH welcomes secondment from The Hague - Global Cities Hub","og_description":"The Global Cities Hub welcomes a secondment from the Municipality of The Hague (Netherlands). Eline joins the GCH as Visiting Policy Officer.","og_url":"https:\/\/globalcitieshub.org\/fr\/gch-welcomes-secondment-from-the-hague\/","og_site_name":"Global Cities Hub","article_published_time":"2026-09-01T07:00:00+00:00","article_modified_time":"2026-09-02T13:16:57+00:00","og_image":[{"width":786,"height":524,"url":"https:\/\/globalcitieshub.org\/wp-content\/uploads\/2026\/09\/vignette_Eline.png","type":"image\/png"}],"author":"Global Cities Hub","twitter_card":"summary_large_image","twitter_creator":"@genevacitieshub","twitter_site":"@genevacitieshub","twitter_misc":{"\u00c9crit par":"Global Cities Hub","Dur\u00e9e de lecture estim\u00e9e":"2 minutes"},"schema":{"@context":"https:\/\/schema.org","@graph":[{"@type":"Article","@id":"https:\/\/globalcitieshub.org\/fr\/gch-welcomes-secondment-from-the-hague\/#article","isPartOf":{"@id":"https:\/\/globalcitieshub.org\/fr\/gch-welcomes-secondment-from-the-hague\/"},"author":{"name":"Global Cities Hub","@id":"https:\/\/globalcitieshub.org\/fr\/#\/schema\/person\/507d9e6bfa91593e51e4b24f8c3efc42"},"headline":"GCH welcomes secondment from The Hague","datePublished":"2026-09-01T07:00:00+00:00","dateModified":"2026-09-02T13:16:57+00:00","mainEntityOfPage":{"@id":"https:\/\/globalcitieshub.org\/fr\/gch-welcomes-secondment-from-the-hague\/"},"wordCount":194,"publisher":{"@id":"https:\/\/globalcitieshub.org\/fr\/#organization"},"image":{"@id":"https:\/\/globalcitieshub.org\/fr\/gch-welcomes-secondment-from-the-hague\/#primaryimage"},"thumbnailUrl":"https:\/\/globalcitieshub.org\/wp-content\/uploads\/2026\/09\/vignette_Eline.png","keywords":["cities","LRG","multilateralism","regions","The Hague"],"articleSection":["News"],"inLanguage":"fr-FR"},{"@type":"WebPage","@id":"https:\/\/globalcitieshub.org\/fr\/gch-welcomes-secondment-from-the-hague\/","url":"https:\/\/globalcitieshub.org\/fr\/gch-welcomes-secondment-from-the-hague\/","name":"Le GCH accueille un collaborateur d\u00e9tach\u00e9 de La Haye - Global Cities Hub","isPartOf":{"@id":"https:\/\/globalcitieshub.org\/fr\/#website"},"primaryImageOfPage":{"@id":"https:\/\/globalcitieshub.org\/fr\/gch-welcomes-secondment-from-the-hague\/#primaryimage"},"image":{"@id":"https:\/\/globalcitieshub.org\/fr\/gch-welcomes-secondment-from-the-hague\/#primaryimage"},"thumbnailUrl":"https:\/\/globalcitieshub.org\/wp-content\/uploads\/2026\/09\/vignette_Eline.png","datePublished":"2026-09-01T07:00:00+00:00","dateModified":"2026-09-02T13:16:57+00:00","description":"Le Global Cities Hub accueille une collaboratrice d\u00e9tach\u00e9e par la municipalit\u00e9 de La Haye (Pays-Bas). Eline rejoint le GCH en tant que charg\u00e9e de mission invit\u00e9e.","inLanguage":"fr-FR","potentialAction":[{"@type":"ReadAction","target":["https:\/\/globalcitieshub.org\/fr\/gch-welcomes-secondment-from-the-hague\/"]}]},{"@type":"ImageObject","inLanguage":"fr-FR","@id":"https:\/\/globalcitieshub.org\/fr\/gch-welcomes-secondment-from-the-hague\/#primaryimage","url":"https:\/\/globalcitieshub.org\/wp-content\/uploads\/2026\/09\/vignette_Eline.png","contentUrl":"https:\/\/globalcitieshub.org\/wp-content\/uploads\/2026\/09\/vignette_Eline.png","width":786,"height":524},{"@type":"WebSite","@id":"https:\/\/globalcitieshub.org\/fr\/#website","url":"https:\/\/globalcitieshub.org\/fr\/","name":"Global Cities Hub","description":"Relier les gouvernements locaux et r\u00e9gionaux aux Nations unies et \u00e0 d'autres organisations internationales","publisher":{"@id":"https:\/\/globalcitieshub.org\/fr\/#organization"},"potentialAction":[{"@type":"SearchAction","target":{"@type":"EntryPoint","urlTemplate":"https:\/\/globalcitieshub.org\/fr\/?s={search_term_string}"},"query-input":{"@type":"PropertyValueSpecification","valueRequired":true,"valueName":"search_term_string"}}],"inLanguage":"fr-FR"},{"@type":"Organization","@id":"https:\/\/globalcitieshub.org\/fr\/#organization","name":"Global Cities Hub","url":"https:\/\/globalcitieshub.org\/fr\/","logo":{"@type":"ImageObject","inLanguage":"fr-FR","@id":"https:\/\/globalcitieshub.org\/fr\/#\/schema\/logo\/image\/","url":"https:\/\/globalcitieshub.org\/wp-content\/uploads\/2023\/09\/230829_Logo_Global_Cities_Hub_Couleur_fond-blanc_RVB.png","contentUrl":"https:\/\/globalcitieshub.org\/wp-content\/uploads\/2023\/09\/230829_Logo_Global_Cities_Hub_Couleur_fond-blanc_RVB.png","width":2544,"height":1446,"caption":"Global Cities Hub"},"image":{"@id":"https:\/\/globalcitieshub.org\/fr\/#\/schema\/logo\/image\/"},"sameAs":["https:\/\/x.com\/genevacitieshub"]},{"@type":"Person","@id":"https:\/\/globalcitieshub.org\/fr\/#\/schema\/person\/507d9e6bfa91593e51e4b24f8c3efc42","name":"Global Cities Hub","image":{"@type":"ImageObject","inLanguage":"fr-FR","@id":"https:\/\/globalcitieshub.org\/wp-content\/uploads\/2023\/09\/230829_Logo_Global_Cities_Hub_Couleur_fond-blanc_RVB.png","url":"https:\/\/globalcitieshub.org\/wp-content\/uploads\/2023\/09\/230829_Logo_Global_Cities_Hub_Couleur_fond-blanc_RVB.png","contentUrl":"https:\/\/globalcitieshub.org\/wp-content\/uploads\/2023\/09\/230829_Logo_Global_Cities_Hub_Couleur_fond-blanc_RVB.png","caption":"Global Cities Hub"},"url":"https:\/\/globalcitieshub.org\/fr\/author\/root_new\/"}]}},"_links":{"self":[{"href":"https:\/\/globalcitieshub.org\/fr\/wp-json\/wp\/v2\/posts\/28922","targetHints":{"allow":["GET"]}}],"collection":[{"href":"https:\/\/globalcitieshub.org\/fr\/wp-json\/wp\/v2\/posts"}],"about":[{"href":"https:\/\/globalcitieshub.org\/fr\/wp-json\/wp\/v2\/types\/post"}],"author":[{"embeddable":true,"href":"https:\/\/globalcitieshub.org\/fr\/wp-json\/wp\/v2\/users\/1"}],"replies":[{"embeddable":true,"href":"https:\/\/globalcitieshub.org\/fr\/wp-json\/wp\/v2\/comments?post=28922"}],"version-history":[{"count":1,"href":"https:\/\/globalcitieshub.org\/fr\/wp-json\/wp\/v2\/posts\/28922\/revisions"}],"predecessor-version":[{"id":28925,"href":"https:\/\/globalcitieshub.org\/fr\/wp-json\/wp\/v2\/posts\/28922\/revisions\/28925"}],"wp:featuredmedia":[{"embeddable":true,"href":"https:\/\/globalcitieshub.org\/fr\/wp-json\/wp\/v2\/media\/28923"}],"wp:attachment":[{"href":"https:\/\/globalcitieshub.org\/fr\/wp-json\/wp\/v2\/media?parent=28922"}],"wp:term":[{"taxonomy":"category","embeddable":true,"href":"https:\/\/globalcitieshub.org\/fr\/wp-json\/wp\/v2\/categories?post=28922"},{"taxonomy":"post_tag","embeddable":true,"href":"https:\/\/globalcitieshub.org\/fr\/wp-json\/wp\/v2\/tags?post=28922"}],"curies":[{"name":"wp","href":"https:\/\/api.w.org\/{rel}","templated":true}]}}