{"id":26902,"date":"2026-01-16T09:51:51","date_gmt":"2026-01-16T08:51:51","guid":{"rendered":"https:\/\/globalcitieshub.org\/?p=26902"},"modified":"2026-02-05T09:52:07","modified_gmt":"2026-02-05T08:52:07","slug":"un-forum-of-mayors-to-take-place-on-12-13-october-2026","status":"publish","type":"post","link":"https:\/\/globalcitieshub.org\/fr\/un-forum-of-mayors-to-take-place-on-12-13-october-2026\/","title":{"rendered":"Le Forum des maires de l'ONU aura lieu les 12 et 13 octobre 2026"},"content":{"rendered":"<p>La GCH, partenaire officiel du Forum des Maires de l'ONU, est heureuse d'annoncer que le 6\u00e8me Forum des Maires de l'ONU aura lieu le&nbsp;<strong>12-13 octobre 2026<\/strong>.<\/p>\n\n\n\n<p>Des \u00e9v\u00e9nements associ\u00e9s au Forum des Maires de l'ONU auront \u00e9galement lieu dans les jours qui suivront le Forum. Plus d'informations \u00e0 venir.<\/p>\n\n\n\n<p>La mission des Nations unies pour 2026 sera principalement ax\u00e9e sur l'examen de la situation au niveau local.&nbsp;<strong>ODD 11 - Villes et communaut\u00e9s durables<\/strong>. Cet objectif sera \u00e9galement examin\u00e9 par les \u00c9tats membres lors du sommet de l'Union europ\u00e9enne.&nbsp;<a href=\"https:\/\/hlpf.un.org\/\" target=\"_blank\" rel=\"noreferrer noopener\">Forum politique de haut niveau des Nations unies sur le d\u00e9veloppement durable<\/a>&nbsp;qui se tiendra avant le Forum, \u00e0 New York, en juillet 2026.<\/p>\n\n\n\n<p>Le Global Cities Hub se r\u00e9jouit d'une coop\u00e9ration \u00e9troite avec toutes les commissions \u00e9conomiques r\u00e9gionales de l'ONU pour organiser le Forum et s'engager avec tous les maires et r\u00e9seaux de villes int\u00e9ress\u00e9s.<\/p>\n\n\n\n<p><a href=\"https:\/\/globalcitieshub.org\/fr\/the-forum-of-mayors\/\" target=\"_blank\" rel=\"noreferrer noopener\">Consultez le site web de la GCH pour obtenir des informations actualis\u00e9es sur l'OFM 2026.<\/a><\/p>\n\n\n\n<p>Photo : Olivier Chamard<\/p>","protected":false},"excerpt":{"rendered":"<p>Le GCH, partenaire officiel du Forum des maires de l'ONU (FoM), est heureux d'annoncer que le 6e Forum des maires de l'ONU aura lieu les 12 et 13 octobre 2026. Des \u00e9v\u00e9nements associ\u00e9s au Forum des maires de l'ONU auront \u00e9galement lieu dans les jours suivant le Forum.<\/p>","protected":false},"author":1,"featured_media":26662,"comment_status":"closed","ping_status":"0","sticky":false,"template":"","format":"standard","meta":{"_monsterinsights_skip_tracking":false,"_monsterinsights_sitenote_active":false,"_monsterinsights_sitenote_note":"","_monsterinsights_sitenote_category":0,"footnotes":""},"categories":[1],"tags":[],"class_list":["post-26902","post","type-post","status-publish","format-standard","has-post-thumbnail","hentry","category-news"],"yoast_head":"<!-- This site is optimized with the Yoast SEO plugin v27.5 - https:\/\/yoast.com\/product\/yoast-seo-wordpress\/ -->\n<title>UN Forum of Mayors to take place on 12-13 October 2026 - Global Cities Hub<\/title>\n<meta name=\"robots\" content=\"index, follow, max-snippet:-1, max-image-preview:large, max-video-preview:-1\" \/>\n<link rel=\"canonical\" href=\"https:\/\/globalcitieshub.org\/fr\/un-forum-of-mayors-to-take-place-on-12-13-october-2026\/\" \/>\n<meta property=\"og:locale\" content=\"fr_FR\" \/>\n<meta property=\"og:type\" content=\"article\" \/>\n<meta property=\"og:title\" content=\"UN Forum of Mayors to take place on 12-13 October 2026 - Global Cities Hub\" \/>\n<meta property=\"og:description\" content=\"The GCH, official partner of the UN Forum of Mayors (FoM), is\u00a0happy to share that the\u00a06th UN Forum of Mayors\u00a0will take place on\u00a012-13 October 2026. Associated events with the UN Forum of Mayors will also take place in the days following the Forum.\" \/>\n<meta property=\"og:url\" content=\"https:\/\/globalcitieshub.org\/fr\/un-forum-of-mayors-to-take-place-on-12-13-october-2026\/\" \/>\n<meta property=\"og:site_name\" content=\"Global Cities Hub\" \/>\n<meta property=\"article:published_time\" content=\"2026-01-16T08:51:51+00:00\" \/>\n<meta property=\"article:modified_time\" content=\"2026-02-05T08:52:07+00:00\" \/>\n<meta property=\"og:image\" content=\"https:\/\/globalcitieshub.org\/wp-content\/uploads\/2026\/01\/Vignettes-News.png\" \/>\n\t<meta property=\"og:image:width\" content=\"786\" \/>\n\t<meta property=\"og:image:height\" content=\"524\" \/>\n\t<meta property=\"og:image:type\" content=\"image\/png\" \/>\n<meta name=\"author\" content=\"root_new\" \/>\n<meta name=\"twitter:card\" content=\"summary_large_image\" \/>\n<meta name=\"twitter:creator\" content=\"@genevacitieshub\" \/>\n<meta name=\"twitter:site\" content=\"@genevacitieshub\" \/>\n<meta name=\"twitter:label1\" content=\"\u00c9crit par\" \/>\n\t<meta name=\"twitter:data1\" content=\"root_new\" \/>\n\t<meta name=\"twitter:label2\" content=\"Dur\u00e9e de lecture estim\u00e9e\" \/>\n\t<meta name=\"twitter:data2\" content=\"1 minute\" \/>\n<script type=\"application\/ld+json\" class=\"yoast-schema-graph\">{\"@context\":\"https:\\\/\\\/schema.org\",\"@graph\":[{\"@type\":\"Article\",\"@id\":\"https:\\\/\\\/globalcitieshub.org\\\/fr\\\/un-forum-of-mayors-to-take-place-on-12-13-october-2026\\\/#article\",\"isPartOf\":{\"@id\":\"https:\\\/\\\/globalcitieshub.org\\\/fr\\\/un-forum-of-mayors-to-take-place-on-12-13-october-2026\\\/\"},\"author\":{\"name\":\"root_new\",\"@id\":\"https:\\\/\\\/globalcitieshub.org\\\/fr\\\/#\\\/schema\\\/person\\\/507d9e6bfa91593e51e4b24f8c3efc42\"},\"headline\":\"UN Forum of Mayors to take place on 12-13 October 2026\",\"datePublished\":\"2026-01-16T08:51:51+00:00\",\"dateModified\":\"2026-02-05T08:52:07+00:00\",\"mainEntityOfPage\":{\"@id\":\"https:\\\/\\\/globalcitieshub.org\\\/fr\\\/un-forum-of-mayors-to-take-place-on-12-13-october-2026\\\/\"},\"wordCount\":163,\"publisher\":{\"@id\":\"https:\\\/\\\/globalcitieshub.org\\\/fr\\\/#organization\"},\"image\":{\"@id\":\"https:\\\/\\\/globalcitieshub.org\\\/fr\\\/un-forum-of-mayors-to-take-place-on-12-13-october-2026\\\/#primaryimage\"},\"thumbnailUrl\":\"https:\\\/\\\/globalcitieshub.org\\\/wp-content\\\/uploads\\\/2026\\\/01\\\/Vignettes-News.png\",\"articleSection\":[\"News\"],\"inLanguage\":\"fr-FR\"},{\"@type\":\"WebPage\",\"@id\":\"https:\\\/\\\/globalcitieshub.org\\\/fr\\\/un-forum-of-mayors-to-take-place-on-12-13-october-2026\\\/\",\"url\":\"https:\\\/\\\/globalcitieshub.org\\\/fr\\\/un-forum-of-mayors-to-take-place-on-12-13-october-2026\\\/\",\"name\":\"UN Forum of Mayors to take place on 12-13 October 2026 - Global Cities Hub\",\"isPartOf\":{\"@id\":\"https:\\\/\\\/globalcitieshub.org\\\/fr\\\/#website\"},\"primaryImageOfPage\":{\"@id\":\"https:\\\/\\\/globalcitieshub.org\\\/fr\\\/un-forum-of-mayors-to-take-place-on-12-13-october-2026\\\/#primaryimage\"},\"image\":{\"@id\":\"https:\\\/\\\/globalcitieshub.org\\\/fr\\\/un-forum-of-mayors-to-take-place-on-12-13-october-2026\\\/#primaryimage\"},\"thumbnailUrl\":\"https:\\\/\\\/globalcitieshub.org\\\/wp-content\\\/uploads\\\/2026\\\/01\\\/Vignettes-News.png\",\"datePublished\":\"2026-01-16T08:51:51+00:00\",\"dateModified\":\"2026-02-05T08:52:07+00:00\",\"inLanguage\":\"fr-FR\",\"potentialAction\":[{\"@type\":\"ReadAction\",\"target\":[\"https:\\\/\\\/globalcitieshub.org\\\/fr\\\/un-forum-of-mayors-to-take-place-on-12-13-october-2026\\\/\"]}]},{\"@type\":\"ImageObject\",\"inLanguage\":\"fr-FR\",\"@id\":\"https:\\\/\\\/globalcitieshub.org\\\/fr\\\/un-forum-of-mayors-to-take-place-on-12-13-october-2026\\\/#primaryimage\",\"url\":\"https:\\\/\\\/globalcitieshub.org\\\/wp-content\\\/uploads\\\/2026\\\/01\\\/Vignettes-News.png\",\"contentUrl\":\"https:\\\/\\\/globalcitieshub.org\\\/wp-content\\\/uploads\\\/2026\\\/01\\\/Vignettes-News.png\",\"width\":786,\"height\":524},{\"@type\":\"WebSite\",\"@id\":\"https:\\\/\\\/globalcitieshub.org\\\/fr\\\/#website\",\"url\":\"https:\\\/\\\/globalcitieshub.org\\\/fr\\\/\",\"name\":\"Global Cities Hub\",\"description\":\"Connecting local and regional governments to the United Nations and other  international organizations\",\"publisher\":{\"@id\":\"https:\\\/\\\/globalcitieshub.org\\\/fr\\\/#organization\"},\"potentialAction\":[{\"@type\":\"SearchAction\",\"target\":{\"@type\":\"EntryPoint\",\"urlTemplate\":\"https:\\\/\\\/globalcitieshub.org\\\/fr\\\/?s={search_term_string}\"},\"query-input\":{\"@type\":\"PropertyValueSpecification\",\"valueRequired\":true,\"valueName\":\"search_term_string\"}}],\"inLanguage\":\"fr-FR\"},{\"@type\":\"Organization\",\"@id\":\"https:\\\/\\\/globalcitieshub.org\\\/fr\\\/#organization\",\"name\":\"Global Cities Hub\",\"url\":\"https:\\\/\\\/globalcitieshub.org\\\/fr\\\/\",\"logo\":{\"@type\":\"ImageObject\",\"inLanguage\":\"fr-FR\",\"@id\":\"https:\\\/\\\/globalcitieshub.org\\\/fr\\\/#\\\/schema\\\/logo\\\/image\\\/\",\"url\":\"https:\\\/\\\/globalcitieshub.org\\\/wp-content\\\/uploads\\\/2023\\\/09\\\/230829_Logo_Global_Cities_Hub_Couleur_fond-blanc_RVB.png\",\"contentUrl\":\"https:\\\/\\\/globalcitieshub.org\\\/wp-content\\\/uploads\\\/2023\\\/09\\\/230829_Logo_Global_Cities_Hub_Couleur_fond-blanc_RVB.png\",\"width\":2544,\"height\":1446,\"caption\":\"Global Cities Hub\"},\"image\":{\"@id\":\"https:\\\/\\\/globalcitieshub.org\\\/fr\\\/#\\\/schema\\\/logo\\\/image\\\/\"},\"sameAs\":[\"https:\\\/\\\/x.com\\\/genevacitieshub\"]},{\"@type\":\"Person\",\"@id\":\"https:\\\/\\\/globalcitieshub.org\\\/fr\\\/#\\\/schema\\\/person\\\/507d9e6bfa91593e51e4b24f8c3efc42\",\"name\":\"root_new\",\"image\":{\"@type\":\"ImageObject\",\"inLanguage\":\"fr-FR\",\"@id\":\"https:\\\/\\\/globalcitieshub.org\\\/wp-content\\\/plugins\\\/townhub-add-ons\\\/assets\\\/images\\\/avatar.jpg\",\"url\":\"https:\\\/\\\/globalcitieshub.org\\\/wp-content\\\/plugins\\\/townhub-add-ons\\\/assets\\\/images\\\/avatar.jpg\",\"contentUrl\":\"https:\\\/\\\/globalcitieshub.org\\\/wp-content\\\/plugins\\\/townhub-add-ons\\\/assets\\\/images\\\/avatar.jpg\",\"caption\":\"root_new\"},\"sameAs\":[\"http:\\\/\\\/gch.dev-bulbera.com\"],\"url\":\"https:\\\/\\\/globalcitieshub.org\\\/fr\\\/author\\\/root_new\\\/\"}]}<\/script>\n<!-- \/ Yoast SEO plugin. -->","yoast_head_json":{"title":"Le Forum des Maires de l'ONU aura lieu les 12 et 13 octobre 2026 - Global Cities Hub","robots":{"index":"index","follow":"follow","max-snippet":"max-snippet:-1","max-image-preview":"max-image-preview:large","max-video-preview":"max-video-preview:-1"},"canonical":"https:\/\/globalcitieshub.org\/fr\/un-forum-of-mayors-to-take-place-on-12-13-october-2026\/","og_locale":"fr_FR","og_type":"article","og_title":"UN Forum of Mayors to take place on 12-13 October 2026 - Global Cities Hub","og_description":"The GCH, official partner of the UN Forum of Mayors (FoM), is\u00a0happy to share that the\u00a06th UN Forum of Mayors\u00a0will take place on\u00a012-13 October 2026. Associated events with the UN Forum of Mayors will also take place in the days following the Forum.","og_url":"https:\/\/globalcitieshub.org\/fr\/un-forum-of-mayors-to-take-place-on-12-13-october-2026\/","og_site_name":"Global Cities Hub","article_published_time":"2026-01-16T08:51:51+00:00","article_modified_time":"2026-02-05T08:52:07+00:00","og_image":[{"width":786,"height":524,"url":"https:\/\/globalcitieshub.org\/wp-content\/uploads\/2026\/01\/Vignettes-News.png","type":"image\/png"}],"author":"root_new","twitter_card":"summary_large_image","twitter_creator":"@genevacitieshub","twitter_site":"@genevacitieshub","twitter_misc":{"\u00c9crit par":"root_new","Dur\u00e9e de lecture estim\u00e9e":"1 minute"},"schema":{"@context":"https:\/\/schema.org","@graph":[{"@type":"Article","@id":"https:\/\/globalcitieshub.org\/fr\/un-forum-of-mayors-to-take-place-on-12-13-october-2026\/#article","isPartOf":{"@id":"https:\/\/globalcitieshub.org\/fr\/un-forum-of-mayors-to-take-place-on-12-13-october-2026\/"},"author":{"name":"root_new","@id":"https:\/\/globalcitieshub.org\/fr\/#\/schema\/person\/507d9e6bfa91593e51e4b24f8c3efc42"},"headline":"UN Forum of Mayors to take place on 12-13 October 2026","datePublished":"2026-01-16T08:51:51+00:00","dateModified":"2026-02-05T08:52:07+00:00","mainEntityOfPage":{"@id":"https:\/\/globalcitieshub.org\/fr\/un-forum-of-mayors-to-take-place-on-12-13-october-2026\/"},"wordCount":163,"publisher":{"@id":"https:\/\/globalcitieshub.org\/fr\/#organization"},"image":{"@id":"https:\/\/globalcitieshub.org\/fr\/un-forum-of-mayors-to-take-place-on-12-13-october-2026\/#primaryimage"},"thumbnailUrl":"https:\/\/globalcitieshub.org\/wp-content\/uploads\/2026\/01\/Vignettes-News.png","articleSection":["News"],"inLanguage":"fr-FR"},{"@type":"WebPage","@id":"https:\/\/globalcitieshub.org\/fr\/un-forum-of-mayors-to-take-place-on-12-13-october-2026\/","url":"https:\/\/globalcitieshub.org\/fr\/un-forum-of-mayors-to-take-place-on-12-13-october-2026\/","name":"Le Forum des Maires de l'ONU aura lieu les 12 et 13 octobre 2026 - Global Cities Hub","isPartOf":{"@id":"https:\/\/globalcitieshub.org\/fr\/#website"},"primaryImageOfPage":{"@id":"https:\/\/globalcitieshub.org\/fr\/un-forum-of-mayors-to-take-place-on-12-13-october-2026\/#primaryimage"},"image":{"@id":"https:\/\/globalcitieshub.org\/fr\/un-forum-of-mayors-to-take-place-on-12-13-october-2026\/#primaryimage"},"thumbnailUrl":"https:\/\/globalcitieshub.org\/wp-content\/uploads\/2026\/01\/Vignettes-News.png","datePublished":"2026-01-16T08:51:51+00:00","dateModified":"2026-02-05T08:52:07+00:00","inLanguage":"fr-FR","potentialAction":[{"@type":"ReadAction","target":["https:\/\/globalcitieshub.org\/fr\/un-forum-of-mayors-to-take-place-on-12-13-october-2026\/"]}]},{"@type":"ImageObject","inLanguage":"fr-FR","@id":"https:\/\/globalcitieshub.org\/fr\/un-forum-of-mayors-to-take-place-on-12-13-october-2026\/#primaryimage","url":"https:\/\/globalcitieshub.org\/wp-content\/uploads\/2026\/01\/Vignettes-News.png","contentUrl":"https:\/\/globalcitieshub.org\/wp-content\/uploads\/2026\/01\/Vignettes-News.png","width":786,"height":524},{"@type":"WebSite","@id":"https:\/\/globalcitieshub.org\/fr\/#website","url":"https:\/\/globalcitieshub.org\/fr\/","name":"Global Cities Hub","description":"Relier les gouvernements locaux et r\u00e9gionaux aux Nations unies et \u00e0 d'autres organisations internationales","publisher":{"@id":"https:\/\/globalcitieshub.org\/fr\/#organization"},"potentialAction":[{"@type":"SearchAction","target":{"@type":"EntryPoint","urlTemplate":"https:\/\/globalcitieshub.org\/fr\/?s={search_term_string}"},"query-input":{"@type":"PropertyValueSpecification","valueRequired":true,"valueName":"search_term_string"}}],"inLanguage":"fr-FR"},{"@type":"Organization","@id":"https:\/\/globalcitieshub.org\/fr\/#organization","name":"Global Cities Hub","url":"https:\/\/globalcitieshub.org\/fr\/","logo":{"@type":"ImageObject","inLanguage":"fr-FR","@id":"https:\/\/globalcitieshub.org\/fr\/#\/schema\/logo\/image\/","url":"https:\/\/globalcitieshub.org\/wp-content\/uploads\/2023\/09\/230829_Logo_Global_Cities_Hub_Couleur_fond-blanc_RVB.png","contentUrl":"https:\/\/globalcitieshub.org\/wp-content\/uploads\/2023\/09\/230829_Logo_Global_Cities_Hub_Couleur_fond-blanc_RVB.png","width":2544,"height":1446,"caption":"Global Cities Hub"},"image":{"@id":"https:\/\/globalcitieshub.org\/fr\/#\/schema\/logo\/image\/"},"sameAs":["https:\/\/x.com\/genevacitieshub"]},{"@type":"Person","@id":"https:\/\/globalcitieshub.org\/fr\/#\/schema\/person\/507d9e6bfa91593e51e4b24f8c3efc42","name":"racine_nouveau","image":{"@type":"ImageObject","inLanguage":"fr-FR","@id":"https:\/\/globalcitieshub.org\/wp-content\/plugins\/townhub-add-ons\/assets\/images\/avatar.jpg","url":"https:\/\/globalcitieshub.org\/wp-content\/plugins\/townhub-add-ons\/assets\/images\/avatar.jpg","contentUrl":"https:\/\/globalcitieshub.org\/wp-content\/plugins\/townhub-add-ons\/assets\/images\/avatar.jpg","caption":"root_new"},"sameAs":["http:\/\/gch.dev-bulbera.com"],"url":"https:\/\/globalcitieshub.org\/fr\/author\/root_new\/"}]}},"_links":{"self":[{"href":"https:\/\/globalcitieshub.org\/fr\/wp-json\/wp\/v2\/posts\/26902","targetHints":{"allow":["GET"]}}],"collection":[{"href":"https:\/\/globalcitieshub.org\/fr\/wp-json\/wp\/v2\/posts"}],"about":[{"href":"https:\/\/globalcitieshub.org\/fr\/wp-json\/wp\/v2\/types\/post"}],"author":[{"embeddable":true,"href":"https:\/\/globalcitieshub.org\/fr\/wp-json\/wp\/v2\/users\/1"}],"replies":[{"embeddable":true,"href":"https:\/\/globalcitieshub.org\/fr\/wp-json\/wp\/v2\/comments?post=26902"}],"version-history":[{"count":1,"href":"https:\/\/globalcitieshub.org\/fr\/wp-json\/wp\/v2\/posts\/26902\/revisions"}],"predecessor-version":[{"id":26903,"href":"https:\/\/globalcitieshub.org\/fr\/wp-json\/wp\/v2\/posts\/26902\/revisions\/26903"}],"wp:featuredmedia":[{"embeddable":true,"href":"https:\/\/globalcitieshub.org\/fr\/wp-json\/wp\/v2\/media\/26662"}],"wp:attachment":[{"href":"https:\/\/globalcitieshub.org\/fr\/wp-json\/wp\/v2\/media?parent=26902"}],"wp:term":[{"taxonomy":"category","embeddable":true,"href":"https:\/\/globalcitieshub.org\/fr\/wp-json\/wp\/v2\/categories?post=26902"},{"taxonomy":"post_tag","embeddable":true,"href":"https:\/\/globalcitieshub.org\/fr\/wp-json\/wp\/v2\/tags?post=26902"}],"curies":[{"name":"wp","href":"https:\/\/api.w.org\/{rel}","templated":true}]}}