{"id":24834,"date":"2025-07-08T13:46:14","date_gmt":"2025-07-08T11:46:14","guid":{"rendered":"https:\/\/globalcitieshub.org\/?p=24834"},"modified":"2025-08-22T11:24:15","modified_gmt":"2025-08-22T09:24:15","slug":"from-smart-cities-to-citiverse-the-voice-of-city-leaders-count","status":"publish","type":"post","link":"https:\/\/globalcitieshub.org\/fr\/from-smart-cities-to-citiverse-the-voice-of-city-leaders-count\/","title":{"rendered":"Des villes intelligentes \u00e0 Citiverse, la voix des dirigeants municipaux compte"},"content":{"rendered":"<p>Le 8 juillet 2025, le GCH, en coop\u00e9ration avec WeGo et l'UIT, a organis\u00e9 le d\u00e9bat des dirigeants des villes intelligentes sur le th\u00e8me \"Des villes intelligentes s\u00fbres et la frustration climatique\". Il s'agit d'un sujet tr\u00e8s important car une approche de la ville intelligente centr\u00e9e sur les personnes signifie trouver des r\u00e9ponses aux besoins des personnes - et un avenir urbain durable soucieux du climat est clairement l'un d'entre eux. Le GCH a \u00e9t\u00e9 fier de contribuer aux discussions tant au sommet AI for Good qu'aux \u00e9v\u00e9nements de haut niveau du SMSI+20 \u00e0 Gen\u00e8ve.<\/p>\n\n\n\n<p>Le d\u00e9bat sur les villes intelligentes a port\u00e9 sur la mani\u00e8re dont les villes intelligentes peuvent contribuer \u00e0 faire face aux urgences climatiques d'une mani\u00e8re centr\u00e9e sur les personnes. Les intervenants ont pr\u00e9sent\u00e9 les possibilit\u00e9s offertes par les technologies des villes intelligentes en mati\u00e8re de d\u00e9veloppement social, \u00e9conomique et environnemental, ainsi que les moyens de surmonter les limites auxquelles les dirigeants locaux sont confront\u00e9s en mati\u00e8re de r\u00e9duction des risques de catastrophes.<\/p>\n\n\n\n<p>Le directeur g\u00e9n\u00e9ral de l'UIT, Tomas Lamanauskas, et le directeur principal de l'OMM, Johan Stander, ont d\u00e9fini le cadre de l'utilisation de la num\u00e9risation et des TIC pour construire des villes intelligentes et utiliser la technologie pour mettre en place des syst\u00e8mes d'alerte pr\u00e9coce ad\u00e9quats. Nous avons entendu parler de la Digital Impact Alliance et de l'U4SSC, expliquant comment la technologie num\u00e9rique peut contribuer \u00e0 r\u00e9soudre les d\u00e9fis climatiques urbains.<\/p>\n\n\n\n<p>Les TIC jouent un r\u00f4le crucial dans la lutte contre les crues soudaines, les vagues de chaleur et d'autres ph\u00e9nom\u00e8nes m\u00e9t\u00e9orologiques extr\u00eames. Nous devons nous assurer que les bons messages parviennent \u00e0 tous les citoyens, qu'ils utilisent des technologies de pointe ou non, afin de sauver des vies et des moyens de subsistance. Le d\u00e9veloppement transformateur des technologies num\u00e9riques peut minimiser les pertes en vies humaines dues aux ph\u00e9nom\u00e8nes m\u00e9t\u00e9orologiques violents en renfor\u00e7ant \u00e0 la fois les alertes et les actions pr\u00e9coces.<\/p>\n\n\n\n<p>Une approche de la ville intelligente centr\u00e9e sur l'\u00eatre humain signifie que l'on fait passer l'\u00eatre humain avant la technologie. Elle couvre tous les domaines de la vie, de la s\u00fbret\u00e9 \u00e0 la s\u00e9curit\u00e9, de la r\u00e9silience climatique \u00e0 la durabilit\u00e9. Les dirigeants locaux et mondiaux doivent \u00e9galement tenir compte des points de vue et des attentes d'une jeune g\u00e9n\u00e9ration plus soucieuse du climat.<\/p>\n\n\n\n<p>Compte tenu du rythme rapide de l'urbanisation, nous pouvons tirer des enseignements de nos exp\u00e9riences respectives, qu'il s'agisse d'une ville ancienne comme Amman et Guangzhou ou d'une ville nouvellement d\u00e9velopp\u00e9e comme Duba\u00ef. Les villes con\u00e7ues \u00e0 cet effet peuvent co-d\u00e9velopper l'intelligence et l'impact, en tenant compte de l'\u00e9quit\u00e9 entre les g\u00e9n\u00e9rations. L'infrastructure urbaine, la connectivit\u00e9 num\u00e9rique et une plan\u00e8te vivable sont tous des \u00e9l\u00e9ments cruciaux de l'imagination urbaine.<\/p>\n\n\n\n<p>Les dirigeants participants ont contribu\u00e9 au d\u00e9bat en soulignant diff\u00e9rents aspects de l'intelligence, notamment la promotion de l'adaptation et de la r\u00e9silience climatiques, la protection, la promotion et la r\u00e9alisation des droits de l'homme, le renforcement de l'inclusion sociale et la r\u00e9alisation des objectifs de d\u00e9veloppement durable pertinents.<\/p>\n\n\n\n<p>Nous construisons des villes intelligentes pour am\u00e9liorer la vie des citoyens et des communaut\u00e9s. Les dirigeants des collectivit\u00e9s locales et r\u00e9gionales sont les mieux plac\u00e9s pour comprendre les besoins de la population locale et proposer des r\u00e9ponses adapt\u00e9es aux communaut\u00e9s locales - qu'il s'agisse d'une meilleure connectivit\u00e9, d'un plus grand nombre d'espaces verts, d'aliments frais ou d'un acc\u00e8s \u00e0 l'eau et \u00e0 l'assainissement. Les dirigeants des villes intelligentes peuvent utiliser la technologie pour r\u00e9pondre \u00e0 des besoins r\u00e9els.<\/p>\n\n\n\n<p>Le GCH a \u00e9t\u00e9 heureux de faciliter une discussion fructueuse entre les dirigeants d'organisations internationales, de r\u00e9seaux de villes et de villes de diff\u00e9rentes r\u00e9gions. Il est essentiel d'inclure les gouvernements locaux et r\u00e9gionaux dans l'\u00e9laboration des politiques au niveau mondial pour s'assurer que les r\u00e9sultats de ces processus sont ad\u00e9quats et applicables sur le terrain. La fourniture de services municipaux gr\u00e2ce aux technologies des villes intelligentes est la derni\u00e8re \u00e9tape de la mise en \u0153uvre des ODD et des droits de l'homme.<\/p>\n\n\n\n<p><strong>Merci \u00e0 nos grands orateurs d'avoir partag\u00e9 leur sagesse et leurs conseils :<\/strong><\/p>\n\n\n\n<ul class=\"wp-block-list\">\n<li>Thomas Lamanauskas, Secr\u00e9taire g\u00e9n\u00e9ral adjoint, UIT<\/li>\n\n\n\n<li>Johan Stander, directeur principal du d\u00e9partement des services, OMM<\/li>\n\n\n\n<li>Yousef Al Shawarbeh, maire d'Amman (Jordanie)<\/li>\n\n\n\n<li>Jeong-kee Kim, Secr\u00e9taire g\u00e9n\u00e9ral, WeGO, S\u00e9oul (R\u00e9publique de Cor\u00e9e)<\/li>\n\n\n\n<li>Nadia Verjee, directrice ex\u00e9cutive, Expo City Dubai (EAU)<\/li>\n\n\n\n<li>Nicholas You, directeur ex\u00e9cutif, Institut d'innovation urbaine de Guangzhou (Chine)<\/li>\n<\/ul>\n\n\n\n<p>Le 9 juillet, le GCH a co-organis\u00e9 le segment \"AI &amp; virtual worlds : Building the cities and governments of tomorrow\" du sommet AI for Good. Ce segment de haut niveau a r\u00e9uni des maires, des ministres, des hauts fonctionnaires, des repr\u00e9sentants des Nations unies et d'autres dirigeants mondiaux pour examiner comment les mondes virtuels aliment\u00e9s par l'IA et la Citiverse red\u00e9finissent l'avenir des villes et des pays.<\/p>\n\n\n\n<p>Les intervenants ont fait part des strat\u00e9gies nationales et locales, des priorit\u00e9s politiques et des efforts de collaboration visant \u00e0 mettre l'innovation num\u00e9rique au service du bien public - en favorisant des soci\u00e9t\u00e9s inclusives, s\u00fbres et durables, conform\u00e9ment au Pacte pour l'avenir et au Pacte mondial pour le num\u00e9rique. L'inclusion et la dignit\u00e9 humaine ont \u00e9t\u00e9 soulign\u00e9es comme des pierres angulaires de tout progr\u00e8s num\u00e9rique.<\/p>\n\n\n\n<p>La session consacr\u00e9e \u00e0 \"Citiverse : Les mondes virtuels aliment\u00e9s par l'IA pour des villes r\u00e9silientes, intelligentes et inclusives\" a pr\u00e9sent\u00e9 le point de vue des collectivit\u00e9s territoriales, avec notamment la r\u00e9gion de Catalogne (Espagne) et la ville d'\u00c9vian (France). Le citiverse peut \u00eatre consid\u00e9r\u00e9 comme une r\u00e9volution dans la mani\u00e8re dont les collectivit\u00e9s territoriales fournissent des services \u00e0 leurs citoyens, en s'assurant que tout le monde y a acc\u00e8s et peut se le permettre.<\/p>\n\n\n\n<p>Les intervenants ont expliqu\u00e9 comment les solutions num\u00e9riques et la citiverse peuvent transformer la fa\u00e7on dont les villes planifient, op\u00e8rent et s'engagent avec leurs habitants. En int\u00e9grant l'IA, les jumeaux num\u00e9riques et les environnements virtuels immersifs, les dirigeants urbains peuvent am\u00e9liorer la prise de d\u00e9cision en temps r\u00e9el, optimiser les infrastructures et construire des villes plus r\u00e9silientes, inclusives et efficaces. Des solutions d'IA peuvent \u00eatre d\u00e9velopp\u00e9es et d\u00e9ploy\u00e9es pour des probl\u00e8mes quotidiens, tels que les fuites dans les r\u00e9seaux d'eau, la gestion des b\u00e2timents connect\u00e9s, l'acc\u00e8s \u00e0 distance aux services municipaux, etc.<\/p>\n\n\n\n<p>Pour garantir un acc\u00e8s \u00e9quitable, il faut des normes et des cadres politiques solides qui puissent \u00eatre adapt\u00e9s aux r\u00e9alit\u00e9s locales et appliqu\u00e9s de mani\u00e8re ad\u00e9quate.<\/p>\n\n\n\n<p><strong>Nous remercions tous les intervenants pour leurs contributions pertinentes :<\/strong><\/p>\n\n\n\n<ul class=\"wp-block-list\">\n<li>Maria Galindo Garcia-Delgado, secr\u00e9taire aux politiques num\u00e9riques, gouvernement de Catalogne<\/li>\n\n\n\n<li>Lise Nicoud, adjointe au maire d'Evian (France)<\/li>\n\n\n\n<li>Okan Geray, conseiller en planification strat\u00e9gique, Digital Dubai<\/li>\n\n\n\n<li>Jeong-kee Kim, Secr\u00e9taire g\u00e9n\u00e9ral, WeGO, S\u00e9oul (R\u00e9publique de Cor\u00e9e)<\/li>\n\n\n\n<li>Pilar Orero, professeur \u00e0 l'Universitat Autonoma de Barcelona (Espagne)<\/li>\n\n\n\n<li>Martin Brynskov, directeur fondateur de l'OASC<\/li>\n<\/ul>\n\n\n\n<p>Le GCH est impatient de poursuivre la discussion multipartite, y compris avec les GRL, sur ces questions importantes. Nous attendons avec impatience les prochaines \u00e9ditions de la \"Journ\u00e9e de l'IA et des mondes virtuels\" en mai 2026, ainsi que le \"Smart City Leaders Talk\" et le \"AI for Good Summit\" en juillet 2026 \u00e0 Gen\u00e8ve. Au plaisir de vous y voir !<\/p>","protected":false},"excerpt":{"rendered":"<p>Le GCH, en coop\u00e9ration avec WeGo et l'UIT, a organis\u00e9 le d\u00e9bat des dirigeants des villes intelligentes sur le th\u00e8me \"Des villes intelligentes s\u00fbres et la frustration climatique\". Il s'agit d'un sujet tr\u00e8s important car une approche de la ville intelligente centr\u00e9e sur les personnes signifie trouver des r\u00e9ponses aux besoins des personnes - et un avenir urbain durable et respectueux du climat est clairement l'un d'entre eux.<\/p>","protected":false},"author":1,"featured_media":24807,"comment_status":"closed","ping_status":"0","sticky":false,"template":"","format":"standard","meta":{"_monsterinsights_skip_tracking":false,"_monsterinsights_sitenote_active":false,"_monsterinsights_sitenote_note":"","_monsterinsights_sitenote_category":0,"footnotes":""},"categories":[1],"tags":[199,465,194,488,351,196,334,208,212,433],"class_list":["post-24834","post","type-post","status-publish","format-standard","has-post-thumbnail","hentry","category-news","tag-cities","tag-climate-change","tag-digital","tag-digitalization","tag-disaster-risk-reduction","tag-multilateralism","tag-regions","tag-smart-cities","tag-smart-city","tag-sustainability"],"yoast_head":"<!-- This site is optimized with the Yoast SEO plugin v27.5 - https:\/\/yoast.com\/product\/yoast-seo-wordpress\/ -->\n<title>From Smart Cities to Citiverse the voice of city leaders count - Global Cities Hub<\/title>\n<meta name=\"robots\" content=\"index, follow, max-snippet:-1, max-image-preview:large, max-video-preview:-1\" \/>\n<link rel=\"canonical\" href=\"https:\/\/globalcitieshub.org\/fr\/from-smart-cities-to-citiverse-the-voice-of-city-leaders-count\/\" \/>\n<meta property=\"og:locale\" content=\"fr_FR\" \/>\n<meta property=\"og:type\" content=\"article\" \/>\n<meta property=\"og:title\" content=\"From Smart Cities to Citiverse the voice of city leaders count - Global Cities Hub\" \/>\n<meta property=\"og:description\" content=\"The GCH in cooperation with WeGo and ITU organized the Smart City Leaders\u2019 Talk on \u201cSafe smart cities and climate frustration\u201d. This is a highly important topic because a people-centered smart city approach means finding answers to peoples\u2019 needs \u2013 and a climate conscious sustainable urban future is clearly one of them.\" \/>\n<meta property=\"og:url\" content=\"https:\/\/globalcitieshub.org\/fr\/from-smart-cities-to-citiverse-the-voice-of-city-leaders-count\/\" \/>\n<meta property=\"og:site_name\" content=\"Global Cities Hub\" \/>\n<meta property=\"article:published_time\" content=\"2025-07-08T11:46:14+00:00\" \/>\n<meta property=\"article:modified_time\" content=\"2025-08-22T09:24:15+00:00\" \/>\n<meta property=\"og:image\" content=\"https:\/\/globalcitieshub.org\/wp-content\/uploads\/2025\/07\/Vignettes-News-4-1.png\" \/>\n\t<meta property=\"og:image:width\" content=\"786\" \/>\n\t<meta property=\"og:image:height\" content=\"524\" \/>\n\t<meta property=\"og:image:type\" content=\"image\/png\" \/>\n<meta name=\"author\" content=\"root_new\" \/>\n<meta name=\"twitter:card\" content=\"summary_large_image\" \/>\n<meta name=\"twitter:creator\" content=\"@genevacitieshub\" \/>\n<meta name=\"twitter:site\" content=\"@genevacitieshub\" \/>\n<meta name=\"twitter:label1\" content=\"\u00c9crit par\" \/>\n\t<meta name=\"twitter:data1\" content=\"root_new\" \/>\n\t<meta name=\"twitter:label2\" content=\"Dur\u00e9e de lecture estim\u00e9e\" \/>\n\t<meta name=\"twitter:data2\" content=\"5 minutes\" \/>\n<script type=\"application\/ld+json\" class=\"yoast-schema-graph\">{\"@context\":\"https:\\\/\\\/schema.org\",\"@graph\":[{\"@type\":\"Article\",\"@id\":\"https:\\\/\\\/globalcitieshub.org\\\/fr\\\/from-smart-cities-to-citiverse-the-voice-of-city-leaders-count\\\/#article\",\"isPartOf\":{\"@id\":\"https:\\\/\\\/globalcitieshub.org\\\/fr\\\/from-smart-cities-to-citiverse-the-voice-of-city-leaders-count\\\/\"},\"author\":{\"name\":\"root_new\",\"@id\":\"https:\\\/\\\/globalcitieshub.org\\\/fr\\\/#\\\/schema\\\/person\\\/507d9e6bfa91593e51e4b24f8c3efc42\"},\"headline\":\"From Smart Cities to Citiverse the voice of city leaders count\",\"datePublished\":\"2025-07-08T11:46:14+00:00\",\"dateModified\":\"2025-08-22T09:24:15+00:00\",\"mainEntityOfPage\":{\"@id\":\"https:\\\/\\\/globalcitieshub.org\\\/fr\\\/from-smart-cities-to-citiverse-the-voice-of-city-leaders-count\\\/\"},\"wordCount\":934,\"publisher\":{\"@id\":\"https:\\\/\\\/globalcitieshub.org\\\/fr\\\/#organization\"},\"image\":{\"@id\":\"https:\\\/\\\/globalcitieshub.org\\\/fr\\\/from-smart-cities-to-citiverse-the-voice-of-city-leaders-count\\\/#primaryimage\"},\"thumbnailUrl\":\"https:\\\/\\\/globalcitieshub.org\\\/wp-content\\\/uploads\\\/2025\\\/07\\\/Vignettes-News-4-1.png\",\"keywords\":[\"cities\",\"climate change\",\"digital\",\"digitalization\",\"disaster risk reduction\",\"multilateralism\",\"regions\",\"smart cities\",\"smart city\",\"sustainability\"],\"articleSection\":[\"News\"],\"inLanguage\":\"fr-FR\"},{\"@type\":\"WebPage\",\"@id\":\"https:\\\/\\\/globalcitieshub.org\\\/fr\\\/from-smart-cities-to-citiverse-the-voice-of-city-leaders-count\\\/\",\"url\":\"https:\\\/\\\/globalcitieshub.org\\\/fr\\\/from-smart-cities-to-citiverse-the-voice-of-city-leaders-count\\\/\",\"name\":\"From Smart Cities to Citiverse the voice of city leaders count - Global Cities Hub\",\"isPartOf\":{\"@id\":\"https:\\\/\\\/globalcitieshub.org\\\/fr\\\/#website\"},\"primaryImageOfPage\":{\"@id\":\"https:\\\/\\\/globalcitieshub.org\\\/fr\\\/from-smart-cities-to-citiverse-the-voice-of-city-leaders-count\\\/#primaryimage\"},\"image\":{\"@id\":\"https:\\\/\\\/globalcitieshub.org\\\/fr\\\/from-smart-cities-to-citiverse-the-voice-of-city-leaders-count\\\/#primaryimage\"},\"thumbnailUrl\":\"https:\\\/\\\/globalcitieshub.org\\\/wp-content\\\/uploads\\\/2025\\\/07\\\/Vignettes-News-4-1.png\",\"datePublished\":\"2025-07-08T11:46:14+00:00\",\"dateModified\":\"2025-08-22T09:24:15+00:00\",\"inLanguage\":\"fr-FR\",\"potentialAction\":[{\"@type\":\"ReadAction\",\"target\":[\"https:\\\/\\\/globalcitieshub.org\\\/fr\\\/from-smart-cities-to-citiverse-the-voice-of-city-leaders-count\\\/\"]}]},{\"@type\":\"ImageObject\",\"inLanguage\":\"fr-FR\",\"@id\":\"https:\\\/\\\/globalcitieshub.org\\\/fr\\\/from-smart-cities-to-citiverse-the-voice-of-city-leaders-count\\\/#primaryimage\",\"url\":\"https:\\\/\\\/globalcitieshub.org\\\/wp-content\\\/uploads\\\/2025\\\/07\\\/Vignettes-News-4-1.png\",\"contentUrl\":\"https:\\\/\\\/globalcitieshub.org\\\/wp-content\\\/uploads\\\/2025\\\/07\\\/Vignettes-News-4-1.png\",\"width\":786,\"height\":524},{\"@type\":\"WebSite\",\"@id\":\"https:\\\/\\\/globalcitieshub.org\\\/fr\\\/#website\",\"url\":\"https:\\\/\\\/globalcitieshub.org\\\/fr\\\/\",\"name\":\"Global Cities Hub\",\"description\":\"Connecting local and regional governments to the United Nations and other  international organizations\",\"publisher\":{\"@id\":\"https:\\\/\\\/globalcitieshub.org\\\/fr\\\/#organization\"},\"potentialAction\":[{\"@type\":\"SearchAction\",\"target\":{\"@type\":\"EntryPoint\",\"urlTemplate\":\"https:\\\/\\\/globalcitieshub.org\\\/fr\\\/?s={search_term_string}\"},\"query-input\":{\"@type\":\"PropertyValueSpecification\",\"valueRequired\":true,\"valueName\":\"search_term_string\"}}],\"inLanguage\":\"fr-FR\"},{\"@type\":\"Organization\",\"@id\":\"https:\\\/\\\/globalcitieshub.org\\\/fr\\\/#organization\",\"name\":\"Global Cities Hub\",\"url\":\"https:\\\/\\\/globalcitieshub.org\\\/fr\\\/\",\"logo\":{\"@type\":\"ImageObject\",\"inLanguage\":\"fr-FR\",\"@id\":\"https:\\\/\\\/globalcitieshub.org\\\/fr\\\/#\\\/schema\\\/logo\\\/image\\\/\",\"url\":\"https:\\\/\\\/globalcitieshub.org\\\/wp-content\\\/uploads\\\/2023\\\/09\\\/230829_Logo_Global_Cities_Hub_Couleur_fond-blanc_RVB.png\",\"contentUrl\":\"https:\\\/\\\/globalcitieshub.org\\\/wp-content\\\/uploads\\\/2023\\\/09\\\/230829_Logo_Global_Cities_Hub_Couleur_fond-blanc_RVB.png\",\"width\":2544,\"height\":1446,\"caption\":\"Global Cities Hub\"},\"image\":{\"@id\":\"https:\\\/\\\/globalcitieshub.org\\\/fr\\\/#\\\/schema\\\/logo\\\/image\\\/\"},\"sameAs\":[\"https:\\\/\\\/x.com\\\/genevacitieshub\"]},{\"@type\":\"Person\",\"@id\":\"https:\\\/\\\/globalcitieshub.org\\\/fr\\\/#\\\/schema\\\/person\\\/507d9e6bfa91593e51e4b24f8c3efc42\",\"name\":\"root_new\",\"image\":{\"@type\":\"ImageObject\",\"inLanguage\":\"fr-FR\",\"@id\":\"https:\\\/\\\/globalcitieshub.org\\\/wp-content\\\/plugins\\\/townhub-add-ons\\\/assets\\\/images\\\/avatar.jpg\",\"url\":\"https:\\\/\\\/globalcitieshub.org\\\/wp-content\\\/plugins\\\/townhub-add-ons\\\/assets\\\/images\\\/avatar.jpg\",\"contentUrl\":\"https:\\\/\\\/globalcitieshub.org\\\/wp-content\\\/plugins\\\/townhub-add-ons\\\/assets\\\/images\\\/avatar.jpg\",\"caption\":\"root_new\"},\"sameAs\":[\"http:\\\/\\\/gch.dev-bulbera.com\"],\"url\":\"https:\\\/\\\/globalcitieshub.org\\\/fr\\\/author\\\/root_new\\\/\"}]}<\/script>\n<!-- \/ Yoast SEO plugin. -->","yoast_head_json":{"title":"De Smart Cities \u00e0 Citiverse, la voix des dirigeants municipaux compte - Global Cities Hub","robots":{"index":"index","follow":"follow","max-snippet":"max-snippet:-1","max-image-preview":"max-image-preview:large","max-video-preview":"max-video-preview:-1"},"canonical":"https:\/\/globalcitieshub.org\/fr\/from-smart-cities-to-citiverse-the-voice-of-city-leaders-count\/","og_locale":"fr_FR","og_type":"article","og_title":"From Smart Cities to Citiverse the voice of city leaders count - Global Cities Hub","og_description":"The GCH in cooperation with WeGo and ITU organized the Smart City Leaders\u2019 Talk on \u201cSafe smart cities and climate frustration\u201d. This is a highly important topic because a people-centered smart city approach means finding answers to peoples\u2019 needs \u2013 and a climate conscious sustainable urban future is clearly one of them.","og_url":"https:\/\/globalcitieshub.org\/fr\/from-smart-cities-to-citiverse-the-voice-of-city-leaders-count\/","og_site_name":"Global Cities Hub","article_published_time":"2025-07-08T11:46:14+00:00","article_modified_time":"2025-08-22T09:24:15+00:00","og_image":[{"width":786,"height":524,"url":"https:\/\/globalcitieshub.org\/wp-content\/uploads\/2025\/07\/Vignettes-News-4-1.png","type":"image\/png"}],"author":"root_new","twitter_card":"summary_large_image","twitter_creator":"@genevacitieshub","twitter_site":"@genevacitieshub","twitter_misc":{"\u00c9crit par":"root_new","Dur\u00e9e de lecture estim\u00e9e":"5 minutes"},"schema":{"@context":"https:\/\/schema.org","@graph":[{"@type":"Article","@id":"https:\/\/globalcitieshub.org\/fr\/from-smart-cities-to-citiverse-the-voice-of-city-leaders-count\/#article","isPartOf":{"@id":"https:\/\/globalcitieshub.org\/fr\/from-smart-cities-to-citiverse-the-voice-of-city-leaders-count\/"},"author":{"name":"root_new","@id":"https:\/\/globalcitieshub.org\/fr\/#\/schema\/person\/507d9e6bfa91593e51e4b24f8c3efc42"},"headline":"From Smart Cities to Citiverse the voice of city leaders count","datePublished":"2025-07-08T11:46:14+00:00","dateModified":"2025-08-22T09:24:15+00:00","mainEntityOfPage":{"@id":"https:\/\/globalcitieshub.org\/fr\/from-smart-cities-to-citiverse-the-voice-of-city-leaders-count\/"},"wordCount":934,"publisher":{"@id":"https:\/\/globalcitieshub.org\/fr\/#organization"},"image":{"@id":"https:\/\/globalcitieshub.org\/fr\/from-smart-cities-to-citiverse-the-voice-of-city-leaders-count\/#primaryimage"},"thumbnailUrl":"https:\/\/globalcitieshub.org\/wp-content\/uploads\/2025\/07\/Vignettes-News-4-1.png","keywords":["cities","climate change","digital","digitalization","disaster risk reduction","multilateralism","regions","smart cities","smart city","sustainability"],"articleSection":["News"],"inLanguage":"fr-FR"},{"@type":"WebPage","@id":"https:\/\/globalcitieshub.org\/fr\/from-smart-cities-to-citiverse-the-voice-of-city-leaders-count\/","url":"https:\/\/globalcitieshub.org\/fr\/from-smart-cities-to-citiverse-the-voice-of-city-leaders-count\/","name":"De Smart Cities \u00e0 Citiverse, la voix des dirigeants municipaux compte - Global Cities Hub","isPartOf":{"@id":"https:\/\/globalcitieshub.org\/fr\/#website"},"primaryImageOfPage":{"@id":"https:\/\/globalcitieshub.org\/fr\/from-smart-cities-to-citiverse-the-voice-of-city-leaders-count\/#primaryimage"},"image":{"@id":"https:\/\/globalcitieshub.org\/fr\/from-smart-cities-to-citiverse-the-voice-of-city-leaders-count\/#primaryimage"},"thumbnailUrl":"https:\/\/globalcitieshub.org\/wp-content\/uploads\/2025\/07\/Vignettes-News-4-1.png","datePublished":"2025-07-08T11:46:14+00:00","dateModified":"2025-08-22T09:24:15+00:00","inLanguage":"fr-FR","potentialAction":[{"@type":"ReadAction","target":["https:\/\/globalcitieshub.org\/fr\/from-smart-cities-to-citiverse-the-voice-of-city-leaders-count\/"]}]},{"@type":"ImageObject","inLanguage":"fr-FR","@id":"https:\/\/globalcitieshub.org\/fr\/from-smart-cities-to-citiverse-the-voice-of-city-leaders-count\/#primaryimage","url":"https:\/\/globalcitieshub.org\/wp-content\/uploads\/2025\/07\/Vignettes-News-4-1.png","contentUrl":"https:\/\/globalcitieshub.org\/wp-content\/uploads\/2025\/07\/Vignettes-News-4-1.png","width":786,"height":524},{"@type":"WebSite","@id":"https:\/\/globalcitieshub.org\/fr\/#website","url":"https:\/\/globalcitieshub.org\/fr\/","name":"Global Cities Hub","description":"Relier les gouvernements locaux et r\u00e9gionaux aux Nations unies et \u00e0 d'autres organisations internationales","publisher":{"@id":"https:\/\/globalcitieshub.org\/fr\/#organization"},"potentialAction":[{"@type":"SearchAction","target":{"@type":"EntryPoint","urlTemplate":"https:\/\/globalcitieshub.org\/fr\/?s={search_term_string}"},"query-input":{"@type":"PropertyValueSpecification","valueRequired":true,"valueName":"search_term_string"}}],"inLanguage":"fr-FR"},{"@type":"Organization","@id":"https:\/\/globalcitieshub.org\/fr\/#organization","name":"Global Cities Hub","url":"https:\/\/globalcitieshub.org\/fr\/","logo":{"@type":"ImageObject","inLanguage":"fr-FR","@id":"https:\/\/globalcitieshub.org\/fr\/#\/schema\/logo\/image\/","url":"https:\/\/globalcitieshub.org\/wp-content\/uploads\/2023\/09\/230829_Logo_Global_Cities_Hub_Couleur_fond-blanc_RVB.png","contentUrl":"https:\/\/globalcitieshub.org\/wp-content\/uploads\/2023\/09\/230829_Logo_Global_Cities_Hub_Couleur_fond-blanc_RVB.png","width":2544,"height":1446,"caption":"Global Cities Hub"},"image":{"@id":"https:\/\/globalcitieshub.org\/fr\/#\/schema\/logo\/image\/"},"sameAs":["https:\/\/x.com\/genevacitieshub"]},{"@type":"Person","@id":"https:\/\/globalcitieshub.org\/fr\/#\/schema\/person\/507d9e6bfa91593e51e4b24f8c3efc42","name":"racine_nouveau","image":{"@type":"ImageObject","inLanguage":"fr-FR","@id":"https:\/\/globalcitieshub.org\/wp-content\/plugins\/townhub-add-ons\/assets\/images\/avatar.jpg","url":"https:\/\/globalcitieshub.org\/wp-content\/plugins\/townhub-add-ons\/assets\/images\/avatar.jpg","contentUrl":"https:\/\/globalcitieshub.org\/wp-content\/plugins\/townhub-add-ons\/assets\/images\/avatar.jpg","caption":"root_new"},"sameAs":["http:\/\/gch.dev-bulbera.com"],"url":"https:\/\/globalcitieshub.org\/fr\/author\/root_new\/"}]}},"_links":{"self":[{"href":"https:\/\/globalcitieshub.org\/fr\/wp-json\/wp\/v2\/posts\/24834","targetHints":{"allow":["GET"]}}],"collection":[{"href":"https:\/\/globalcitieshub.org\/fr\/wp-json\/wp\/v2\/posts"}],"about":[{"href":"https:\/\/globalcitieshub.org\/fr\/wp-json\/wp\/v2\/types\/post"}],"author":[{"embeddable":true,"href":"https:\/\/globalcitieshub.org\/fr\/wp-json\/wp\/v2\/users\/1"}],"replies":[{"embeddable":true,"href":"https:\/\/globalcitieshub.org\/fr\/wp-json\/wp\/v2\/comments?post=24834"}],"version-history":[{"count":2,"href":"https:\/\/globalcitieshub.org\/fr\/wp-json\/wp\/v2\/posts\/24834\/revisions"}],"predecessor-version":[{"id":24922,"href":"https:\/\/globalcitieshub.org\/fr\/wp-json\/wp\/v2\/posts\/24834\/revisions\/24922"}],"wp:featuredmedia":[{"embeddable":true,"href":"https:\/\/globalcitieshub.org\/fr\/wp-json\/wp\/v2\/media\/24807"}],"wp:attachment":[{"href":"https:\/\/globalcitieshub.org\/fr\/wp-json\/wp\/v2\/media?parent=24834"}],"wp:term":[{"taxonomy":"category","embeddable":true,"href":"https:\/\/globalcitieshub.org\/fr\/wp-json\/wp\/v2\/categories?post=24834"},{"taxonomy":"post_tag","embeddable":true,"href":"https:\/\/globalcitieshub.org\/fr\/wp-json\/wp\/v2\/tags?post=24834"}],"curies":[{"name":"wp","href":"https:\/\/api.w.org\/{rel}","templated":true}]}}