{"id":21873,"date":"2024-10-31T15:30:49","date_gmt":"2024-10-31T14:30:49","guid":{"rendered":"https:\/\/globalcitieshub.org\/?p=21873"},"modified":"2025-03-05T12:45:02","modified_gmt":"2025-03-05T11:45:02","slug":"good-morning-mayor-here-is-what-will-most-probably-happen-in-the-city-today","status":"publish","type":"post","link":"https:\/\/globalcitieshub.org\/fr\/good-morning-mayor-here-is-what-will-most-probably-happen-in-the-city-today\/","title":{"rendered":"Bonjour, Monsieur le Maire, voici ce qui va probablement se passer dans la ville aujourd'hui"},"content":{"rendered":"<p>\u00c0 l'occasion de la Journ\u00e9e mondiale des villes, le Global Cities Hub a \u00e9t\u00e9 ravi de coop\u00e9rer avec l'UIT pour organiser le webinaire \"Celebrating World Cities Day and Shaping Urban Futures\" qui a contribu\u00e9 \u00e0 promouvoir le concept de villes intelligentes ax\u00e9es sur les personnes.<\/p>\n\n\n\n<p><\/p>\n\n\n\n<p>Les intervenants ont convenu que les villes intelligentes devraient donner la priorit\u00e9 au bien-\u00eatre et aux besoins de leurs habitants, et que les dirigeants des villes intelligentes devraient donc choisir la bonne technologie pour la bonne mission. Bien qu'il soit difficile de continuer \u00e0 se concentrer sur les gens et de r\u00e9sister au chant des sir\u00e8nes de la technologie, nous devons trouver une ad\u00e9quation judicieuse entre les offres de la technologie et les besoins r\u00e9els des citoyens. C'est la seule fa\u00e7on d'avancer avec succ\u00e8s et de mani\u00e8re durable.<\/p>\n\n\n\n<p><\/p>\n\n\n\n<p>La discussion a montr\u00e9 qu'il est important de comprendre la complexit\u00e9 et les diff\u00e9rents niveaux de l'intelligence : <strong>les personnes<\/strong>, <strong>\u00e9conomie<\/strong>, <strong>l'infrastructure<\/strong>et <strong>gouvernance<\/strong>.<\/p>\n\n\n\n<figure class=\"wp-block-image size-large\"><img fetchpriority=\"high\" decoding=\"async\" width=\"1024\" height=\"578\" src=\"https:\/\/globalcitieshub.org\/wp-content\/uploads\/2024\/11\/Picture1-1024x578.png\" alt=\"\" class=\"wp-image-21876\"\/><\/figure>\n\n\n\n<p>Une excellente s\u00e9rie d'orateurs a pr\u00e9sent\u00e9 des exemples de bonnes pratiques en mati\u00e8re de d\u00e9veloppement de fonctions et de syst\u00e8mes de villes intelligentes afin d'aider les gouvernements locaux \u00e0 \u00eatre plus efficaces, d'offrir aux citoyens la possibilit\u00e9 d'interagir avec l'administration de la ville et de servir la communaut\u00e9 locale en fournissant de meilleurs services.<\/p>\n\n\n\n<p><\/p>\n\n\n\n<p>Dans ses remarques pr\u00e9liminaires, GCH a soulign\u00e9 que les syst\u00e8mes et les services devraient \u00eatre con\u00e7us en fonction des besoins des utilisateurs au niveau local, car les gens obtiennent g\u00e9n\u00e9ralement la plupart de leurs services au niveau local. Les discussions avec les OI devraient permettre de trouver un \u00e9quilibre entre les processus ax\u00e9s sur la technologie et les approches centr\u00e9es sur les personnes.<\/p>\n\n\n\n<p><\/p>\n\n\n\n<p>Les organisations internationales devraient prendre leur juste part dans l'identification et la promotion des meilleures pratiques. Lorsque des r\u00e9glementations internationales sont cr\u00e9\u00e9es, les GRL doivent \u00eatre officiellement consult\u00e9s sur les politiques, et l'expertise des personnes charg\u00e9es de la prestation des services publics doit \u00eatre prise en compte. Un cadre fond\u00e9 sur les droits de l'homme est un outil utile pour att\u00e9nuer les risques tout en faisant progresser le d\u00e9veloppement d'une ville intelligente qui ne laisse personne de c\u00f4t\u00e9.<\/p>\n\n\n\n<p><\/p>\n\n\n\n<p><strong>Directeur Seizo Onoe<\/strong> de l'UIT, a donn\u00e9 le ton en expliquant que la transformation num\u00e9rique est cruciale pour le d\u00e9veloppement urbain durable. Nous devons prendre des d\u00e9cisions \u00e9clair\u00e9es aujourd'hui pour am\u00e9liorer la prestation de services de demain.<\/p>\n\n\n\n<p><\/p>\n\n\n\n<p><strong>Dr. Okan Geray<\/strong>pr\u00e9sident du comit\u00e9 U4SSC de l'UIT, a soulign\u00e9 le r\u00f4le essentiel que jouent les villes dans le fa\u00e7onnement de l'avenir de notre plan\u00e8te. Il nous a rappel\u00e9 que l'intelligence, la durabilit\u00e9, l'inclusion et la r\u00e9silience devaient \u00eatre trait\u00e9es de mani\u00e8re holistique pour permettre aux g\u00e9n\u00e9rations futures de prosp\u00e9rer dans les environnements urbains.<\/p>\n\n\n\n<p><\/p>\n\n\n\n<p><strong>Maire Ivica Puljak<\/strong> a pr\u00e9sent\u00e9 une vari\u00e9t\u00e9 de solutions intelligentes pour g\u00e9rer la ville de Split plus efficacement et pour fournir une interface num\u00e9rique conviviale permettant aux citoyens d'interagir avec l'administration de la ville. De l'application municipale locale au potentiel solaire du toit de chaque b\u00e2timent, de l'un des plus grands syst\u00e8mes europ\u00e9ens de partage de v\u00e9los aux donn\u00e9es sur le couvert v\u00e9g\u00e9tal, ces outils permettent d'appr\u00e9hender le d\u00e9veloppement de la ville d'une mani\u00e8re holistique et fond\u00e9e sur des donn\u00e9es. Il peut imaginer une ville intelligente qui pr\u00e9dit chaque matin - sur la base de donn\u00e9es ant\u00e9rieures et d'informations en temps r\u00e9el - ce qui se passera probablement dans la ville ce jour-l\u00e0.<\/p>\n\n\n\n<p><\/p>\n\n\n\n<p><strong>Alexandre Bosshard<\/strong> a partag\u00e9 avec le public un outil sp\u00e9cial de gestion des politiques de Pully, bas\u00e9 sur les KPI de l'U4SSC de l'UIT. Le Centre de comp\u00e9tences en gestion de projets aide les politiciens \u00e0 mettre en \u0153uvre le programme l\u00e9gislatif pour la p\u00e9riode de 5 ans et aide les citoyens \u00e0 suivre les processus de mise en \u0153uvre des projets dans les diff\u00e9rents domaines. Plusieurs des 185 projets en cours concernent l'acc\u00e8s \u00e0 l'eau et \u00e0 l'assainissement. Les indicateurs de performance cl\u00e9s disponibles publiquement sont des outils pr\u00e9cieux pour mesurer les progr\u00e8s et aider \u00e0 la prise de d\u00e9cision future.<\/p>\n\n\n\n<p><\/p>\n\n\n\n<p><strong>Directeur Teppo Rantanen<\/strong> a soulign\u00e9 l'importance de trouver la bonne combinaison d'utilisation des donn\u00e9es et de l'IA d'une part, et de cr\u00e9er la structure de gouvernance n\u00e9cessaire pour prot\u00e9ger les utilisateurs afin de construire une ville intelligente sans fracture num\u00e9rique. Le gouvernement local de Tampere fournit de nombreuses donn\u00e9es historiques ouvertes et pr\u00e9dit \u00e9galement les flux avec une pr\u00e9cision de 90%, ce qui constitue un ensemble d'informations pr\u00e9cieuses pour les r\u00e9sidents, les entreprises locales et les autorit\u00e9s comp\u00e9tentes. Les entreprises peuvent ainsi d\u00e9velopper leurs services et les forces de l'ordre assurer la s\u00e9curit\u00e9 des rues. Les possibilit\u00e9s sont infinies.<\/p>\n\n\n\n<p><\/p>\n\n\n\n<p><strong>Cristina Bueti<\/strong>Le point focal de l'UIT sur les villes intelligentes et durables a pr\u00e9sent\u00e9 les travaux r\u00e9glementaires et les collaborations de l'UIT. Nous devons veiller \u00e0 ce que la technologie num\u00e9rique devienne accessible \u00e0 tous et utile \u00e0 la communaut\u00e9, sans cr\u00e9er de nouvelles fractures sociales. Les aspects de durabilit\u00e9 et l'impact sur l'environnement ne peuvent \u00eatre n\u00e9glig\u00e9s. Les organisations internationales concern\u00e9es, notamment l'UIT, veillent tout particuli\u00e8rement \u00e0 garder ces aspects \u00e0 l'esprit et \u00e0 inclure les GLR dans le processus d'\u00e9laboration des normes internes des villes intelligentes ax\u00e9es sur les personnes. R\u00e9pondant aux questions, elle a \u00e9galement \u00e9num\u00e9r\u00e9 plusieurs outils de renforcement des capacit\u00e9s que l'UIT met \u00e0 la disposition de diff\u00e9rents groupes de parties prenantes.<\/p>\n\n\n\n<p><\/p>\n\n\n\n<p>Conclusion du webinaire <strong>Wendy Teresa Goico Campagna<\/strong>M. Kristall, conseiller de la mission permanente de la R\u00e9publique dominicaine et vice-pr\u00e9sident de l'U4SSC, a rappel\u00e9 comment les approches innovantes pr\u00e9sent\u00e9es par les orateurs peuvent transformer les espaces urbains en environnements prosp\u00e8res. Nos villes sont des \u00e9cosyst\u00e8mes vivants qui requi\u00e8rent notre attention et nos soins. L'avenir de nos villes et de nos communaut\u00e9s d\u00e9pend de nos efforts et de nos engagements collectifs.<\/p>\n\n\n\n<p><\/p>\n\n\n\n<p>Le GCH a organis\u00e9 plusieurs \u00e9changes dans le pass\u00e9 avec UN Habitat, le HCDH et surtout avec l'UIT, comme le Smart City Leaders' Talk au d\u00e9but de cette ann\u00e9e. Ce webinaire sur la mani\u00e8re de fa\u00e7onner l'avenir des villes \u00e9tait particuli\u00e8rement int\u00e9ressant car il a d\u00e9clench\u00e9 une discussion sur des solutions concr\u00e8tes avec la participation des trois niveaux de gouvernance : local, national et international.<\/p>\n\n\n\n<p><\/p>\n\n\n\n<p><strong>La GCH est convaincue de la n\u00e9cessit\u00e9 <\/strong>donner plus d'espace aux gouvernements locaux et r\u00e9gionaux en g\u00e9n\u00e9ral et aux leaders des villes intelligentes en particulier pour donner naissance \u00e0 un multilat\u00e9ralisme plus inclusif et \u00e0 un meilleur acc\u00e8s \u00e0 la num\u00e9risation pour tous, partout. Nous sommes persuad\u00e9s qu'ensemble nous pouvons faire une r\u00e9elle diff\u00e9rence.<\/p>\n\n\n\n<p><\/p>\n\n\n\n<h5 class=\"wp-block-heading\"><strong>Vid\u00e9o de l'\u00e9v\u00e9nement (en anglais)<\/strong><\/h5>\n\n\n\n<figure class=\"wp-block-embed is-type-video is-provider-youtube wp-block-embed-youtube wp-embed-aspect-16-9 wp-has-aspect-ratio\"><div class=\"wp-block-embed__wrapper\">\n<iframe title=\"C\u00e9l\u00e9brer la Journ\u00e9e mondiale des villes et fa\u00e7onner l&#039;avenir urbain\" width=\"724\" height=\"407\" src=\"https:\/\/www.youtube.com\/embed\/FhDmzRUNiT4?feature=oembed\" frameborder=\"0\" allow=\"accelerometer; autoplay; clipboard-write; encrypted-media; gyroscope; picture-in-picture; web-share\" referrerpolicy=\"strict-origin-when-cross-origin\" allowfullscreen><\/iframe>\n<\/div><\/figure>","protected":false},"excerpt":{"rendered":"<p>A l'occasion de la Journ\u00e9e mondiale des villes, le Global Cities Hub a \u00e9t\u00e9 ravi de coop\u00e9rer avec l'UIT pour organiser le webinaire \"Celebrating World Cities Day and Shaping Urban Futures\" qui a contribu\u00e9 \u00e0 promouvoir le concept de villes intelligentes orient\u00e9es vers les personnes. Les intervenants ont convenu que les villes intelligentes devraient donner la priorit\u00e9 au bien-\u00eatre et aux besoins de leurs r\u00e9sidents, et que les dirigeants des villes intelligentes devraient donc ... <\/p>","protected":false},"author":1,"featured_media":21869,"comment_status":"closed","ping_status":"0","sticky":false,"template":"","format":"standard","meta":{"_monsterinsights_skip_tracking":false,"_monsterinsights_sitenote_active":false,"_monsterinsights_sitenote_note":"","_monsterinsights_sitenote_category":0,"footnotes":""},"categories":[1],"tags":[],"class_list":["post-21873","post","type-post","status-publish","format-standard","has-post-thumbnail","hentry","category-news"],"yoast_head":"<!-- This site is optimized with the Yoast SEO plugin v27.5 - https:\/\/yoast.com\/product\/yoast-seo-wordpress\/ -->\n<title>Good morning, Mayor, here is what will most probably happen in the city today - Global Cities Hub<\/title>\n<meta name=\"robots\" content=\"index, follow, max-snippet:-1, max-image-preview:large, max-video-preview:-1\" \/>\n<link rel=\"canonical\" href=\"https:\/\/globalcitieshub.org\/fr\/good-morning-mayor-here-is-what-will-most-probably-happen-in-the-city-today\/\" \/>\n<meta property=\"og:locale\" content=\"fr_FR\" \/>\n<meta property=\"og:type\" content=\"article\" \/>\n<meta property=\"og:title\" content=\"Good morning, Mayor, here is what will most probably happen in the city today - Global Cities Hub\" \/>\n<meta property=\"og:description\" content=\"On World Cities Day, the Global Cities Hub was delighted to cooperate with ITU to organize the webinar \u201cCelebrating World Cities Day and Shaping Urban Futures\u201d which contributed to promoting the concept of people-oriented smart cities. Speakers agreed that smart cities should prioritize the well-being and needs of their residents, therefore smart city leaders should &hellip;\" \/>\n<meta property=\"og:url\" content=\"https:\/\/globalcitieshub.org\/fr\/good-morning-mayor-here-is-what-will-most-probably-happen-in-the-city-today\/\" \/>\n<meta property=\"og:site_name\" content=\"Global Cities Hub\" \/>\n<meta property=\"article:published_time\" content=\"2024-10-31T14:30:49+00:00\" \/>\n<meta property=\"article:modified_time\" content=\"2025-03-05T11:45:02+00:00\" \/>\n<meta property=\"og:image\" content=\"https:\/\/globalcitieshub.org\/wp-content\/uploads\/2024\/11\/Vignettes-News.png\" \/>\n\t<meta property=\"og:image:width\" content=\"786\" \/>\n\t<meta property=\"og:image:height\" content=\"524\" \/>\n\t<meta property=\"og:image:type\" content=\"image\/png\" \/>\n<meta name=\"author\" content=\"root_new\" \/>\n<meta name=\"twitter:card\" content=\"summary_large_image\" \/>\n<meta name=\"twitter:creator\" content=\"@genevacitieshub\" \/>\n<meta name=\"twitter:site\" content=\"@genevacitieshub\" \/>\n<meta name=\"twitter:label1\" content=\"\u00c9crit par\" \/>\n\t<meta name=\"twitter:data1\" content=\"root_new\" \/>\n\t<meta name=\"twitter:label2\" content=\"Dur\u00e9e de lecture estim\u00e9e\" \/>\n\t<meta name=\"twitter:data2\" content=\"5 minutes\" \/>\n<script type=\"application\/ld+json\" class=\"yoast-schema-graph\">{\"@context\":\"https:\\\/\\\/schema.org\",\"@graph\":[{\"@type\":\"Article\",\"@id\":\"https:\\\/\\\/globalcitieshub.org\\\/fr\\\/good-morning-mayor-here-is-what-will-most-probably-happen-in-the-city-today\\\/#article\",\"isPartOf\":{\"@id\":\"https:\\\/\\\/globalcitieshub.org\\\/fr\\\/good-morning-mayor-here-is-what-will-most-probably-happen-in-the-city-today\\\/\"},\"author\":{\"name\":\"root_new\",\"@id\":\"https:\\\/\\\/globalcitieshub.org\\\/fr\\\/#\\\/schema\\\/person\\\/507d9e6bfa91593e51e4b24f8c3efc42\"},\"headline\":\"Good morning, Mayor, here is what will most probably happen in the city today\",\"datePublished\":\"2024-10-31T14:30:49+00:00\",\"dateModified\":\"2025-03-05T11:45:02+00:00\",\"mainEntityOfPage\":{\"@id\":\"https:\\\/\\\/globalcitieshub.org\\\/fr\\\/good-morning-mayor-here-is-what-will-most-probably-happen-in-the-city-today\\\/\"},\"wordCount\":920,\"publisher\":{\"@id\":\"https:\\\/\\\/globalcitieshub.org\\\/fr\\\/#organization\"},\"image\":{\"@id\":\"https:\\\/\\\/globalcitieshub.org\\\/fr\\\/good-morning-mayor-here-is-what-will-most-probably-happen-in-the-city-today\\\/#primaryimage\"},\"thumbnailUrl\":\"https:\\\/\\\/globalcitieshub.org\\\/wp-content\\\/uploads\\\/2024\\\/11\\\/Vignettes-News.png\",\"articleSection\":[\"News\"],\"inLanguage\":\"fr-FR\"},{\"@type\":\"WebPage\",\"@id\":\"https:\\\/\\\/globalcitieshub.org\\\/fr\\\/good-morning-mayor-here-is-what-will-most-probably-happen-in-the-city-today\\\/\",\"url\":\"https:\\\/\\\/globalcitieshub.org\\\/fr\\\/good-morning-mayor-here-is-what-will-most-probably-happen-in-the-city-today\\\/\",\"name\":\"Good morning, Mayor, here is what will most probably happen in the city today - Global Cities Hub\",\"isPartOf\":{\"@id\":\"https:\\\/\\\/globalcitieshub.org\\\/fr\\\/#website\"},\"primaryImageOfPage\":{\"@id\":\"https:\\\/\\\/globalcitieshub.org\\\/fr\\\/good-morning-mayor-here-is-what-will-most-probably-happen-in-the-city-today\\\/#primaryimage\"},\"image\":{\"@id\":\"https:\\\/\\\/globalcitieshub.org\\\/fr\\\/good-morning-mayor-here-is-what-will-most-probably-happen-in-the-city-today\\\/#primaryimage\"},\"thumbnailUrl\":\"https:\\\/\\\/globalcitieshub.org\\\/wp-content\\\/uploads\\\/2024\\\/11\\\/Vignettes-News.png\",\"datePublished\":\"2024-10-31T14:30:49+00:00\",\"dateModified\":\"2025-03-05T11:45:02+00:00\",\"inLanguage\":\"fr-FR\",\"potentialAction\":[{\"@type\":\"ReadAction\",\"target\":[\"https:\\\/\\\/globalcitieshub.org\\\/fr\\\/good-morning-mayor-here-is-what-will-most-probably-happen-in-the-city-today\\\/\"]}]},{\"@type\":\"ImageObject\",\"inLanguage\":\"fr-FR\",\"@id\":\"https:\\\/\\\/globalcitieshub.org\\\/fr\\\/good-morning-mayor-here-is-what-will-most-probably-happen-in-the-city-today\\\/#primaryimage\",\"url\":\"https:\\\/\\\/globalcitieshub.org\\\/wp-content\\\/uploads\\\/2024\\\/11\\\/Vignettes-News.png\",\"contentUrl\":\"https:\\\/\\\/globalcitieshub.org\\\/wp-content\\\/uploads\\\/2024\\\/11\\\/Vignettes-News.png\",\"width\":786,\"height\":524},{\"@type\":\"WebSite\",\"@id\":\"https:\\\/\\\/globalcitieshub.org\\\/fr\\\/#website\",\"url\":\"https:\\\/\\\/globalcitieshub.org\\\/fr\\\/\",\"name\":\"Global Cities Hub\",\"description\":\"Connecting local and regional governments to the United Nations and other  international organizations\",\"publisher\":{\"@id\":\"https:\\\/\\\/globalcitieshub.org\\\/fr\\\/#organization\"},\"potentialAction\":[{\"@type\":\"SearchAction\",\"target\":{\"@type\":\"EntryPoint\",\"urlTemplate\":\"https:\\\/\\\/globalcitieshub.org\\\/fr\\\/?s={search_term_string}\"},\"query-input\":{\"@type\":\"PropertyValueSpecification\",\"valueRequired\":true,\"valueName\":\"search_term_string\"}}],\"inLanguage\":\"fr-FR\"},{\"@type\":\"Organization\",\"@id\":\"https:\\\/\\\/globalcitieshub.org\\\/fr\\\/#organization\",\"name\":\"Global Cities Hub\",\"url\":\"https:\\\/\\\/globalcitieshub.org\\\/fr\\\/\",\"logo\":{\"@type\":\"ImageObject\",\"inLanguage\":\"fr-FR\",\"@id\":\"https:\\\/\\\/globalcitieshub.org\\\/fr\\\/#\\\/schema\\\/logo\\\/image\\\/\",\"url\":\"https:\\\/\\\/globalcitieshub.org\\\/wp-content\\\/uploads\\\/2023\\\/09\\\/230829_Logo_Global_Cities_Hub_Couleur_fond-blanc_RVB.png\",\"contentUrl\":\"https:\\\/\\\/globalcitieshub.org\\\/wp-content\\\/uploads\\\/2023\\\/09\\\/230829_Logo_Global_Cities_Hub_Couleur_fond-blanc_RVB.png\",\"width\":2544,\"height\":1446,\"caption\":\"Global Cities Hub\"},\"image\":{\"@id\":\"https:\\\/\\\/globalcitieshub.org\\\/fr\\\/#\\\/schema\\\/logo\\\/image\\\/\"},\"sameAs\":[\"https:\\\/\\\/x.com\\\/genevacitieshub\"]},{\"@type\":\"Person\",\"@id\":\"https:\\\/\\\/globalcitieshub.org\\\/fr\\\/#\\\/schema\\\/person\\\/507d9e6bfa91593e51e4b24f8c3efc42\",\"name\":\"root_new\",\"image\":{\"@type\":\"ImageObject\",\"inLanguage\":\"fr-FR\",\"@id\":\"https:\\\/\\\/globalcitieshub.org\\\/wp-content\\\/plugins\\\/townhub-add-ons\\\/assets\\\/images\\\/avatar.jpg\",\"url\":\"https:\\\/\\\/globalcitieshub.org\\\/wp-content\\\/plugins\\\/townhub-add-ons\\\/assets\\\/images\\\/avatar.jpg\",\"contentUrl\":\"https:\\\/\\\/globalcitieshub.org\\\/wp-content\\\/plugins\\\/townhub-add-ons\\\/assets\\\/images\\\/avatar.jpg\",\"caption\":\"root_new\"},\"sameAs\":[\"http:\\\/\\\/gch.dev-bulbera.com\"],\"url\":\"https:\\\/\\\/globalcitieshub.org\\\/fr\\\/author\\\/root_new\\\/\"}]}<\/script>\n<!-- \/ Yoast SEO plugin. -->","yoast_head_json":{"title":"Bonjour, Monsieur le Maire, voici ce qui va probablement se passer dans la ville aujourd'hui - Global Cities Hub","robots":{"index":"index","follow":"follow","max-snippet":"max-snippet:-1","max-image-preview":"max-image-preview:large","max-video-preview":"max-video-preview:-1"},"canonical":"https:\/\/globalcitieshub.org\/fr\/good-morning-mayor-here-is-what-will-most-probably-happen-in-the-city-today\/","og_locale":"fr_FR","og_type":"article","og_title":"Good morning, Mayor, here is what will most probably happen in the city today - Global Cities Hub","og_description":"On World Cities Day, the Global Cities Hub was delighted to cooperate with ITU to organize the webinar \u201cCelebrating World Cities Day and Shaping Urban Futures\u201d which contributed to promoting the concept of people-oriented smart cities. Speakers agreed that smart cities should prioritize the well-being and needs of their residents, therefore smart city leaders should &hellip;","og_url":"https:\/\/globalcitieshub.org\/fr\/good-morning-mayor-here-is-what-will-most-probably-happen-in-the-city-today\/","og_site_name":"Global Cities Hub","article_published_time":"2024-10-31T14:30:49+00:00","article_modified_time":"2025-03-05T11:45:02+00:00","og_image":[{"width":786,"height":524,"url":"https:\/\/globalcitieshub.org\/wp-content\/uploads\/2024\/11\/Vignettes-News.png","type":"image\/png"}],"author":"root_new","twitter_card":"summary_large_image","twitter_creator":"@genevacitieshub","twitter_site":"@genevacitieshub","twitter_misc":{"\u00c9crit par":"root_new","Dur\u00e9e de lecture estim\u00e9e":"5 minutes"},"schema":{"@context":"https:\/\/schema.org","@graph":[{"@type":"Article","@id":"https:\/\/globalcitieshub.org\/fr\/good-morning-mayor-here-is-what-will-most-probably-happen-in-the-city-today\/#article","isPartOf":{"@id":"https:\/\/globalcitieshub.org\/fr\/good-morning-mayor-here-is-what-will-most-probably-happen-in-the-city-today\/"},"author":{"name":"root_new","@id":"https:\/\/globalcitieshub.org\/fr\/#\/schema\/person\/507d9e6bfa91593e51e4b24f8c3efc42"},"headline":"Good morning, Mayor, here is what will most probably happen in the city today","datePublished":"2024-10-31T14:30:49+00:00","dateModified":"2025-03-05T11:45:02+00:00","mainEntityOfPage":{"@id":"https:\/\/globalcitieshub.org\/fr\/good-morning-mayor-here-is-what-will-most-probably-happen-in-the-city-today\/"},"wordCount":920,"publisher":{"@id":"https:\/\/globalcitieshub.org\/fr\/#organization"},"image":{"@id":"https:\/\/globalcitieshub.org\/fr\/good-morning-mayor-here-is-what-will-most-probably-happen-in-the-city-today\/#primaryimage"},"thumbnailUrl":"https:\/\/globalcitieshub.org\/wp-content\/uploads\/2024\/11\/Vignettes-News.png","articleSection":["News"],"inLanguage":"fr-FR"},{"@type":"WebPage","@id":"https:\/\/globalcitieshub.org\/fr\/good-morning-mayor-here-is-what-will-most-probably-happen-in-the-city-today\/","url":"https:\/\/globalcitieshub.org\/fr\/good-morning-mayor-here-is-what-will-most-probably-happen-in-the-city-today\/","name":"Bonjour, Monsieur le Maire, voici ce qui va probablement se passer dans la ville aujourd'hui - Global Cities Hub","isPartOf":{"@id":"https:\/\/globalcitieshub.org\/fr\/#website"},"primaryImageOfPage":{"@id":"https:\/\/globalcitieshub.org\/fr\/good-morning-mayor-here-is-what-will-most-probably-happen-in-the-city-today\/#primaryimage"},"image":{"@id":"https:\/\/globalcitieshub.org\/fr\/good-morning-mayor-here-is-what-will-most-probably-happen-in-the-city-today\/#primaryimage"},"thumbnailUrl":"https:\/\/globalcitieshub.org\/wp-content\/uploads\/2024\/11\/Vignettes-News.png","datePublished":"2024-10-31T14:30:49+00:00","dateModified":"2025-03-05T11:45:02+00:00","inLanguage":"fr-FR","potentialAction":[{"@type":"ReadAction","target":["https:\/\/globalcitieshub.org\/fr\/good-morning-mayor-here-is-what-will-most-probably-happen-in-the-city-today\/"]}]},{"@type":"ImageObject","inLanguage":"fr-FR","@id":"https:\/\/globalcitieshub.org\/fr\/good-morning-mayor-here-is-what-will-most-probably-happen-in-the-city-today\/#primaryimage","url":"https:\/\/globalcitieshub.org\/wp-content\/uploads\/2024\/11\/Vignettes-News.png","contentUrl":"https:\/\/globalcitieshub.org\/wp-content\/uploads\/2024\/11\/Vignettes-News.png","width":786,"height":524},{"@type":"WebSite","@id":"https:\/\/globalcitieshub.org\/fr\/#website","url":"https:\/\/globalcitieshub.org\/fr\/","name":"Global Cities Hub","description":"Relier les gouvernements locaux et r\u00e9gionaux aux Nations unies et \u00e0 d'autres organisations internationales","publisher":{"@id":"https:\/\/globalcitieshub.org\/fr\/#organization"},"potentialAction":[{"@type":"SearchAction","target":{"@type":"EntryPoint","urlTemplate":"https:\/\/globalcitieshub.org\/fr\/?s={search_term_string}"},"query-input":{"@type":"PropertyValueSpecification","valueRequired":true,"valueName":"search_term_string"}}],"inLanguage":"fr-FR"},{"@type":"Organization","@id":"https:\/\/globalcitieshub.org\/fr\/#organization","name":"Global Cities Hub","url":"https:\/\/globalcitieshub.org\/fr\/","logo":{"@type":"ImageObject","inLanguage":"fr-FR","@id":"https:\/\/globalcitieshub.org\/fr\/#\/schema\/logo\/image\/","url":"https:\/\/globalcitieshub.org\/wp-content\/uploads\/2023\/09\/230829_Logo_Global_Cities_Hub_Couleur_fond-blanc_RVB.png","contentUrl":"https:\/\/globalcitieshub.org\/wp-content\/uploads\/2023\/09\/230829_Logo_Global_Cities_Hub_Couleur_fond-blanc_RVB.png","width":2544,"height":1446,"caption":"Global Cities Hub"},"image":{"@id":"https:\/\/globalcitieshub.org\/fr\/#\/schema\/logo\/image\/"},"sameAs":["https:\/\/x.com\/genevacitieshub"]},{"@type":"Person","@id":"https:\/\/globalcitieshub.org\/fr\/#\/schema\/person\/507d9e6bfa91593e51e4b24f8c3efc42","name":"racine_nouveau","image":{"@type":"ImageObject","inLanguage":"fr-FR","@id":"https:\/\/globalcitieshub.org\/wp-content\/plugins\/townhub-add-ons\/assets\/images\/avatar.jpg","url":"https:\/\/globalcitieshub.org\/wp-content\/plugins\/townhub-add-ons\/assets\/images\/avatar.jpg","contentUrl":"https:\/\/globalcitieshub.org\/wp-content\/plugins\/townhub-add-ons\/assets\/images\/avatar.jpg","caption":"root_new"},"sameAs":["http:\/\/gch.dev-bulbera.com"],"url":"https:\/\/globalcitieshub.org\/fr\/author\/root_new\/"}]}},"_links":{"self":[{"href":"https:\/\/globalcitieshub.org\/fr\/wp-json\/wp\/v2\/posts\/21873","targetHints":{"allow":["GET"]}}],"collection":[{"href":"https:\/\/globalcitieshub.org\/fr\/wp-json\/wp\/v2\/posts"}],"about":[{"href":"https:\/\/globalcitieshub.org\/fr\/wp-json\/wp\/v2\/types\/post"}],"author":[{"embeddable":true,"href":"https:\/\/globalcitieshub.org\/fr\/wp-json\/wp\/v2\/users\/1"}],"replies":[{"embeddable":true,"href":"https:\/\/globalcitieshub.org\/fr\/wp-json\/wp\/v2\/comments?post=21873"}],"version-history":[{"count":4,"href":"https:\/\/globalcitieshub.org\/fr\/wp-json\/wp\/v2\/posts\/21873\/revisions"}],"predecessor-version":[{"id":23072,"href":"https:\/\/globalcitieshub.org\/fr\/wp-json\/wp\/v2\/posts\/21873\/revisions\/23072"}],"wp:featuredmedia":[{"embeddable":true,"href":"https:\/\/globalcitieshub.org\/fr\/wp-json\/wp\/v2\/media\/21869"}],"wp:attachment":[{"href":"https:\/\/globalcitieshub.org\/fr\/wp-json\/wp\/v2\/media?parent=21873"}],"wp:term":[{"taxonomy":"category","embeddable":true,"href":"https:\/\/globalcitieshub.org\/fr\/wp-json\/wp\/v2\/categories?post=21873"},{"taxonomy":"post_tag","embeddable":true,"href":"https:\/\/globalcitieshub.org\/fr\/wp-json\/wp\/v2\/tags?post=21873"}],"curies":[{"name":"wp","href":"https:\/\/api.w.org\/{rel}","templated":true}]}}