{"id":21818,"date":"2024-10-17T14:49:00","date_gmt":"2024-10-17T12:49:00","guid":{"rendered":"https:\/\/globalcitieshub.org\/?p=21818"},"modified":"2024-11-18T12:29:24","modified_gmt":"2024-11-18T11:29:24","slug":"building-peace-through-an-urban-lens","status":"publish","type":"post","link":"https:\/\/globalcitieshub.org\/fr\/building-peace-through-an-urban-lens\/","title":{"rendered":"Construire la paix \u00e0 travers un prisme urbain"},"content":{"rendered":"<p>Nous avons \u00e9t\u00e9 tr\u00e8s honor\u00e9s d'accueillir des orateurs aussi \u00e9minents lors de notre panel sur la paix.<em>Construire la paix \u00e0 travers un prisme urbain<\/em>\"qui s'est tenue le 17 octobre dans le cadre de la semaine de la paix \u00e0 Gen\u00e8ve.<\/p>\n\n\n\n<p><\/p>\n\n\n\n<p>Nous remercions tr\u00e8s sinc\u00e8rement le maire Issa Kassis, AlHakam Shaar et Antonio Sampaio pour leurs pr\u00e9sentations passionnantes. Il \u00e9tait fascinant d'entendre ce que la paix signifie au niveau local dans trois contextes distincts : Ramallah-Palestine, une ville sous occupation ; Alep-Syrie, une ville d\u00e9truite par la guerre ; et des villes confront\u00e9es \u00e0 une urbanisation rapide et \u00e0 la pr\u00e9dation urbaine par des organisations criminelles.<\/p>\n\n\n\n<p><\/p>\n\n\n\n<p>La construction de la paix au niveau de la ville ne passe pas par des processus de paix formels o\u00f9 les gens s'assoient autour d'une table et signent des accords de paix. Dans les villes, o\u00f9 de nombreuses personnes se rassemblent pour profiter des opportunit\u00e9s socio-\u00e9conomiques et pour acc\u00e9der \u00e0 l'eau, \u00e0 l'\u00e9nergie, \u00e0 l'\u00e9ducation, \u00e0 la sant\u00e9, etc., la paix doit \u00eatre construite jour apr\u00e8s jour, par de petites \u00e9tapes qui constituent la vie des citadins. Au niveau de la ville, la paix est une question de d\u00e9veloppement urbain et de gouvernance urbaine.<\/p>\n\n\n\n<p><\/p>\n\n\n\n<p>Dans le contexte de l'occupation, le maire de Ramallah a parl\u00e9 de tous les d\u00e9fis auxquels son gouvernement local est confront\u00e9, notamment la n\u00e9cessit\u00e9 d'attendre 12 ans pour obtenir l'approbation d'Isra\u00ebl pour le terrain n\u00e9cessaire \u00e0 la construction d'un cimeti\u00e8re \u00e0 Ramallah ou la difficult\u00e9 pour les camions municipaux transportant des d\u00e9chets solides d'acc\u00e9der \u00e0 la d\u00e9charge, bien qu'elle ne se trouve qu'\u00e0 50 km de Ramallah. La paix passe par la mobilit\u00e9 des personnes et des \u00e9changes. Malgr\u00e9 ce contexte difficile, le maire de Ramallah s'efforce de donner de l'espoir \u00e0 son peuple tr\u00e8s instruit, de favoriser la paix en faisant de Ramallah - la capitale \u00e9conomique et administrative de la Palestine - une \"ville mod\u00e8le\", avec l'internet gratuit dans les rues et les installations municipales, avec de nombreux parcs publics et festivals, avec le premier centre d'innovation du Moyen-Orient g\u00e9r\u00e9 par une municipalit\u00e9. En fin de compte, les gens devraient vivre pour la Palestine, et non mourir pour elle.<\/p>\n\n\n\n<p><\/p>\n\n\n\n<p>Dans son message vid\u00e9o, AnaClaudia Rossbach, directrice ex\u00e9cutive d'UN Habitat, a soulign\u00e9 que la fa\u00e7on dont les villes sont planifi\u00e9es, gouvern\u00e9es et g\u00e9r\u00e9es a un impact direct sur les niveaux de violence et de s\u00e9curit\u00e9. La r\u00e9gulation des ressources, des espaces publics et l'engagement global avec les communaut\u00e9s locales jouent un r\u00f4le important dans la production ou la pr\u00e9vention de la violence. UN Habitat consid\u00e8re que la s\u00e9curit\u00e9 urbaine fait partie du d\u00e9fi plus large du d\u00e9veloppement et c'est pourquoi il travaille avec les gouvernements locaux sur les questions de terre, de logement, d'infrastructure et de services de base.<\/p>\n\n\n\n<p><\/p>\n\n\n\n<p>Bien qu'il n'y ait pas de combats \u00e0 Alep aujourd'hui, \"<em>il n'y a qu'une illusion de paix<\/em>\"Selon AlHakam, la ville a subi d'importantes destructions au cours de la guerre. La ville a subi d'importantes destructions pendant la guerre, en particulier sa partie orientale tenue par les rebelles. AlHakam a introduit la notion d'\"urbicide\" comme l'acte de \"tuer une ville\". En tant que tel, il ne s'agit pas seulement de tuer des personnes, mais aussi de d\u00e9truire de mani\u00e8re cibl\u00e9e l'environnement b\u00e2ti, ainsi que de priver de services et d'assistance certaines cat\u00e9gories de personnes (en particulier celles qui r\u00e9sident dans l'est d'Alep). La situation reste compliqu\u00e9e dans l'ensemble de la Syrie aujourd'hui, mais des perspectives de paix existent toujours. Pour cela, il faut que les gens puissent circuler librement pour rentrer, reconstruire leurs maisons et restaurer la vie urbaine. Il faut permettre aux populations de le faire et les organisations internationales engag\u00e9es dans la reconstruction de la Syrie doivent conditionner leur soutien \u00e0 cela. Le d\u00e9veloppement urbain contribuera \u00e0 favoriser la paix.<\/p>\n\n\n\n<p><\/p>\n\n\n\n<p>Parlant de l'urbanisation des conflits, Antonio Sampaio a fait r\u00e9f\u00e9rence aux implications physiques tr\u00e8s concr\u00e8tes pour les habitants des villes : elle cr\u00e9e de nouvelles fronti\u00e8res et divisions au sein des villes, o\u00f9 les gens avaient l'habitude de se m\u00e9langer. En outre, si l'urbanisation entra\u00eene une augmentation des conflits dans les villes, les artisans de la paix doivent \u00e9galement tenir compte du fait qu'un grand nombre de nouvelles villes \u00e9mergent dans des zones touch\u00e9es par des conflits (principalement en raison des d\u00e9placements de population provoqu\u00e9s par les conflits dans la r\u00e9gion). Ensuite, dans les villes qui connaissent une urbanisation rapide et massive, les gouvernements locaux ne sont pas toujours en mesure de fournir des services publics sur l'ensemble du territoire, laissant ainsi certaines zones aux pratiques pr\u00e9datrices des gangs criminels. Ces pratiques constituent de graves menaces pour la s\u00e9curit\u00e9 urbaine (violence physique), mais aussi, \u00e0 plus long terme, les gangs criminels peuvent infiltrer les institutions et prendre le contr\u00f4le des services municipaux dans certaines zones. Alors que la r\u00e9ponse est g\u00e9n\u00e9ralement ax\u00e9e sur le maintien de l'ordre et la r\u00e9pression, M. Antonio a soulign\u00e9 que ces questions devraient \u00eatre examin\u00e9es sous l'angle de la gouvernance urbaine, en fournissant les services et les infrastructures n\u00e9cessaires pour garantir la paix urbaine.<\/p>\n\n\n\n<p><\/p>\n\n\n\n<p><strong>Vid\u00e9o<\/strong><\/p>\n\n\n\n<figure class=\"wp-block-embed is-type-video is-provider-youtube wp-block-embed-youtube wp-embed-aspect-16-9 wp-has-aspect-ratio\"><div class=\"wp-block-embed__wrapper\">\n<iframe title=\"Construire la paix \u00e0 travers le prisme urbain\" width=\"724\" height=\"407\" src=\"https:\/\/www.youtube.com\/embed\/PJox8sa9qM4?feature=oembed\" frameborder=\"0\" allow=\"accelerometer; autoplay; clipboard-write; encrypted-media; gyroscope; picture-in-picture; web-share\" referrerpolicy=\"strict-origin-when-cross-origin\" allowfullscreen><\/iframe>\n<\/div><\/figure>","protected":false},"excerpt":{"rendered":"<p>Nous avons \u00e9t\u00e9 tr\u00e8s honor\u00e9s d'accueillir des orateurs aussi \u00e9minents lors de notre table ronde sur la paix intitul\u00e9e \"Construire la paix dans une perspective urbaine\", qui s'est tenue le 17 octobre dans le cadre de la Semaine de la paix de Gen\u00e8ve. Nous remercions tr\u00e8s sinc\u00e8rement le maire Issa Kassis, AlHakam Shaar et Antonio Sampaio pour leurs pr\u00e9sentations passionnantes. Il \u00e9tait fascinant d'entendre ce que la paix signifie \u00e0 ... <\/p>","protected":false},"author":1,"featured_media":21755,"comment_status":"closed","ping_status":"0","sticky":false,"template":"","format":"standard","meta":{"_monsterinsights_skip_tracking":false,"_monsterinsights_sitenote_active":false,"_monsterinsights_sitenote_note":"","_monsterinsights_sitenote_category":0,"footnotes":""},"categories":[1],"tags":[],"class_list":["post-21818","post","type-post","status-publish","format-standard","has-post-thumbnail","hentry","category-news"],"yoast_head":"<!-- This site is optimized with the Yoast SEO plugin v27.5 - https:\/\/yoast.com\/product\/yoast-seo-wordpress\/ -->\n<title>Building peace through an urban lens - Global Cities Hub<\/title>\n<meta name=\"robots\" content=\"index, follow, max-snippet:-1, max-image-preview:large, max-video-preview:-1\" \/>\n<link rel=\"canonical\" href=\"https:\/\/globalcitieshub.org\/fr\/building-peace-through-an-urban-lens\/\" \/>\n<meta property=\"og:locale\" content=\"fr_FR\" \/>\n<meta property=\"og:type\" content=\"article\" \/>\n<meta property=\"og:title\" content=\"Building peace through an urban lens - Global Cities Hub\" \/>\n<meta property=\"og:description\" content=\"We were truly honoured to have such distinguished speakers at our Peace Panel \u201cBuilding Peace through an Urban Lens\u201d, held on October 17th in the framework of the Geneva Peace Week. Most sincere thanks to Mayor Issa Kassis, AlHakam Shaar, Antonio Sampaio for their compelling presentations. It was fascinating to hear what peace means at &hellip;\" \/>\n<meta property=\"og:url\" content=\"https:\/\/globalcitieshub.org\/fr\/building-peace-through-an-urban-lens\/\" \/>\n<meta property=\"og:site_name\" content=\"Global Cities Hub\" \/>\n<meta property=\"article:published_time\" content=\"2024-10-17T12:49:00+00:00\" \/>\n<meta property=\"article:modified_time\" content=\"2024-11-18T11:29:24+00:00\" \/>\n<meta property=\"og:image\" content=\"https:\/\/globalcitieshub.org\/wp-content\/uploads\/2024\/10\/1.jpg\" \/>\n\t<meta property=\"og:image:width\" content=\"786\" \/>\n\t<meta property=\"og:image:height\" content=\"524\" \/>\n\t<meta property=\"og:image:type\" content=\"image\/jpeg\" \/>\n<meta name=\"author\" content=\"root_new\" \/>\n<meta name=\"twitter:card\" content=\"summary_large_image\" \/>\n<meta name=\"twitter:creator\" content=\"@genevacitieshub\" \/>\n<meta name=\"twitter:site\" content=\"@genevacitieshub\" \/>\n<meta name=\"twitter:label1\" content=\"\u00c9crit par\" \/>\n\t<meta name=\"twitter:data1\" content=\"root_new\" \/>\n\t<meta name=\"twitter:label2\" content=\"Dur\u00e9e de lecture estim\u00e9e\" \/>\n\t<meta name=\"twitter:data2\" content=\"4 minutes\" \/>\n<script type=\"application\/ld+json\" class=\"yoast-schema-graph\">{\"@context\":\"https:\\\/\\\/schema.org\",\"@graph\":[{\"@type\":\"Article\",\"@id\":\"https:\\\/\\\/globalcitieshub.org\\\/fr\\\/building-peace-through-an-urban-lens\\\/#article\",\"isPartOf\":{\"@id\":\"https:\\\/\\\/globalcitieshub.org\\\/fr\\\/building-peace-through-an-urban-lens\\\/\"},\"author\":{\"name\":\"root_new\",\"@id\":\"https:\\\/\\\/globalcitieshub.org\\\/fr\\\/#\\\/schema\\\/person\\\/507d9e6bfa91593e51e4b24f8c3efc42\"},\"headline\":\"Building peace through an urban lens\",\"datePublished\":\"2024-10-17T12:49:00+00:00\",\"dateModified\":\"2024-11-18T11:29:24+00:00\",\"mainEntityOfPage\":{\"@id\":\"https:\\\/\\\/globalcitieshub.org\\\/fr\\\/building-peace-through-an-urban-lens\\\/\"},\"wordCount\":726,\"publisher\":{\"@id\":\"https:\\\/\\\/globalcitieshub.org\\\/fr\\\/#organization\"},\"image\":{\"@id\":\"https:\\\/\\\/globalcitieshub.org\\\/fr\\\/building-peace-through-an-urban-lens\\\/#primaryimage\"},\"thumbnailUrl\":\"https:\\\/\\\/globalcitieshub.org\\\/wp-content\\\/uploads\\\/2024\\\/10\\\/1.jpg\",\"articleSection\":[\"News\"],\"inLanguage\":\"fr-FR\"},{\"@type\":\"WebPage\",\"@id\":\"https:\\\/\\\/globalcitieshub.org\\\/fr\\\/building-peace-through-an-urban-lens\\\/\",\"url\":\"https:\\\/\\\/globalcitieshub.org\\\/fr\\\/building-peace-through-an-urban-lens\\\/\",\"name\":\"Building peace through an urban lens - Global Cities Hub\",\"isPartOf\":{\"@id\":\"https:\\\/\\\/globalcitieshub.org\\\/fr\\\/#website\"},\"primaryImageOfPage\":{\"@id\":\"https:\\\/\\\/globalcitieshub.org\\\/fr\\\/building-peace-through-an-urban-lens\\\/#primaryimage\"},\"image\":{\"@id\":\"https:\\\/\\\/globalcitieshub.org\\\/fr\\\/building-peace-through-an-urban-lens\\\/#primaryimage\"},\"thumbnailUrl\":\"https:\\\/\\\/globalcitieshub.org\\\/wp-content\\\/uploads\\\/2024\\\/10\\\/1.jpg\",\"datePublished\":\"2024-10-17T12:49:00+00:00\",\"dateModified\":\"2024-11-18T11:29:24+00:00\",\"inLanguage\":\"fr-FR\",\"potentialAction\":[{\"@type\":\"ReadAction\",\"target\":[\"https:\\\/\\\/globalcitieshub.org\\\/fr\\\/building-peace-through-an-urban-lens\\\/\"]}]},{\"@type\":\"ImageObject\",\"inLanguage\":\"fr-FR\",\"@id\":\"https:\\\/\\\/globalcitieshub.org\\\/fr\\\/building-peace-through-an-urban-lens\\\/#primaryimage\",\"url\":\"https:\\\/\\\/globalcitieshub.org\\\/wp-content\\\/uploads\\\/2024\\\/10\\\/1.jpg\",\"contentUrl\":\"https:\\\/\\\/globalcitieshub.org\\\/wp-content\\\/uploads\\\/2024\\\/10\\\/1.jpg\",\"width\":786,\"height\":524},{\"@type\":\"WebSite\",\"@id\":\"https:\\\/\\\/globalcitieshub.org\\\/fr\\\/#website\",\"url\":\"https:\\\/\\\/globalcitieshub.org\\\/fr\\\/\",\"name\":\"Global Cities Hub\",\"description\":\"Connecting local and regional governments to the United Nations and other  international organizations\",\"publisher\":{\"@id\":\"https:\\\/\\\/globalcitieshub.org\\\/fr\\\/#organization\"},\"potentialAction\":[{\"@type\":\"SearchAction\",\"target\":{\"@type\":\"EntryPoint\",\"urlTemplate\":\"https:\\\/\\\/globalcitieshub.org\\\/fr\\\/?s={search_term_string}\"},\"query-input\":{\"@type\":\"PropertyValueSpecification\",\"valueRequired\":true,\"valueName\":\"search_term_string\"}}],\"inLanguage\":\"fr-FR\"},{\"@type\":\"Organization\",\"@id\":\"https:\\\/\\\/globalcitieshub.org\\\/fr\\\/#organization\",\"name\":\"Global Cities Hub\",\"url\":\"https:\\\/\\\/globalcitieshub.org\\\/fr\\\/\",\"logo\":{\"@type\":\"ImageObject\",\"inLanguage\":\"fr-FR\",\"@id\":\"https:\\\/\\\/globalcitieshub.org\\\/fr\\\/#\\\/schema\\\/logo\\\/image\\\/\",\"url\":\"https:\\\/\\\/globalcitieshub.org\\\/wp-content\\\/uploads\\\/2023\\\/09\\\/230829_Logo_Global_Cities_Hub_Couleur_fond-blanc_RVB.png\",\"contentUrl\":\"https:\\\/\\\/globalcitieshub.org\\\/wp-content\\\/uploads\\\/2023\\\/09\\\/230829_Logo_Global_Cities_Hub_Couleur_fond-blanc_RVB.png\",\"width\":2544,\"height\":1446,\"caption\":\"Global Cities Hub\"},\"image\":{\"@id\":\"https:\\\/\\\/globalcitieshub.org\\\/fr\\\/#\\\/schema\\\/logo\\\/image\\\/\"},\"sameAs\":[\"https:\\\/\\\/x.com\\\/genevacitieshub\"]},{\"@type\":\"Person\",\"@id\":\"https:\\\/\\\/globalcitieshub.org\\\/fr\\\/#\\\/schema\\\/person\\\/507d9e6bfa91593e51e4b24f8c3efc42\",\"name\":\"root_new\",\"image\":{\"@type\":\"ImageObject\",\"inLanguage\":\"fr-FR\",\"@id\":\"https:\\\/\\\/globalcitieshub.org\\\/wp-content\\\/plugins\\\/townhub-add-ons\\\/assets\\\/images\\\/avatar.jpg\",\"url\":\"https:\\\/\\\/globalcitieshub.org\\\/wp-content\\\/plugins\\\/townhub-add-ons\\\/assets\\\/images\\\/avatar.jpg\",\"contentUrl\":\"https:\\\/\\\/globalcitieshub.org\\\/wp-content\\\/plugins\\\/townhub-add-ons\\\/assets\\\/images\\\/avatar.jpg\",\"caption\":\"root_new\"},\"sameAs\":[\"http:\\\/\\\/gch.dev-bulbera.com\"],\"url\":\"https:\\\/\\\/globalcitieshub.org\\\/fr\\\/author\\\/root_new\\\/\"}]}<\/script>\n<!-- \/ Yoast SEO plugin. -->","yoast_head_json":{"title":"Construire la paix \u00e0 travers un prisme urbain - Global Cities Hub","robots":{"index":"index","follow":"follow","max-snippet":"max-snippet:-1","max-image-preview":"max-image-preview:large","max-video-preview":"max-video-preview:-1"},"canonical":"https:\/\/globalcitieshub.org\/fr\/building-peace-through-an-urban-lens\/","og_locale":"fr_FR","og_type":"article","og_title":"Building peace through an urban lens - Global Cities Hub","og_description":"We were truly honoured to have such distinguished speakers at our Peace Panel \u201cBuilding Peace through an Urban Lens\u201d, held on October 17th in the framework of the Geneva Peace Week. Most sincere thanks to Mayor Issa Kassis, AlHakam Shaar, Antonio Sampaio for their compelling presentations. It was fascinating to hear what peace means at &hellip;","og_url":"https:\/\/globalcitieshub.org\/fr\/building-peace-through-an-urban-lens\/","og_site_name":"Global Cities Hub","article_published_time":"2024-10-17T12:49:00+00:00","article_modified_time":"2024-11-18T11:29:24+00:00","og_image":[{"width":786,"height":524,"url":"https:\/\/globalcitieshub.org\/wp-content\/uploads\/2024\/10\/1.jpg","type":"image\/jpeg"}],"author":"root_new","twitter_card":"summary_large_image","twitter_creator":"@genevacitieshub","twitter_site":"@genevacitieshub","twitter_misc":{"\u00c9crit par":"root_new","Dur\u00e9e de lecture estim\u00e9e":"4 minutes"},"schema":{"@context":"https:\/\/schema.org","@graph":[{"@type":"Article","@id":"https:\/\/globalcitieshub.org\/fr\/building-peace-through-an-urban-lens\/#article","isPartOf":{"@id":"https:\/\/globalcitieshub.org\/fr\/building-peace-through-an-urban-lens\/"},"author":{"name":"root_new","@id":"https:\/\/globalcitieshub.org\/fr\/#\/schema\/person\/507d9e6bfa91593e51e4b24f8c3efc42"},"headline":"Building peace through an urban lens","datePublished":"2024-10-17T12:49:00+00:00","dateModified":"2024-11-18T11:29:24+00:00","mainEntityOfPage":{"@id":"https:\/\/globalcitieshub.org\/fr\/building-peace-through-an-urban-lens\/"},"wordCount":726,"publisher":{"@id":"https:\/\/globalcitieshub.org\/fr\/#organization"},"image":{"@id":"https:\/\/globalcitieshub.org\/fr\/building-peace-through-an-urban-lens\/#primaryimage"},"thumbnailUrl":"https:\/\/globalcitieshub.org\/wp-content\/uploads\/2024\/10\/1.jpg","articleSection":["News"],"inLanguage":"fr-FR"},{"@type":"WebPage","@id":"https:\/\/globalcitieshub.org\/fr\/building-peace-through-an-urban-lens\/","url":"https:\/\/globalcitieshub.org\/fr\/building-peace-through-an-urban-lens\/","name":"Construire la paix \u00e0 travers un prisme urbain - Global Cities Hub","isPartOf":{"@id":"https:\/\/globalcitieshub.org\/fr\/#website"},"primaryImageOfPage":{"@id":"https:\/\/globalcitieshub.org\/fr\/building-peace-through-an-urban-lens\/#primaryimage"},"image":{"@id":"https:\/\/globalcitieshub.org\/fr\/building-peace-through-an-urban-lens\/#primaryimage"},"thumbnailUrl":"https:\/\/globalcitieshub.org\/wp-content\/uploads\/2024\/10\/1.jpg","datePublished":"2024-10-17T12:49:00+00:00","dateModified":"2024-11-18T11:29:24+00:00","inLanguage":"fr-FR","potentialAction":[{"@type":"ReadAction","target":["https:\/\/globalcitieshub.org\/fr\/building-peace-through-an-urban-lens\/"]}]},{"@type":"ImageObject","inLanguage":"fr-FR","@id":"https:\/\/globalcitieshub.org\/fr\/building-peace-through-an-urban-lens\/#primaryimage","url":"https:\/\/globalcitieshub.org\/wp-content\/uploads\/2024\/10\/1.jpg","contentUrl":"https:\/\/globalcitieshub.org\/wp-content\/uploads\/2024\/10\/1.jpg","width":786,"height":524},{"@type":"WebSite","@id":"https:\/\/globalcitieshub.org\/fr\/#website","url":"https:\/\/globalcitieshub.org\/fr\/","name":"Global Cities Hub","description":"Relier les gouvernements locaux et r\u00e9gionaux aux Nations unies et \u00e0 d'autres organisations internationales","publisher":{"@id":"https:\/\/globalcitieshub.org\/fr\/#organization"},"potentialAction":[{"@type":"SearchAction","target":{"@type":"EntryPoint","urlTemplate":"https:\/\/globalcitieshub.org\/fr\/?s={search_term_string}"},"query-input":{"@type":"PropertyValueSpecification","valueRequired":true,"valueName":"search_term_string"}}],"inLanguage":"fr-FR"},{"@type":"Organization","@id":"https:\/\/globalcitieshub.org\/fr\/#organization","name":"Global Cities Hub","url":"https:\/\/globalcitieshub.org\/fr\/","logo":{"@type":"ImageObject","inLanguage":"fr-FR","@id":"https:\/\/globalcitieshub.org\/fr\/#\/schema\/logo\/image\/","url":"https:\/\/globalcitieshub.org\/wp-content\/uploads\/2023\/09\/230829_Logo_Global_Cities_Hub_Couleur_fond-blanc_RVB.png","contentUrl":"https:\/\/globalcitieshub.org\/wp-content\/uploads\/2023\/09\/230829_Logo_Global_Cities_Hub_Couleur_fond-blanc_RVB.png","width":2544,"height":1446,"caption":"Global Cities Hub"},"image":{"@id":"https:\/\/globalcitieshub.org\/fr\/#\/schema\/logo\/image\/"},"sameAs":["https:\/\/x.com\/genevacitieshub"]},{"@type":"Person","@id":"https:\/\/globalcitieshub.org\/fr\/#\/schema\/person\/507d9e6bfa91593e51e4b24f8c3efc42","name":"racine_nouveau","image":{"@type":"ImageObject","inLanguage":"fr-FR","@id":"https:\/\/globalcitieshub.org\/wp-content\/plugins\/townhub-add-ons\/assets\/images\/avatar.jpg","url":"https:\/\/globalcitieshub.org\/wp-content\/plugins\/townhub-add-ons\/assets\/images\/avatar.jpg","contentUrl":"https:\/\/globalcitieshub.org\/wp-content\/plugins\/townhub-add-ons\/assets\/images\/avatar.jpg","caption":"root_new"},"sameAs":["http:\/\/gch.dev-bulbera.com"],"url":"https:\/\/globalcitieshub.org\/fr\/author\/root_new\/"}]}},"_links":{"self":[{"href":"https:\/\/globalcitieshub.org\/fr\/wp-json\/wp\/v2\/posts\/21818","targetHints":{"allow":["GET"]}}],"collection":[{"href":"https:\/\/globalcitieshub.org\/fr\/wp-json\/wp\/v2\/posts"}],"about":[{"href":"https:\/\/globalcitieshub.org\/fr\/wp-json\/wp\/v2\/types\/post"}],"author":[{"embeddable":true,"href":"https:\/\/globalcitieshub.org\/fr\/wp-json\/wp\/v2\/users\/1"}],"replies":[{"embeddable":true,"href":"https:\/\/globalcitieshub.org\/fr\/wp-json\/wp\/v2\/comments?post=21818"}],"version-history":[{"count":3,"href":"https:\/\/globalcitieshub.org\/fr\/wp-json\/wp\/v2\/posts\/21818\/revisions"}],"predecessor-version":[{"id":22429,"href":"https:\/\/globalcitieshub.org\/fr\/wp-json\/wp\/v2\/posts\/21818\/revisions\/22429"}],"wp:featuredmedia":[{"embeddable":true,"href":"https:\/\/globalcitieshub.org\/fr\/wp-json\/wp\/v2\/media\/21755"}],"wp:attachment":[{"href":"https:\/\/globalcitieshub.org\/fr\/wp-json\/wp\/v2\/media?parent=21818"}],"wp:term":[{"taxonomy":"category","embeddable":true,"href":"https:\/\/globalcitieshub.org\/fr\/wp-json\/wp\/v2\/categories?post=21818"},{"taxonomy":"post_tag","embeddable":true,"href":"https:\/\/globalcitieshub.org\/fr\/wp-json\/wp\/v2\/tags?post=21818"}],"curies":[{"name":"wp","href":"https:\/\/api.w.org\/{rel}","templated":true}]}}