{"id":18653,"date":"2023-06-23T09:44:13","date_gmt":"2023-06-23T07:44:13","guid":{"rendered":"https:\/\/www.genevacitieshub.org\/?p=18653"},"modified":"2023-08-28T15:35:18","modified_gmt":"2023-08-28T13:35:18","slug":"states-are-not-alone-in-their-commitment-to-human-rights","status":"publish","type":"post","link":"https:\/\/globalcitieshub.org\/fr\/states-are-not-alone-in-their-commitment-to-human-rights\/","title":{"rendered":"Les \u00c9tats ne sont pas les seuls \u00e0 s'engager en faveur des droits de l'homme"},"content":{"rendered":"<p>Un point de rep\u00e8re <a href=\"https:\/\/www.ohchr.org\/en\/treaty-bodies\/national-mechanisms-implementation-reporting-and-follow\">s\u00e9minaire<\/a> sur les m\u00e9canismes nationaux de mise en \u0153uvre, de rapport et de suivi (NMIRF) dans le domaine des droits de l'homme (tenue conform\u00e9ment \u00e0 la r\u00e9solution 51\/33, adopt\u00e9e par le Conseil des droits de l'homme des Nations unies en 2022), a \u00e9t\u00e9 organis\u00e9e par le Haut-Commissariat des Nations unies aux droits de l'homme (HCDH), avec le soutien du Paraguay, du Br\u00e9sil, ainsi que d'autres \u00c9tats et experts.<\/p>\n\n\n\n<p>Le Geneva Cities Hub (GCH) a lanc\u00e9 un appel en faveur d'une participation accrue des gouvernements locaux et r\u00e9gionaux (LRG) \u00e0 ces m\u00e9canismes nationaux qui se sont d\u00e9velopp\u00e9s de mani\u00e8re significative au fil des ans dans plusieurs \u00c9tats, correspondant \u00e0 une coordination et une mise en \u0153uvre renforc\u00e9es des \u00c9tats dans le domaine des droits de l'homme et des Objectifs de d\u00e9veloppement durable (ODD).<\/p>\n\n\n\n<p>Le nombre croissant de FRMNI dans le monde t\u00e9moigne de l'engagement des \u00c9tats \u00e0 remplir leurs obligations, principalement celles qui d\u00e9coulent de l'EPU, mais aussi d'autres m\u00e9canismes des Nations unies en mati\u00e8re de droits de l'homme. Les \u00c9tats ne sont pas les seuls \u00e0 s'engager en faveur des droits de l'homme. Les GRL se font l'\u00e9cho de cet engagement et d\u00e9fendent parfois des pratiques plus progressistes que leurs homologues \u00e9tatiques. Toutefois, pour maximiser leur efficacit\u00e9, les GRL ont besoin de dialogue, d'\u00e9changes et souvent de financement de la part de leur gouvernement central.<\/p>\n\n\n\n<p>Afin de garantir une action efficace de l'\u00c9tat sur la mise en \u0153uvre des droits de l'homme dans des domaines tels que le logement, la pollution de l'air, la mobilit\u00e9, l'inclusion sociale, l'\u00e9ducation, la sant\u00e9 et m\u00eame la pollution plastique - une menace qui, selon certains, est encore plus imm\u00e9diate pour la vie sur terre que le changement climatique -, ils doivent s'engager pleinement avec les autorit\u00e9s locales. L'int\u00e9gration des collectivit\u00e9s territoriales dans le cadre de la FRMNI est donc une d\u00e9marche strat\u00e9gique. L'implication de tous les niveaux de gouvernement dans un pays donn\u00e9 est une situation gagnant-gagnant pour les \u00c9tats et les GLR en termes de mise en \u0153uvre des droits de l'homme.<\/p>\n\n\n\n<p>Le GCH estime que les \u00c9tats gagneront \u00e0 impliquer leurs GRL dans tous les processus li\u00e9s \u00e0 la mise en \u0153uvre, en sollicitant leur consultation, leur avis et leurs conseils avant et apr\u00e8s l'acceptation d'une recommandation de l'EPU. Une r\u00e9flexion collective sur des strat\u00e9gies concr\u00e8tes de mise en \u0153uvre ne pourra qu'aider les \u00c9tats dans leurs efforts.<\/p>\n\n\n\n<p>L'Italie a donn\u00e9 un exemple louable en incluant les gouvernements locaux dans son NMIRF, une initiative reprise par d'autres \u00c9tats lors du s\u00e9minaire. Membre expert, <strong>Nicole Ameline<\/strong> du Comit\u00e9 pour l'\u00e9limination de la discrimination \u00e0 l'\u00e9gard des femmes (<a href=\"https:\/\/www.ohchr.org\/en\/treaty-bodies\/cedaw\">CEDAW<\/a>) a \u00e9galement soulign\u00e9 l'int\u00e9r\u00eat de sa commission pour la collaboration avec les GRL.<\/p>\n\n\n\n<p>En conclusion, le Geneva Cities Hub est pr\u00eat \u00e0 collaborer avec les Etats, les ONG et le syst\u00e8me des Nations Unies pour faciliter l'inclusion des GRL dans les NMIRF. Comme l'a d\u00e9clar\u00e9 le GCH, il en r\u00e9sultera une triple victoire : pour les \u00c9tats, qui obtiendront des informations plus approfondies sur la mise en \u0153uvre des droits de l'homme ; pour les GRL, qui renforceront le dialogue avec les \u00c9tats ; et pour la soci\u00e9t\u00e9 dans son ensemble.<\/p>\n\n\n\n<p><em>Cr\u00e9dit photo : UN Photo \/ Jean Marc Ferr\u00e9<\/em><\/p>","protected":false},"excerpt":{"rendered":"<p>Un s\u00e9minaire historique sur les m\u00e9canismes nationaux de mise en \u0153uvre, de rapport et de suivi (MNMIRF) dans le domaine des droits de l'homme (tenu conform\u00e9ment \u00e0 la r\u00e9solution 51\/33, adopt\u00e9e par le Conseil des droits de l'homme des Nations Unies en 2022), a \u00e9t\u00e9 organis\u00e9 par le Haut-Commissariat des Nations Unies aux droits de l'homme (HCDH), avec le soutien du Paraguay, du Br\u00e9sil et de l'Union europ\u00e9enne (UE). <\/p>","protected":false},"author":1,"featured_media":18656,"comment_status":"closed","ping_status":"open","sticky":false,"template":"","format":"standard","meta":{"_monsterinsights_skip_tracking":false,"_monsterinsights_sitenote_active":false,"_monsterinsights_sitenote_note":"","_monsterinsights_sitenote_category":0,"footnotes":""},"categories":[142,1],"tags":[],"class_list":["post-18653","post","type-post","status-publish","format-standard","has-post-thumbnail","hentry","category-international-geneva-news","category-news"],"yoast_head":"<!-- This site is optimized with the Yoast SEO plugin v27.5 - https:\/\/yoast.com\/product\/yoast-seo-wordpress\/ -->\n<title>States are not alone in their commitment to human rights - Global Cities Hub<\/title>\n<meta name=\"description\" content=\"In order to ensure effective State action on human rights implementation, they need to fully engage with local authorities.\" \/>\n<meta name=\"robots\" content=\"index, follow, max-snippet:-1, max-image-preview:large, max-video-preview:-1\" \/>\n<link rel=\"canonical\" href=\"https:\/\/globalcitieshub.org\/fr\/states-are-not-alone-in-their-commitment-to-human-rights\/\" \/>\n<meta property=\"og:locale\" content=\"fr_FR\" \/>\n<meta property=\"og:type\" content=\"article\" \/>\n<meta property=\"og:title\" content=\"States are not alone in their commitment to human rights - Global Cities Hub\" \/>\n<meta property=\"og:description\" content=\"In order to ensure effective State action on human rights implementation, they need to fully engage with local authorities.\" \/>\n<meta property=\"og:url\" content=\"https:\/\/globalcitieshub.org\/fr\/states-are-not-alone-in-their-commitment-to-human-rights\/\" \/>\n<meta property=\"og:site_name\" content=\"Global Cities Hub\" \/>\n<meta property=\"article:published_time\" content=\"2023-06-23T07:44:13+00:00\" \/>\n<meta property=\"article:modified_time\" content=\"2023-08-28T13:35:18+00:00\" \/>\n<meta property=\"og:image\" content=\"https:\/\/globalcitieshub.org\/wp-content\/uploads\/2023\/06\/News-2.png\" \/>\n\t<meta property=\"og:image:width\" content=\"786\" \/>\n\t<meta property=\"og:image:height\" content=\"524\" \/>\n\t<meta property=\"og:image:type\" content=\"image\/png\" \/>\n<meta name=\"author\" content=\"root_new\" \/>\n<meta name=\"twitter:card\" content=\"summary_large_image\" \/>\n<meta name=\"twitter:creator\" content=\"@genevacitieshub\" \/>\n<meta name=\"twitter:site\" content=\"@genevacitieshub\" \/>\n<meta name=\"twitter:label1\" content=\"\u00c9crit par\" \/>\n\t<meta name=\"twitter:data1\" content=\"root_new\" \/>\n\t<meta name=\"twitter:label2\" content=\"Dur\u00e9e de lecture estim\u00e9e\" \/>\n\t<meta name=\"twitter:data2\" content=\"2 minutes\" \/>\n<script type=\"application\/ld+json\" class=\"yoast-schema-graph\">{\"@context\":\"https:\\\/\\\/schema.org\",\"@graph\":[{\"@type\":\"Article\",\"@id\":\"https:\\\/\\\/globalcitieshub.org\\\/fr\\\/states-are-not-alone-in-their-commitment-to-human-rights\\\/#article\",\"isPartOf\":{\"@id\":\"https:\\\/\\\/globalcitieshub.org\\\/fr\\\/states-are-not-alone-in-their-commitment-to-human-rights\\\/\"},\"author\":{\"name\":\"root_new\",\"@id\":\"https:\\\/\\\/globalcitieshub.org\\\/fr\\\/#\\\/schema\\\/person\\\/507d9e6bfa91593e51e4b24f8c3efc42\"},\"headline\":\"States are not alone in their commitment to human rights\",\"datePublished\":\"2023-06-23T07:44:13+00:00\",\"dateModified\":\"2023-08-28T13:35:18+00:00\",\"mainEntityOfPage\":{\"@id\":\"https:\\\/\\\/globalcitieshub.org\\\/fr\\\/states-are-not-alone-in-their-commitment-to-human-rights\\\/\"},\"wordCount\":430,\"publisher\":{\"@id\":\"https:\\\/\\\/globalcitieshub.org\\\/fr\\\/#organization\"},\"image\":{\"@id\":\"https:\\\/\\\/globalcitieshub.org\\\/fr\\\/states-are-not-alone-in-their-commitment-to-human-rights\\\/#primaryimage\"},\"thumbnailUrl\":\"https:\\\/\\\/globalcitieshub.org\\\/wp-content\\\/uploads\\\/2023\\\/06\\\/News-2.png\",\"articleSection\":[\"International Geneva News\",\"News\"],\"inLanguage\":\"fr-FR\"},{\"@type\":\"WebPage\",\"@id\":\"https:\\\/\\\/globalcitieshub.org\\\/fr\\\/states-are-not-alone-in-their-commitment-to-human-rights\\\/\",\"url\":\"https:\\\/\\\/globalcitieshub.org\\\/fr\\\/states-are-not-alone-in-their-commitment-to-human-rights\\\/\",\"name\":\"States are not alone in their commitment to human rights - Global Cities Hub\",\"isPartOf\":{\"@id\":\"https:\\\/\\\/globalcitieshub.org\\\/fr\\\/#website\"},\"primaryImageOfPage\":{\"@id\":\"https:\\\/\\\/globalcitieshub.org\\\/fr\\\/states-are-not-alone-in-their-commitment-to-human-rights\\\/#primaryimage\"},\"image\":{\"@id\":\"https:\\\/\\\/globalcitieshub.org\\\/fr\\\/states-are-not-alone-in-their-commitment-to-human-rights\\\/#primaryimage\"},\"thumbnailUrl\":\"https:\\\/\\\/globalcitieshub.org\\\/wp-content\\\/uploads\\\/2023\\\/06\\\/News-2.png\",\"datePublished\":\"2023-06-23T07:44:13+00:00\",\"dateModified\":\"2023-08-28T13:35:18+00:00\",\"description\":\"In order to ensure effective State action on human rights implementation, they need to fully engage with local authorities.\",\"inLanguage\":\"fr-FR\",\"potentialAction\":[{\"@type\":\"ReadAction\",\"target\":[\"https:\\\/\\\/globalcitieshub.org\\\/fr\\\/states-are-not-alone-in-their-commitment-to-human-rights\\\/\"]}]},{\"@type\":\"ImageObject\",\"inLanguage\":\"fr-FR\",\"@id\":\"https:\\\/\\\/globalcitieshub.org\\\/fr\\\/states-are-not-alone-in-their-commitment-to-human-rights\\\/#primaryimage\",\"url\":\"https:\\\/\\\/globalcitieshub.org\\\/wp-content\\\/uploads\\\/2023\\\/06\\\/News-2.png\",\"contentUrl\":\"https:\\\/\\\/globalcitieshub.org\\\/wp-content\\\/uploads\\\/2023\\\/06\\\/News-2.png\",\"width\":786,\"height\":524},{\"@type\":\"WebSite\",\"@id\":\"https:\\\/\\\/globalcitieshub.org\\\/fr\\\/#website\",\"url\":\"https:\\\/\\\/globalcitieshub.org\\\/fr\\\/\",\"name\":\"Global Cities Hub\",\"description\":\"Connecting local and regional governments to the United Nations and other  international organizations\",\"publisher\":{\"@id\":\"https:\\\/\\\/globalcitieshub.org\\\/fr\\\/#organization\"},\"potentialAction\":[{\"@type\":\"SearchAction\",\"target\":{\"@type\":\"EntryPoint\",\"urlTemplate\":\"https:\\\/\\\/globalcitieshub.org\\\/fr\\\/?s={search_term_string}\"},\"query-input\":{\"@type\":\"PropertyValueSpecification\",\"valueRequired\":true,\"valueName\":\"search_term_string\"}}],\"inLanguage\":\"fr-FR\"},{\"@type\":\"Organization\",\"@id\":\"https:\\\/\\\/globalcitieshub.org\\\/fr\\\/#organization\",\"name\":\"Global Cities Hub\",\"url\":\"https:\\\/\\\/globalcitieshub.org\\\/fr\\\/\",\"logo\":{\"@type\":\"ImageObject\",\"inLanguage\":\"fr-FR\",\"@id\":\"https:\\\/\\\/globalcitieshub.org\\\/fr\\\/#\\\/schema\\\/logo\\\/image\\\/\",\"url\":\"https:\\\/\\\/globalcitieshub.org\\\/wp-content\\\/uploads\\\/2023\\\/09\\\/230829_Logo_Global_Cities_Hub_Couleur_fond-blanc_RVB.png\",\"contentUrl\":\"https:\\\/\\\/globalcitieshub.org\\\/wp-content\\\/uploads\\\/2023\\\/09\\\/230829_Logo_Global_Cities_Hub_Couleur_fond-blanc_RVB.png\",\"width\":2544,\"height\":1446,\"caption\":\"Global Cities Hub\"},\"image\":{\"@id\":\"https:\\\/\\\/globalcitieshub.org\\\/fr\\\/#\\\/schema\\\/logo\\\/image\\\/\"},\"sameAs\":[\"https:\\\/\\\/x.com\\\/genevacitieshub\"]},{\"@type\":\"Person\",\"@id\":\"https:\\\/\\\/globalcitieshub.org\\\/fr\\\/#\\\/schema\\\/person\\\/507d9e6bfa91593e51e4b24f8c3efc42\",\"name\":\"root_new\",\"image\":{\"@type\":\"ImageObject\",\"inLanguage\":\"fr-FR\",\"@id\":\"https:\\\/\\\/globalcitieshub.org\\\/wp-content\\\/plugins\\\/townhub-add-ons\\\/assets\\\/images\\\/avatar.jpg\",\"url\":\"https:\\\/\\\/globalcitieshub.org\\\/wp-content\\\/plugins\\\/townhub-add-ons\\\/assets\\\/images\\\/avatar.jpg\",\"contentUrl\":\"https:\\\/\\\/globalcitieshub.org\\\/wp-content\\\/plugins\\\/townhub-add-ons\\\/assets\\\/images\\\/avatar.jpg\",\"caption\":\"root_new\"},\"sameAs\":[\"http:\\\/\\\/gch.dev-bulbera.com\"],\"url\":\"https:\\\/\\\/globalcitieshub.org\\\/fr\\\/author\\\/root_new\\\/\"}]}<\/script>\n<!-- \/ Yoast SEO plugin. -->","yoast_head_json":{"title":"Les Etats ne sont pas les seuls \u00e0 s'engager en faveur des droits de l'homme - Global Cities Hub","description":"Afin de garantir l'efficacit\u00e9 de l'action de l'\u00c9tat en mati\u00e8re de mise en \u0153uvre des droits de l'homme, ils doivent s'engager pleinement aupr\u00e8s des autorit\u00e9s locales.","robots":{"index":"index","follow":"follow","max-snippet":"max-snippet:-1","max-image-preview":"max-image-preview:large","max-video-preview":"max-video-preview:-1"},"canonical":"https:\/\/globalcitieshub.org\/fr\/states-are-not-alone-in-their-commitment-to-human-rights\/","og_locale":"fr_FR","og_type":"article","og_title":"States are not alone in their commitment to human rights - Global Cities Hub","og_description":"In order to ensure effective State action on human rights implementation, they need to fully engage with local authorities.","og_url":"https:\/\/globalcitieshub.org\/fr\/states-are-not-alone-in-their-commitment-to-human-rights\/","og_site_name":"Global Cities Hub","article_published_time":"2023-06-23T07:44:13+00:00","article_modified_time":"2023-08-28T13:35:18+00:00","og_image":[{"width":786,"height":524,"url":"https:\/\/globalcitieshub.org\/wp-content\/uploads\/2023\/06\/News-2.png","type":"image\/png"}],"author":"root_new","twitter_card":"summary_large_image","twitter_creator":"@genevacitieshub","twitter_site":"@genevacitieshub","twitter_misc":{"\u00c9crit par":"root_new","Dur\u00e9e de lecture estim\u00e9e":"2 minutes"},"schema":{"@context":"https:\/\/schema.org","@graph":[{"@type":"Article","@id":"https:\/\/globalcitieshub.org\/fr\/states-are-not-alone-in-their-commitment-to-human-rights\/#article","isPartOf":{"@id":"https:\/\/globalcitieshub.org\/fr\/states-are-not-alone-in-their-commitment-to-human-rights\/"},"author":{"name":"root_new","@id":"https:\/\/globalcitieshub.org\/fr\/#\/schema\/person\/507d9e6bfa91593e51e4b24f8c3efc42"},"headline":"States are not alone in their commitment to human rights","datePublished":"2023-06-23T07:44:13+00:00","dateModified":"2023-08-28T13:35:18+00:00","mainEntityOfPage":{"@id":"https:\/\/globalcitieshub.org\/fr\/states-are-not-alone-in-their-commitment-to-human-rights\/"},"wordCount":430,"publisher":{"@id":"https:\/\/globalcitieshub.org\/fr\/#organization"},"image":{"@id":"https:\/\/globalcitieshub.org\/fr\/states-are-not-alone-in-their-commitment-to-human-rights\/#primaryimage"},"thumbnailUrl":"https:\/\/globalcitieshub.org\/wp-content\/uploads\/2023\/06\/News-2.png","articleSection":["International Geneva News","News"],"inLanguage":"fr-FR"},{"@type":"WebPage","@id":"https:\/\/globalcitieshub.org\/fr\/states-are-not-alone-in-their-commitment-to-human-rights\/","url":"https:\/\/globalcitieshub.org\/fr\/states-are-not-alone-in-their-commitment-to-human-rights\/","name":"Les Etats ne sont pas les seuls \u00e0 s'engager en faveur des droits de l'homme - Global Cities Hub","isPartOf":{"@id":"https:\/\/globalcitieshub.org\/fr\/#website"},"primaryImageOfPage":{"@id":"https:\/\/globalcitieshub.org\/fr\/states-are-not-alone-in-their-commitment-to-human-rights\/#primaryimage"},"image":{"@id":"https:\/\/globalcitieshub.org\/fr\/states-are-not-alone-in-their-commitment-to-human-rights\/#primaryimage"},"thumbnailUrl":"https:\/\/globalcitieshub.org\/wp-content\/uploads\/2023\/06\/News-2.png","datePublished":"2023-06-23T07:44:13+00:00","dateModified":"2023-08-28T13:35:18+00:00","description":"Afin de garantir l'efficacit\u00e9 de l'action de l'\u00c9tat en mati\u00e8re de mise en \u0153uvre des droits de l'homme, ils doivent s'engager pleinement aupr\u00e8s des autorit\u00e9s locales.","inLanguage":"fr-FR","potentialAction":[{"@type":"ReadAction","target":["https:\/\/globalcitieshub.org\/fr\/states-are-not-alone-in-their-commitment-to-human-rights\/"]}]},{"@type":"ImageObject","inLanguage":"fr-FR","@id":"https:\/\/globalcitieshub.org\/fr\/states-are-not-alone-in-their-commitment-to-human-rights\/#primaryimage","url":"https:\/\/globalcitieshub.org\/wp-content\/uploads\/2023\/06\/News-2.png","contentUrl":"https:\/\/globalcitieshub.org\/wp-content\/uploads\/2023\/06\/News-2.png","width":786,"height":524},{"@type":"WebSite","@id":"https:\/\/globalcitieshub.org\/fr\/#website","url":"https:\/\/globalcitieshub.org\/fr\/","name":"Global Cities Hub","description":"Relier les gouvernements locaux et r\u00e9gionaux aux Nations unies et \u00e0 d'autres organisations internationales","publisher":{"@id":"https:\/\/globalcitieshub.org\/fr\/#organization"},"potentialAction":[{"@type":"SearchAction","target":{"@type":"EntryPoint","urlTemplate":"https:\/\/globalcitieshub.org\/fr\/?s={search_term_string}"},"query-input":{"@type":"PropertyValueSpecification","valueRequired":true,"valueName":"search_term_string"}}],"inLanguage":"fr-FR"},{"@type":"Organization","@id":"https:\/\/globalcitieshub.org\/fr\/#organization","name":"Global Cities Hub","url":"https:\/\/globalcitieshub.org\/fr\/","logo":{"@type":"ImageObject","inLanguage":"fr-FR","@id":"https:\/\/globalcitieshub.org\/fr\/#\/schema\/logo\/image\/","url":"https:\/\/globalcitieshub.org\/wp-content\/uploads\/2023\/09\/230829_Logo_Global_Cities_Hub_Couleur_fond-blanc_RVB.png","contentUrl":"https:\/\/globalcitieshub.org\/wp-content\/uploads\/2023\/09\/230829_Logo_Global_Cities_Hub_Couleur_fond-blanc_RVB.png","width":2544,"height":1446,"caption":"Global Cities Hub"},"image":{"@id":"https:\/\/globalcitieshub.org\/fr\/#\/schema\/logo\/image\/"},"sameAs":["https:\/\/x.com\/genevacitieshub"]},{"@type":"Person","@id":"https:\/\/globalcitieshub.org\/fr\/#\/schema\/person\/507d9e6bfa91593e51e4b24f8c3efc42","name":"racine_nouveau","image":{"@type":"ImageObject","inLanguage":"fr-FR","@id":"https:\/\/globalcitieshub.org\/wp-content\/plugins\/townhub-add-ons\/assets\/images\/avatar.jpg","url":"https:\/\/globalcitieshub.org\/wp-content\/plugins\/townhub-add-ons\/assets\/images\/avatar.jpg","contentUrl":"https:\/\/globalcitieshub.org\/wp-content\/plugins\/townhub-add-ons\/assets\/images\/avatar.jpg","caption":"root_new"},"sameAs":["http:\/\/gch.dev-bulbera.com"],"url":"https:\/\/globalcitieshub.org\/fr\/author\/root_new\/"}]}},"_links":{"self":[{"href":"https:\/\/globalcitieshub.org\/fr\/wp-json\/wp\/v2\/posts\/18653","targetHints":{"allow":["GET"]}}],"collection":[{"href":"https:\/\/globalcitieshub.org\/fr\/wp-json\/wp\/v2\/posts"}],"about":[{"href":"https:\/\/globalcitieshub.org\/fr\/wp-json\/wp\/v2\/types\/post"}],"author":[{"embeddable":true,"href":"https:\/\/globalcitieshub.org\/fr\/wp-json\/wp\/v2\/users\/1"}],"replies":[{"embeddable":true,"href":"https:\/\/globalcitieshub.org\/fr\/wp-json\/wp\/v2\/comments?post=18653"}],"version-history":[{"count":4,"href":"https:\/\/globalcitieshub.org\/fr\/wp-json\/wp\/v2\/posts\/18653\/revisions"}],"predecessor-version":[{"id":22080,"href":"https:\/\/globalcitieshub.org\/fr\/wp-json\/wp\/v2\/posts\/18653\/revisions\/22080"}],"wp:featuredmedia":[{"embeddable":true,"href":"https:\/\/globalcitieshub.org\/fr\/wp-json\/wp\/v2\/media\/18656"}],"wp:attachment":[{"href":"https:\/\/globalcitieshub.org\/fr\/wp-json\/wp\/v2\/media?parent=18653"}],"wp:term":[{"taxonomy":"category","embeddable":true,"href":"https:\/\/globalcitieshub.org\/fr\/wp-json\/wp\/v2\/categories?post=18653"},{"taxonomy":"post_tag","embeddable":true,"href":"https:\/\/globalcitieshub.org\/fr\/wp-json\/wp\/v2\/tags?post=18653"}],"curies":[{"name":"wp","href":"https:\/\/api.w.org\/{rel}","templated":true}]}}