{"id":18546,"date":"2023-05-17T15:43:47","date_gmt":"2023-05-17T13:43:47","guid":{"rendered":"https:\/\/www.genevacitieshub.org\/?p=18546"},"modified":"2023-05-22T16:58:21","modified_gmt":"2023-05-22T14:58:21","slug":"mayors-are-critical-to-refugee-inclusion","status":"publish","type":"post","link":"https:\/\/globalcitieshub.org\/fr\/mayors-are-critical-to-refugee-inclusion\/","title":{"rendered":"Les maires sont essentiels \u00e0 l'int\u00e9gration des r\u00e9fugi\u00e9s"},"content":{"rendered":"<p>Le 17 mai 2023, le Geneva Cities Hub, le <a href=\"https:\/\/www.genevacitieshub.org\/en\/mayors-migration-council\/\">Conseil des maires sur les migrations,<\/a> <a href=\"https:\/\/www.genevacitieshub.org\/en\/united-cities-and-local-governments\/\">CGLU<\/a> , et le <a href=\"https:\/\/www.mayorsmechanism.org\/\" target=\"_blank\" rel=\"noreferrer noopener\">M\u00e9canisme des maires<\/a> ont uni leurs forces pour s'exprimer au nom du groupe des gouvernements locaux et r\u00e9gionaux (LRG) lors de la deuxi\u00e8me r\u00e9union pr\u00e9paratoire officielle du Forum mondial sur les r\u00e9fugi\u00e9s (GRF, Gen\u00e8ve, 13-15 d\u00e9cembre 2023). <\/p>\n\n\n\n<p>Alors que la communaut\u00e9 internationale se pr\u00e9pare pour le deuxi\u00e8me Forum mondial sur les r\u00e9fugi\u00e9s, le GCH et ses partenaires ont rappel\u00e9 le r\u00f4le essentiel des GRL en mati\u00e8re d'inclusion des r\u00e9fugi\u00e9s et les r\u00e9alisations du Forum mondial sur les r\u00e9fugi\u00e9s. <a href=\"https:\/\/www.unhcr.org\/about-unhcr\/who-we-are\/global-compact-refugees\">Pacte mondial sur les r\u00e9fugi\u00e9s<\/a>. Trois demandes sp\u00e9cifiques ont \u00e9t\u00e9 adress\u00e9es aux \u00c9tats et au HCR \u00e0 l'occasion de ces r\u00e9unions pr\u00e9paratoires : <\/p>\n\n\n\n<ol class=\"wp-block-list\">\n<li>accueillir les gouvernements locaux au sein du GRF dans tous les segments de ses programmes, afin qu'ils puissent partager leurs engagements et leur expertise<\/li>\n\n\n\n<li>le partenariat avec les collectivit\u00e9s locales et, en particulier, la pr\u00e9sentation par les \u00c9tats d'engagements conjoints avec leurs collectivit\u00e9s locales ou l'inclusion de ces derni\u00e8res dans les d\u00e9l\u00e9gations nationales au GRF<\/li>\n\n\n\n<li>consulter les gouvernements locaux sur des solutions politiques en rapport avec les politiques relatives aux r\u00e9fugi\u00e9s.<\/li>\n<\/ol>\n\n\n\n<p>Le groupe d'int\u00e9r\u00eat des GRL continuera \u00e0 s'engager \u00e0 l'approche du GRF, en particulier pour garantir une participation significative des maires \u00e0 cet important processus multilat\u00e9ral.<\/p>\n\n\n\n<p><\/p>\n\n\n\n<p><a href=\"https:\/\/www.genevacitieshub.org\/wp-content\/uploads\/2023\/05\/2nd-GRF-Formal-Briefing_LRG-Statement_17-May-2023.pdf\" target=\"_blank\" rel=\"noreferrer noopener\">Lire l'int\u00e9gralit\u00e9 de la d\u00e9claration des organisations de gouvernements locaux lors de la deuxi\u00e8me r\u00e9union pr\u00e9paratoire officielle du Forum mondial sur les r\u00e9fugi\u00e9s 2023 17 mai 2023<\/a><\/p>","protected":false},"excerpt":{"rendered":"<p>Le 17 mai 2023, le Geneva Cities Hub, le Conseil des Maires pour la Migration, CGLU et le M\u00e9canisme des Maires ont uni leurs forces pour s'exprimer au nom du groupe des Gouvernements Locaux et R\u00e9gionaux (GLR) lors du 2\u00e8me briefing pr\u00e9paratoire officiel du Forum Mondial sur les R\u00e9fugi\u00e9s (GRF, Gen\u00e8ve, 13-15 d\u00e9c. 2023). Alors que la communaut\u00e9 internationale se pr\u00e9pare pour le deuxi\u00e8me ... <\/p>","protected":false},"author":1,"featured_media":18549,"comment_status":"closed","ping_status":"open","sticky":false,"template":"","format":"standard","meta":{"_monsterinsights_skip_tracking":false,"_monsterinsights_sitenote_active":false,"_monsterinsights_sitenote_note":"","_monsterinsights_sitenote_category":0,"footnotes":""},"categories":[1,141],"tags":[],"class_list":["post-18546","post","type-post","status-publish","format-standard","has-post-thumbnail","hentry","category-news","category-others"],"yoast_head":"<!-- This site is optimized with the Yoast SEO plugin v27.4 - https:\/\/yoast.com\/product\/yoast-seo-wordpress\/ -->\n<title>Mayors are critical to refugee inclusion - Global Cities Hub<\/title>\n<meta name=\"description\" content=\"Local and Regional Governments play a critical role in relation to refugee inclusion and the achievements of the Global Compact on Refugees.\" \/>\n<meta name=\"robots\" content=\"index, follow, max-snippet:-1, max-image-preview:large, max-video-preview:-1\" \/>\n<link rel=\"canonical\" href=\"https:\/\/globalcitieshub.org\/fr\/mayors-are-critical-to-refugee-inclusion\/\" \/>\n<meta property=\"og:locale\" content=\"fr_FR\" \/>\n<meta property=\"og:type\" content=\"article\" \/>\n<meta property=\"og:title\" content=\"Mayors are critical to refugee inclusion - Global Cities Hub\" \/>\n<meta property=\"og:description\" content=\"Local and Regional Governments play a critical role in relation to refugee inclusion and the achievements of the Global Compact on Refugees.\" \/>\n<meta property=\"og:url\" content=\"https:\/\/globalcitieshub.org\/fr\/mayors-are-critical-to-refugee-inclusion\/\" \/>\n<meta property=\"og:site_name\" content=\"Global Cities Hub\" \/>\n<meta property=\"article:published_time\" content=\"2023-05-17T13:43:47+00:00\" \/>\n<meta property=\"article:modified_time\" content=\"2023-05-22T14:58:21+00:00\" \/>\n<meta property=\"og:image\" content=\"https:\/\/globalcitieshub.org\/wp-content\/uploads\/2023\/05\/News-3.png\" \/>\n\t<meta property=\"og:image:width\" content=\"786\" \/>\n\t<meta property=\"og:image:height\" content=\"524\" \/>\n\t<meta property=\"og:image:type\" content=\"image\/png\" \/>\n<meta name=\"author\" content=\"root_new\" \/>\n<meta name=\"twitter:card\" content=\"summary_large_image\" \/>\n<meta name=\"twitter:creator\" content=\"@genevacitieshub\" \/>\n<meta name=\"twitter:site\" content=\"@genevacitieshub\" \/>\n<meta name=\"twitter:label1\" content=\"\u00c9crit par\" \/>\n\t<meta name=\"twitter:data1\" content=\"root_new\" \/>\n\t<meta name=\"twitter:label2\" content=\"Dur\u00e9e de lecture estim\u00e9e\" \/>\n\t<meta name=\"twitter:data2\" content=\"1 minute\" \/>\n<script type=\"application\/ld+json\" class=\"yoast-schema-graph\">{\"@context\":\"https:\\\/\\\/schema.org\",\"@graph\":[{\"@type\":\"Article\",\"@id\":\"https:\\\/\\\/globalcitieshub.org\\\/fr\\\/mayors-are-critical-to-refugee-inclusion\\\/#article\",\"isPartOf\":{\"@id\":\"https:\\\/\\\/globalcitieshub.org\\\/fr\\\/mayors-are-critical-to-refugee-inclusion\\\/\"},\"author\":{\"name\":\"root_new\",\"@id\":\"https:\\\/\\\/globalcitieshub.org\\\/fr\\\/#\\\/schema\\\/person\\\/507d9e6bfa91593e51e4b24f8c3efc42\"},\"headline\":\"Mayors are critical to refugee inclusion\",\"datePublished\":\"2023-05-17T13:43:47+00:00\",\"dateModified\":\"2023-05-22T14:58:21+00:00\",\"mainEntityOfPage\":{\"@id\":\"https:\\\/\\\/globalcitieshub.org\\\/fr\\\/mayors-are-critical-to-refugee-inclusion\\\/\"},\"wordCount\":211,\"publisher\":{\"@id\":\"https:\\\/\\\/globalcitieshub.org\\\/fr\\\/#organization\"},\"image\":{\"@id\":\"https:\\\/\\\/globalcitieshub.org\\\/fr\\\/mayors-are-critical-to-refugee-inclusion\\\/#primaryimage\"},\"thumbnailUrl\":\"https:\\\/\\\/globalcitieshub.org\\\/wp-content\\\/uploads\\\/2023\\\/05\\\/News-3.png\",\"articleSection\":[\"News\",\"Others\"],\"inLanguage\":\"fr-FR\"},{\"@type\":\"WebPage\",\"@id\":\"https:\\\/\\\/globalcitieshub.org\\\/fr\\\/mayors-are-critical-to-refugee-inclusion\\\/\",\"url\":\"https:\\\/\\\/globalcitieshub.org\\\/fr\\\/mayors-are-critical-to-refugee-inclusion\\\/\",\"name\":\"Mayors are critical to refugee inclusion - Global Cities Hub\",\"isPartOf\":{\"@id\":\"https:\\\/\\\/globalcitieshub.org\\\/fr\\\/#website\"},\"primaryImageOfPage\":{\"@id\":\"https:\\\/\\\/globalcitieshub.org\\\/fr\\\/mayors-are-critical-to-refugee-inclusion\\\/#primaryimage\"},\"image\":{\"@id\":\"https:\\\/\\\/globalcitieshub.org\\\/fr\\\/mayors-are-critical-to-refugee-inclusion\\\/#primaryimage\"},\"thumbnailUrl\":\"https:\\\/\\\/globalcitieshub.org\\\/wp-content\\\/uploads\\\/2023\\\/05\\\/News-3.png\",\"datePublished\":\"2023-05-17T13:43:47+00:00\",\"dateModified\":\"2023-05-22T14:58:21+00:00\",\"description\":\"Local and Regional Governments play a critical role in relation to refugee inclusion and the achievements of the Global Compact on Refugees.\",\"inLanguage\":\"fr-FR\",\"potentialAction\":[{\"@type\":\"ReadAction\",\"target\":[\"https:\\\/\\\/globalcitieshub.org\\\/fr\\\/mayors-are-critical-to-refugee-inclusion\\\/\"]}]},{\"@type\":\"ImageObject\",\"inLanguage\":\"fr-FR\",\"@id\":\"https:\\\/\\\/globalcitieshub.org\\\/fr\\\/mayors-are-critical-to-refugee-inclusion\\\/#primaryimage\",\"url\":\"https:\\\/\\\/globalcitieshub.org\\\/wp-content\\\/uploads\\\/2023\\\/05\\\/News-3.png\",\"contentUrl\":\"https:\\\/\\\/globalcitieshub.org\\\/wp-content\\\/uploads\\\/2023\\\/05\\\/News-3.png\",\"width\":786,\"height\":524},{\"@type\":\"WebSite\",\"@id\":\"https:\\\/\\\/globalcitieshub.org\\\/fr\\\/#website\",\"url\":\"https:\\\/\\\/globalcitieshub.org\\\/fr\\\/\",\"name\":\"Global Cities Hub\",\"description\":\"Connecting local and regional governments to the United Nations and other  international organizations\",\"publisher\":{\"@id\":\"https:\\\/\\\/globalcitieshub.org\\\/fr\\\/#organization\"},\"potentialAction\":[{\"@type\":\"SearchAction\",\"target\":{\"@type\":\"EntryPoint\",\"urlTemplate\":\"https:\\\/\\\/globalcitieshub.org\\\/fr\\\/?s={search_term_string}\"},\"query-input\":{\"@type\":\"PropertyValueSpecification\",\"valueRequired\":true,\"valueName\":\"search_term_string\"}}],\"inLanguage\":\"fr-FR\"},{\"@type\":\"Organization\",\"@id\":\"https:\\\/\\\/globalcitieshub.org\\\/fr\\\/#organization\",\"name\":\"Global Cities Hub\",\"url\":\"https:\\\/\\\/globalcitieshub.org\\\/fr\\\/\",\"logo\":{\"@type\":\"ImageObject\",\"inLanguage\":\"fr-FR\",\"@id\":\"https:\\\/\\\/globalcitieshub.org\\\/fr\\\/#\\\/schema\\\/logo\\\/image\\\/\",\"url\":\"https:\\\/\\\/globalcitieshub.org\\\/wp-content\\\/uploads\\\/2023\\\/09\\\/230829_Logo_Global_Cities_Hub_Couleur_fond-blanc_RVB.png\",\"contentUrl\":\"https:\\\/\\\/globalcitieshub.org\\\/wp-content\\\/uploads\\\/2023\\\/09\\\/230829_Logo_Global_Cities_Hub_Couleur_fond-blanc_RVB.png\",\"width\":2544,\"height\":1446,\"caption\":\"Global Cities Hub\"},\"image\":{\"@id\":\"https:\\\/\\\/globalcitieshub.org\\\/fr\\\/#\\\/schema\\\/logo\\\/image\\\/\"},\"sameAs\":[\"https:\\\/\\\/x.com\\\/genevacitieshub\"]},{\"@type\":\"Person\",\"@id\":\"https:\\\/\\\/globalcitieshub.org\\\/fr\\\/#\\\/schema\\\/person\\\/507d9e6bfa91593e51e4b24f8c3efc42\",\"name\":\"root_new\",\"image\":{\"@type\":\"ImageObject\",\"inLanguage\":\"fr-FR\",\"@id\":\"https:\\\/\\\/globalcitieshub.org\\\/wp-content\\\/plugins\\\/townhub-add-ons\\\/assets\\\/images\\\/avatar.jpg\",\"url\":\"https:\\\/\\\/globalcitieshub.org\\\/wp-content\\\/plugins\\\/townhub-add-ons\\\/assets\\\/images\\\/avatar.jpg\",\"contentUrl\":\"https:\\\/\\\/globalcitieshub.org\\\/wp-content\\\/plugins\\\/townhub-add-ons\\\/assets\\\/images\\\/avatar.jpg\",\"caption\":\"root_new\"},\"sameAs\":[\"http:\\\/\\\/gch.dev-bulbera.com\"],\"url\":\"https:\\\/\\\/globalcitieshub.org\\\/fr\\\/author\\\/root_new\\\/\"}]}<\/script>\n<!-- \/ Yoast SEO plugin. -->","yoast_head_json":{"title":"Les maires sont essentiels \u00e0 l'inclusion des r\u00e9fugi\u00e9s - Global Cities Hub","description":"Les gouvernements locaux et r\u00e9gionaux jouent un r\u00f4le essentiel dans l'int\u00e9gration des r\u00e9fugi\u00e9s et dans la r\u00e9alisation du Pacte mondial sur les r\u00e9fugi\u00e9s.","robots":{"index":"index","follow":"follow","max-snippet":"max-snippet:-1","max-image-preview":"max-image-preview:large","max-video-preview":"max-video-preview:-1"},"canonical":"https:\/\/globalcitieshub.org\/fr\/mayors-are-critical-to-refugee-inclusion\/","og_locale":"fr_FR","og_type":"article","og_title":"Mayors are critical to refugee inclusion - Global Cities Hub","og_description":"Local and Regional Governments play a critical role in relation to refugee inclusion and the achievements of the Global Compact on Refugees.","og_url":"https:\/\/globalcitieshub.org\/fr\/mayors-are-critical-to-refugee-inclusion\/","og_site_name":"Global Cities Hub","article_published_time":"2023-05-17T13:43:47+00:00","article_modified_time":"2023-05-22T14:58:21+00:00","og_image":[{"width":786,"height":524,"url":"https:\/\/globalcitieshub.org\/wp-content\/uploads\/2023\/05\/News-3.png","type":"image\/png"}],"author":"root_new","twitter_card":"summary_large_image","twitter_creator":"@genevacitieshub","twitter_site":"@genevacitieshub","twitter_misc":{"\u00c9crit par":"root_new","Dur\u00e9e de lecture estim\u00e9e":"1 minute"},"schema":{"@context":"https:\/\/schema.org","@graph":[{"@type":"Article","@id":"https:\/\/globalcitieshub.org\/fr\/mayors-are-critical-to-refugee-inclusion\/#article","isPartOf":{"@id":"https:\/\/globalcitieshub.org\/fr\/mayors-are-critical-to-refugee-inclusion\/"},"author":{"name":"root_new","@id":"https:\/\/globalcitieshub.org\/fr\/#\/schema\/person\/507d9e6bfa91593e51e4b24f8c3efc42"},"headline":"Mayors are critical to refugee inclusion","datePublished":"2023-05-17T13:43:47+00:00","dateModified":"2023-05-22T14:58:21+00:00","mainEntityOfPage":{"@id":"https:\/\/globalcitieshub.org\/fr\/mayors-are-critical-to-refugee-inclusion\/"},"wordCount":211,"publisher":{"@id":"https:\/\/globalcitieshub.org\/fr\/#organization"},"image":{"@id":"https:\/\/globalcitieshub.org\/fr\/mayors-are-critical-to-refugee-inclusion\/#primaryimage"},"thumbnailUrl":"https:\/\/globalcitieshub.org\/wp-content\/uploads\/2023\/05\/News-3.png","articleSection":["News","Others"],"inLanguage":"fr-FR"},{"@type":"WebPage","@id":"https:\/\/globalcitieshub.org\/fr\/mayors-are-critical-to-refugee-inclusion\/","url":"https:\/\/globalcitieshub.org\/fr\/mayors-are-critical-to-refugee-inclusion\/","name":"Les maires sont essentiels \u00e0 l'inclusion des r\u00e9fugi\u00e9s - Global Cities Hub","isPartOf":{"@id":"https:\/\/globalcitieshub.org\/fr\/#website"},"primaryImageOfPage":{"@id":"https:\/\/globalcitieshub.org\/fr\/mayors-are-critical-to-refugee-inclusion\/#primaryimage"},"image":{"@id":"https:\/\/globalcitieshub.org\/fr\/mayors-are-critical-to-refugee-inclusion\/#primaryimage"},"thumbnailUrl":"https:\/\/globalcitieshub.org\/wp-content\/uploads\/2023\/05\/News-3.png","datePublished":"2023-05-17T13:43:47+00:00","dateModified":"2023-05-22T14:58:21+00:00","description":"Les gouvernements locaux et r\u00e9gionaux jouent un r\u00f4le essentiel dans l'int\u00e9gration des r\u00e9fugi\u00e9s et dans la r\u00e9alisation du Pacte mondial sur les r\u00e9fugi\u00e9s.","inLanguage":"fr-FR","potentialAction":[{"@type":"ReadAction","target":["https:\/\/globalcitieshub.org\/fr\/mayors-are-critical-to-refugee-inclusion\/"]}]},{"@type":"ImageObject","inLanguage":"fr-FR","@id":"https:\/\/globalcitieshub.org\/fr\/mayors-are-critical-to-refugee-inclusion\/#primaryimage","url":"https:\/\/globalcitieshub.org\/wp-content\/uploads\/2023\/05\/News-3.png","contentUrl":"https:\/\/globalcitieshub.org\/wp-content\/uploads\/2023\/05\/News-3.png","width":786,"height":524},{"@type":"WebSite","@id":"https:\/\/globalcitieshub.org\/fr\/#website","url":"https:\/\/globalcitieshub.org\/fr\/","name":"Global Cities Hub","description":"Relier les gouvernements locaux et r\u00e9gionaux aux Nations unies et \u00e0 d'autres organisations internationales","publisher":{"@id":"https:\/\/globalcitieshub.org\/fr\/#organization"},"potentialAction":[{"@type":"SearchAction","target":{"@type":"EntryPoint","urlTemplate":"https:\/\/globalcitieshub.org\/fr\/?s={search_term_string}"},"query-input":{"@type":"PropertyValueSpecification","valueRequired":true,"valueName":"search_term_string"}}],"inLanguage":"fr-FR"},{"@type":"Organization","@id":"https:\/\/globalcitieshub.org\/fr\/#organization","name":"Global Cities Hub","url":"https:\/\/globalcitieshub.org\/fr\/","logo":{"@type":"ImageObject","inLanguage":"fr-FR","@id":"https:\/\/globalcitieshub.org\/fr\/#\/schema\/logo\/image\/","url":"https:\/\/globalcitieshub.org\/wp-content\/uploads\/2023\/09\/230829_Logo_Global_Cities_Hub_Couleur_fond-blanc_RVB.png","contentUrl":"https:\/\/globalcitieshub.org\/wp-content\/uploads\/2023\/09\/230829_Logo_Global_Cities_Hub_Couleur_fond-blanc_RVB.png","width":2544,"height":1446,"caption":"Global Cities Hub"},"image":{"@id":"https:\/\/globalcitieshub.org\/fr\/#\/schema\/logo\/image\/"},"sameAs":["https:\/\/x.com\/genevacitieshub"]},{"@type":"Person","@id":"https:\/\/globalcitieshub.org\/fr\/#\/schema\/person\/507d9e6bfa91593e51e4b24f8c3efc42","name":"racine_nouveau","image":{"@type":"ImageObject","inLanguage":"fr-FR","@id":"https:\/\/globalcitieshub.org\/wp-content\/plugins\/townhub-add-ons\/assets\/images\/avatar.jpg","url":"https:\/\/globalcitieshub.org\/wp-content\/plugins\/townhub-add-ons\/assets\/images\/avatar.jpg","contentUrl":"https:\/\/globalcitieshub.org\/wp-content\/plugins\/townhub-add-ons\/assets\/images\/avatar.jpg","caption":"root_new"},"sameAs":["http:\/\/gch.dev-bulbera.com"],"url":"https:\/\/globalcitieshub.org\/fr\/author\/root_new\/"}]}},"_links":{"self":[{"href":"https:\/\/globalcitieshub.org\/fr\/wp-json\/wp\/v2\/posts\/18546","targetHints":{"allow":["GET"]}}],"collection":[{"href":"https:\/\/globalcitieshub.org\/fr\/wp-json\/wp\/v2\/posts"}],"about":[{"href":"https:\/\/globalcitieshub.org\/fr\/wp-json\/wp\/v2\/types\/post"}],"author":[{"embeddable":true,"href":"https:\/\/globalcitieshub.org\/fr\/wp-json\/wp\/v2\/users\/1"}],"replies":[{"embeddable":true,"href":"https:\/\/globalcitieshub.org\/fr\/wp-json\/wp\/v2\/comments?post=18546"}],"version-history":[{"count":3,"href":"https:\/\/globalcitieshub.org\/fr\/wp-json\/wp\/v2\/posts\/18546\/revisions"}],"predecessor-version":[{"id":18552,"href":"https:\/\/globalcitieshub.org\/fr\/wp-json\/wp\/v2\/posts\/18546\/revisions\/18552"}],"wp:featuredmedia":[{"embeddable":true,"href":"https:\/\/globalcitieshub.org\/fr\/wp-json\/wp\/v2\/media\/18549"}],"wp:attachment":[{"href":"https:\/\/globalcitieshub.org\/fr\/wp-json\/wp\/v2\/media?parent=18546"}],"wp:term":[{"taxonomy":"category","embeddable":true,"href":"https:\/\/globalcitieshub.org\/fr\/wp-json\/wp\/v2\/categories?post=18546"},{"taxonomy":"post_tag","embeddable":true,"href":"https:\/\/globalcitieshub.org\/fr\/wp-json\/wp\/v2\/tags?post=18546"}],"curies":[{"name":"wp","href":"https:\/\/api.w.org\/{rel}","templated":true}]}}