{"id":18421,"date":"2023-05-04T15:42:32","date_gmt":"2023-05-04T13:42:32","guid":{"rendered":"https:\/\/www.genevacitieshub.org\/?p=18421"},"modified":"2023-05-05T16:05:21","modified_gmt":"2023-05-05T14:05:21","slug":"responding-in-cities-affected-by-war-or-violence","status":"publish","type":"post","link":"https:\/\/globalcitieshub.org\/fr\/responding-in-cities-affected-by-war-or-violence\/","title":{"rendered":"Intervenir dans les villes touch\u00e9es par la guerre ou la violence"},"content":{"rendered":"<h4 class=\"wp-block-heading has-text-align-center\"><em>Les humanitaires ne doivent pas seulement travailler dans la ville, mais avec la ville<\/em><\/h4>\n\n\n\n<div style=\"height:58px\" aria-hidden=\"true\" class=\"wp-block-spacer\"><\/div>\n\n\n\n<p>Le 4 mai 2023, le Geneva Cities Hub, en collaboration avec le <a href=\"https:\/\/www.genevacitieshub.org\/en\/icrc-urban-issues\/\">Comit\u00e9 international de la Croix-Rouge (CICR) <\/a>et la Mission suisse aupr\u00e8s des Nations unies ont organis\u00e9 un \u00e9v\u00e9nement en personne \u00e0 la Villa Rigot sur le th\u00e8me \"R\u00e9pondre aux conflits arm\u00e9s et \u00e0 la violence dans les villes\". L'\u00e9v\u00e9nement a rassembl\u00e9 des experts humanitaires et des donateurs pour discuter de la question urgente de la guerre et de la violence dans les villes, de son impact sur les communaut\u00e9s urbaines et de la mani\u00e8re dont les humanitaires devraient travailler dans ces contextes.<\/p>\n\n\n\n<p><strong>Charles Deutscher, <\/strong>Conseiller politique au CICR et auteur du rapport \"<a href=\"https:\/\/shop.icrc.org\/present-and-engaged-how-the-icrc-responds-to-armed-conflict-and-violence-in-cities-print-en.html\">Pr\u00e9sent et engag\u00e9 : comment le CICR r\u00e9pond aux conflits arm\u00e9s et \u00e0 la violence dans les villes\".<\/a>La Commission europ\u00e9enne a soulign\u00e9 l'importance de reconna\u00eetre les besoins humanitaires distincts des environnements urbains, compte tenu de leur ampleur, du nombre de personnes touch\u00e9es et de l'expertise requise pour op\u00e9rer dans ces contextes complexes. Si la responsabilit\u00e9 de r\u00e9duire les souffrances humaines incombe indubitablement aux \u00c9tats et aux d\u00e9tenteurs d'armes, les acteurs humanitaires doivent adapter leurs r\u00e9ponses \u00e0 ces besoins humanitaires urbains distincts dans le cadre d'une r\u00e9ponse pluridisciplinaire. La prise en compte des diff\u00e9rents syst\u00e8mes urbains qui repr\u00e9sentent les domaines interconnect\u00e9s de la vie urbaine - la communaut\u00e9, l'\u00e9conomie, la gouvernance et les services - peut contribuer \u00e0 cette fin en fournissant un cadre conceptuel pratique pour la r\u00e9ponse humanitaire. Charles a \u00e9galement soulign\u00e9 la n\u00e9cessit\u00e9 pour le syst\u00e8me humanitaire de travailler en \u00e9troite collaboration avec d'autres acteurs, y compris les autorit\u00e9s locales et le secteur priv\u00e9, afin de soutenir les individus et les syst\u00e8mes urbains dont ils d\u00e9pendent, en particulier sur le long terme. Sur ce point, <strong>Fran\u00e7ois Gr\u00fcnewald,<\/strong> Directeur de la prospective strat\u00e9gique au Groupe URD, a soulign\u00e9 que les humanitaires h\u00e9sitaient g\u00e9n\u00e9ralement \u00e0 s'engager aupr\u00e8s des maires, car ils \u00e9taient per\u00e7us comme des acteurs politiques. En cons\u00e9quence, ils ont \u00e9t\u00e9 largement laiss\u00e9s de c\u00f4t\u00e9. Les maires sont pourtant des acteurs et des interlocuteurs cl\u00e9s pour les humanitaires qui interviennent dans une ville touch\u00e9e par la guerre ou la violence.<\/p>\n\n\n\n<p>C'est pourquoi les autorit\u00e9s locales ont \u00e9t\u00e9 invit\u00e9es \u00e0 l'\u00e9v\u00e9nement. <strong>Rashdi Adiong,<\/strong> Directeur g\u00e9n\u00e9ral de l'Office des eaux de Marawi, Philippines, et <strong>Renan Ferreirinha,<\/strong> Le secr\u00e9taire \u00e0 l'\u00e9ducation de Rio de Janeiro, au Br\u00e9sil, a partag\u00e9 son exp\u00e9rience, mettant en lumi\u00e8re les questions complexes que les villes doivent r\u00e9soudre en p\u00e9riode de conflit arm\u00e9 et de violence.<\/p>\n\n\n\n<p>\u00c0 Marawi, les hostilit\u00e9s de 2017 ont contraint plus de 100 000 civils \u00e0 abandonner leurs maisons et \u00e0 se r\u00e9fugier dans des abris temporaires g\u00e9r\u00e9s par le gouvernement. Le CICR, en partenariat avec la Croix-Rouge philippine, a r\u00e9agi, notamment en acheminant de l'eau par camion depuis la station de pompage principale jusqu'aux abris provisoires. Toutefois, cela n'a pas suffi \u00e0 r\u00e9pondre aux besoins des personnes d\u00e9plac\u00e9es et de la population urbaine restante. C'est pourquoi les autorit\u00e9s locales, avec l'aide du CICR et d'autres acteurs humanitaires et du d\u00e9veloppement, ont collabor\u00e9 pour r\u00e9parer et remplacer les infrastructures hydrauliques endommag\u00e9es ou d\u00e9truites par le conflit (stations de pompage, canalisations), pour r\u00e9tablir l'approvisionnement en eau potable et le fonctionnement du syst\u00e8me d'assainissement, et ainsi renforcer la r\u00e9silience de la ville et de sa population en g\u00e9n\u00e9ral.<\/p>\n\n\n\n<p>Renan Ferreirinha a parl\u00e9 des d\u00e9fis auxquels est confront\u00e9 le syst\u00e8me \u00e9ducatif de Rio de Janeiro (le plus grand syst\u00e8me municipal d'Am\u00e9rique latine, qui accueille plus de 700 000 enfants). La violence urbaine perturbe la fourniture de services publics essentiels tels que l'\u00e9ducation en rendant dangereux ou impossible pour les \u00e9l\u00e8ves et les enseignants de se rendre \u00e0 l'\u00e9cole. \u00c0 Rio de Janeiro, 60% des \u00e9coles sont situ\u00e9es dans des endroits consid\u00e9r\u00e9s comme dangereux. En r\u00e9ponse \u00e0 cette r\u00e9alit\u00e9 difficile, le gouvernement local a mis en place une m\u00e9thodologie de gestion des risques (<a href=\"https:\/\/www.icrc.org\/en\/publication\/safer-access-public-essential-services-report\">Cadre pour un acc\u00e8s plus s\u00fbr aux services publics essentiels<\/a>) avec l'aide du CICR, afin de renforcer la r\u00e9silience des \u00e9coles et de les aider \u00e0 r\u00e9duire, att\u00e9nuer et r\u00e9pondre aux cons\u00e9quences de l'exposition \u00e0 la violence arm\u00e9e. Par exemple, lorsqu'il y a une augmentation de la violence et des menaces \u00e0 proximit\u00e9 d'une \u00e9cole, une notification est envoy\u00e9e aux directeurs d'\u00e9cole afin qu'ils prennent les mesures n\u00e9cessaires pour assurer la s\u00e9curit\u00e9 des \u00e9l\u00e8ves et des enseignants et minimiser les perturbations de l'enseignement. Cette m\u00e9thode a \u00e9t\u00e9 couronn\u00e9e de succ\u00e8s et a permis de r\u00e9duire consid\u00e9rablement le nombre de fermetures d'\u00e9coles pour cause de violence arm\u00e9e ; elle est actuellement mise en \u0153uvre dans d'autres villes du pays.<\/p>\n\n\n\n<p>La discussion qui a suivi a port\u00e9 sur les d\u00e9fis auxquels les humanitaires doivent faire face lorsqu'ils op\u00e8rent dans des villes partiellement ou enti\u00e8rement d\u00e9truites par la guerre : difficult\u00e9 de mettre en \u0153uvre une approche v\u00e9ritablement multidisciplinaire, en collaboration avec les autorit\u00e9s locales ; op\u00e9rer dans des environnements dangereux avec des restes explosifs de guerre ; aider ceux qui ne sont pas \"connus pour \u00eatre dans la ville\" (migrants sans papiers, sans-abri, r\u00e9fugi\u00e9s non enregistr\u00e9s, etc.) ; les approches visant \u00e0 impliquer les groupes arm\u00e9s ; les acteurs humanitaires mal \u00e9quip\u00e9s pour r\u00e9pondre aux besoins de rel\u00e8vement \u00e0 long terme et le r\u00f4le des acteurs du d\u00e9veloppement \u00e0 cet \u00e9gard, en particulier en ce qui concerne la r\u00e9silience des citadins et du syst\u00e8me.<\/p>\n\n\n\n<p>N\u00e9anmoins, de nombreux travaux ont \u00e9t\u00e9 entrepris sur la question de la guerre urbaine et un corpus de connaissances s'est constitu\u00e9 au fil des ans sur les op\u00e9rations humanitaires dans de tels contextes. Fran\u00e7ois Gr\u00fcnewald a soulign\u00e9 les avantages d'une approche par zone pour mettre en \u0153uvre concr\u00e8tement l'approche multidisciplinaire.<\/p>\n\n\n\n<p>Les organisations humanitaires devront continuer \u00e0 partager leurs exp\u00e9riences dans ce domaine afin de mieux r\u00e9pondre aux environnements urbains complexes. Les donateurs devraient accorder la priorit\u00e9 \u00e0 cette question, car les villes continueront d'\u00eatre au centre des conflits et de la violence, dans un monde qui s'urbanise de plus en plus. Plus important encore, la r\u00e9duction du co\u00fbt humain tragique de la guerre et de la violence urbaines d\u00e9pend en fin de compte des \u00c9tats et des d\u00e9tenteurs d'armes qui doivent respecter leurs obligations en vertu du droit international humanitaire et d'autres corpus juridiques pertinents.<\/p>","protected":false},"excerpt":{"rendered":"<p>Les humanitaires ne doivent pas seulement travailler dans la ville, mais avec la ville Le 4 mai 2023, le Geneva Cities Hub, le Comit\u00e9 international de la Croix-Rouge (CICR) et la Mission suisse aupr\u00e8s de l'ONU ont organis\u00e9 un \u00e9v\u00e9nement en personne \u00e0 la Villa Rigot sur le th\u00e8me \"R\u00e9pondre aux conflits arm\u00e9s et \u00e0 la violence dans les villes\". L'\u00e9v\u00e9nement ... <\/p>","protected":false},"author":1,"featured_media":18422,"comment_status":"closed","ping_status":"open","sticky":false,"template":"","format":"standard","meta":{"_monsterinsights_skip_tracking":false,"_monsterinsights_sitenote_active":false,"_monsterinsights_sitenote_note":"","_monsterinsights_sitenote_category":0,"footnotes":""},"categories":[142,169],"tags":[],"class_list":["post-18421","post","type-post","status-publish","format-standard","has-post-thumbnail","hentry","category-international-geneva-news","category-past-events"],"yoast_head":"<!-- This site is optimized with the Yoast SEO plugin v27.4 - https:\/\/yoast.com\/product\/yoast-seo-wordpress\/ -->\n<title>Responding in cities affected by war or violence - Global Cities Hub<\/title>\n<meta name=\"description\" content=\"Charles Deutscher is the author of the report \u201cPresent and Engaged: how the ICRC responds to armed conflict and violence in cities\u201d\" \/>\n<meta name=\"robots\" content=\"index, follow, max-snippet:-1, max-image-preview:large, max-video-preview:-1\" \/>\n<link rel=\"canonical\" href=\"https:\/\/globalcitieshub.org\/fr\/responding-in-cities-affected-by-war-or-violence\/\" \/>\n<meta property=\"og:locale\" content=\"fr_FR\" \/>\n<meta property=\"og:type\" content=\"article\" \/>\n<meta property=\"og:title\" content=\"Responding in cities affected by war or violence - Global Cities Hub\" \/>\n<meta property=\"og:description\" content=\"Charles Deutscher is the author of the report \u201cPresent and Engaged: how the ICRC responds to armed conflict and violence in cities\u201d\" \/>\n<meta property=\"og:url\" content=\"https:\/\/globalcitieshub.org\/fr\/responding-in-cities-affected-by-war-or-violence\/\" \/>\n<meta property=\"og:site_name\" content=\"Global Cities Hub\" \/>\n<meta property=\"article:published_time\" content=\"2023-05-04T13:42:32+00:00\" \/>\n<meta property=\"article:modified_time\" content=\"2023-05-05T14:05:21+00:00\" \/>\n<meta property=\"og:image\" content=\"https:\/\/globalcitieshub.org\/wp-content\/uploads\/2023\/05\/News-7.png\" \/>\n\t<meta property=\"og:image:width\" content=\"786\" \/>\n\t<meta property=\"og:image:height\" content=\"524\" \/>\n\t<meta property=\"og:image:type\" content=\"image\/png\" \/>\n<meta name=\"author\" content=\"root_new\" \/>\n<meta name=\"twitter:card\" content=\"summary_large_image\" \/>\n<meta name=\"twitter:creator\" content=\"@genevacitieshub\" \/>\n<meta name=\"twitter:site\" content=\"@genevacitieshub\" \/>\n<meta name=\"twitter:label1\" content=\"\u00c9crit par\" \/>\n\t<meta name=\"twitter:data1\" content=\"root_new\" \/>\n\t<meta name=\"twitter:label2\" content=\"Dur\u00e9e de lecture estim\u00e9e\" \/>\n\t<meta name=\"twitter:data2\" content=\"4 minutes\" \/>\n<script type=\"application\/ld+json\" class=\"yoast-schema-graph\">{\"@context\":\"https:\\\/\\\/schema.org\",\"@graph\":[{\"@type\":\"Article\",\"@id\":\"https:\\\/\\\/globalcitieshub.org\\\/fr\\\/responding-in-cities-affected-by-war-or-violence\\\/#article\",\"isPartOf\":{\"@id\":\"https:\\\/\\\/globalcitieshub.org\\\/fr\\\/responding-in-cities-affected-by-war-or-violence\\\/\"},\"author\":{\"name\":\"root_new\",\"@id\":\"https:\\\/\\\/globalcitieshub.org\\\/fr\\\/#\\\/schema\\\/person\\\/507d9e6bfa91593e51e4b24f8c3efc42\"},\"headline\":\"Responding in cities affected by war or violence\",\"datePublished\":\"2023-05-04T13:42:32+00:00\",\"dateModified\":\"2023-05-05T14:05:21+00:00\",\"mainEntityOfPage\":{\"@id\":\"https:\\\/\\\/globalcitieshub.org\\\/fr\\\/responding-in-cities-affected-by-war-or-violence\\\/\"},\"wordCount\":901,\"publisher\":{\"@id\":\"https:\\\/\\\/globalcitieshub.org\\\/fr\\\/#organization\"},\"image\":{\"@id\":\"https:\\\/\\\/globalcitieshub.org\\\/fr\\\/responding-in-cities-affected-by-war-or-violence\\\/#primaryimage\"},\"thumbnailUrl\":\"https:\\\/\\\/globalcitieshub.org\\\/wp-content\\\/uploads\\\/2023\\\/05\\\/News-7.png\",\"articleSection\":[\"International Geneva News\",\"Past events\"],\"inLanguage\":\"fr-FR\"},{\"@type\":\"WebPage\",\"@id\":\"https:\\\/\\\/globalcitieshub.org\\\/fr\\\/responding-in-cities-affected-by-war-or-violence\\\/\",\"url\":\"https:\\\/\\\/globalcitieshub.org\\\/fr\\\/responding-in-cities-affected-by-war-or-violence\\\/\",\"name\":\"Responding in cities affected by war or violence - Global Cities Hub\",\"isPartOf\":{\"@id\":\"https:\\\/\\\/globalcitieshub.org\\\/fr\\\/#website\"},\"primaryImageOfPage\":{\"@id\":\"https:\\\/\\\/globalcitieshub.org\\\/fr\\\/responding-in-cities-affected-by-war-or-violence\\\/#primaryimage\"},\"image\":{\"@id\":\"https:\\\/\\\/globalcitieshub.org\\\/fr\\\/responding-in-cities-affected-by-war-or-violence\\\/#primaryimage\"},\"thumbnailUrl\":\"https:\\\/\\\/globalcitieshub.org\\\/wp-content\\\/uploads\\\/2023\\\/05\\\/News-7.png\",\"datePublished\":\"2023-05-04T13:42:32+00:00\",\"dateModified\":\"2023-05-05T14:05:21+00:00\",\"description\":\"Charles Deutscher is the author of the report \u201cPresent and Engaged: how the ICRC responds to armed conflict and violence in cities\u201d\",\"inLanguage\":\"fr-FR\",\"potentialAction\":[{\"@type\":\"ReadAction\",\"target\":[\"https:\\\/\\\/globalcitieshub.org\\\/fr\\\/responding-in-cities-affected-by-war-or-violence\\\/\"]}]},{\"@type\":\"ImageObject\",\"inLanguage\":\"fr-FR\",\"@id\":\"https:\\\/\\\/globalcitieshub.org\\\/fr\\\/responding-in-cities-affected-by-war-or-violence\\\/#primaryimage\",\"url\":\"https:\\\/\\\/globalcitieshub.org\\\/wp-content\\\/uploads\\\/2023\\\/05\\\/News-7.png\",\"contentUrl\":\"https:\\\/\\\/globalcitieshub.org\\\/wp-content\\\/uploads\\\/2023\\\/05\\\/News-7.png\",\"width\":786,\"height\":524},{\"@type\":\"WebSite\",\"@id\":\"https:\\\/\\\/globalcitieshub.org\\\/fr\\\/#website\",\"url\":\"https:\\\/\\\/globalcitieshub.org\\\/fr\\\/\",\"name\":\"Global Cities Hub\",\"description\":\"Connecting local and regional governments to the United Nations and other  international organizations\",\"publisher\":{\"@id\":\"https:\\\/\\\/globalcitieshub.org\\\/fr\\\/#organization\"},\"potentialAction\":[{\"@type\":\"SearchAction\",\"target\":{\"@type\":\"EntryPoint\",\"urlTemplate\":\"https:\\\/\\\/globalcitieshub.org\\\/fr\\\/?s={search_term_string}\"},\"query-input\":{\"@type\":\"PropertyValueSpecification\",\"valueRequired\":true,\"valueName\":\"search_term_string\"}}],\"inLanguage\":\"fr-FR\"},{\"@type\":\"Organization\",\"@id\":\"https:\\\/\\\/globalcitieshub.org\\\/fr\\\/#organization\",\"name\":\"Global Cities Hub\",\"url\":\"https:\\\/\\\/globalcitieshub.org\\\/fr\\\/\",\"logo\":{\"@type\":\"ImageObject\",\"inLanguage\":\"fr-FR\",\"@id\":\"https:\\\/\\\/globalcitieshub.org\\\/fr\\\/#\\\/schema\\\/logo\\\/image\\\/\",\"url\":\"https:\\\/\\\/globalcitieshub.org\\\/wp-content\\\/uploads\\\/2023\\\/09\\\/230829_Logo_Global_Cities_Hub_Couleur_fond-blanc_RVB.png\",\"contentUrl\":\"https:\\\/\\\/globalcitieshub.org\\\/wp-content\\\/uploads\\\/2023\\\/09\\\/230829_Logo_Global_Cities_Hub_Couleur_fond-blanc_RVB.png\",\"width\":2544,\"height\":1446,\"caption\":\"Global Cities Hub\"},\"image\":{\"@id\":\"https:\\\/\\\/globalcitieshub.org\\\/fr\\\/#\\\/schema\\\/logo\\\/image\\\/\"},\"sameAs\":[\"https:\\\/\\\/x.com\\\/genevacitieshub\"]},{\"@type\":\"Person\",\"@id\":\"https:\\\/\\\/globalcitieshub.org\\\/fr\\\/#\\\/schema\\\/person\\\/507d9e6bfa91593e51e4b24f8c3efc42\",\"name\":\"root_new\",\"image\":{\"@type\":\"ImageObject\",\"inLanguage\":\"fr-FR\",\"@id\":\"https:\\\/\\\/globalcitieshub.org\\\/wp-content\\\/plugins\\\/townhub-add-ons\\\/assets\\\/images\\\/avatar.jpg\",\"url\":\"https:\\\/\\\/globalcitieshub.org\\\/wp-content\\\/plugins\\\/townhub-add-ons\\\/assets\\\/images\\\/avatar.jpg\",\"contentUrl\":\"https:\\\/\\\/globalcitieshub.org\\\/wp-content\\\/plugins\\\/townhub-add-ons\\\/assets\\\/images\\\/avatar.jpg\",\"caption\":\"root_new\"},\"sameAs\":[\"http:\\\/\\\/gch.dev-bulbera.com\"],\"url\":\"https:\\\/\\\/globalcitieshub.org\\\/fr\\\/author\\\/root_new\\\/\"}]}<\/script>\n<!-- \/ Yoast SEO plugin. -->","yoast_head_json":{"title":"R\u00e9agir dans les villes touch\u00e9es par la guerre ou la violence - Global Cities Hub","description":"Charles Deutscher est l'auteur du rapport \"Pr\u00e9sent et engag\u00e9 : comment le CICR r\u00e9pond aux conflits arm\u00e9s et \u00e0 la violence dans les villes\"","robots":{"index":"index","follow":"follow","max-snippet":"max-snippet:-1","max-image-preview":"max-image-preview:large","max-video-preview":"max-video-preview:-1"},"canonical":"https:\/\/globalcitieshub.org\/fr\/responding-in-cities-affected-by-war-or-violence\/","og_locale":"fr_FR","og_type":"article","og_title":"Responding in cities affected by war or violence - Global Cities Hub","og_description":"Charles Deutscher is the author of the report \u201cPresent and Engaged: how the ICRC responds to armed conflict and violence in cities\u201d","og_url":"https:\/\/globalcitieshub.org\/fr\/responding-in-cities-affected-by-war-or-violence\/","og_site_name":"Global Cities Hub","article_published_time":"2023-05-04T13:42:32+00:00","article_modified_time":"2023-05-05T14:05:21+00:00","og_image":[{"width":786,"height":524,"url":"https:\/\/globalcitieshub.org\/wp-content\/uploads\/2023\/05\/News-7.png","type":"image\/png"}],"author":"root_new","twitter_card":"summary_large_image","twitter_creator":"@genevacitieshub","twitter_site":"@genevacitieshub","twitter_misc":{"\u00c9crit par":"root_new","Dur\u00e9e de lecture estim\u00e9e":"4 minutes"},"schema":{"@context":"https:\/\/schema.org","@graph":[{"@type":"Article","@id":"https:\/\/globalcitieshub.org\/fr\/responding-in-cities-affected-by-war-or-violence\/#article","isPartOf":{"@id":"https:\/\/globalcitieshub.org\/fr\/responding-in-cities-affected-by-war-or-violence\/"},"author":{"name":"root_new","@id":"https:\/\/globalcitieshub.org\/fr\/#\/schema\/person\/507d9e6bfa91593e51e4b24f8c3efc42"},"headline":"Responding in cities affected by war or violence","datePublished":"2023-05-04T13:42:32+00:00","dateModified":"2023-05-05T14:05:21+00:00","mainEntityOfPage":{"@id":"https:\/\/globalcitieshub.org\/fr\/responding-in-cities-affected-by-war-or-violence\/"},"wordCount":901,"publisher":{"@id":"https:\/\/globalcitieshub.org\/fr\/#organization"},"image":{"@id":"https:\/\/globalcitieshub.org\/fr\/responding-in-cities-affected-by-war-or-violence\/#primaryimage"},"thumbnailUrl":"https:\/\/globalcitieshub.org\/wp-content\/uploads\/2023\/05\/News-7.png","articleSection":["International Geneva News","Past events"],"inLanguage":"fr-FR"},{"@type":"WebPage","@id":"https:\/\/globalcitieshub.org\/fr\/responding-in-cities-affected-by-war-or-violence\/","url":"https:\/\/globalcitieshub.org\/fr\/responding-in-cities-affected-by-war-or-violence\/","name":"R\u00e9agir dans les villes touch\u00e9es par la guerre ou la violence - Global Cities Hub","isPartOf":{"@id":"https:\/\/globalcitieshub.org\/fr\/#website"},"primaryImageOfPage":{"@id":"https:\/\/globalcitieshub.org\/fr\/responding-in-cities-affected-by-war-or-violence\/#primaryimage"},"image":{"@id":"https:\/\/globalcitieshub.org\/fr\/responding-in-cities-affected-by-war-or-violence\/#primaryimage"},"thumbnailUrl":"https:\/\/globalcitieshub.org\/wp-content\/uploads\/2023\/05\/News-7.png","datePublished":"2023-05-04T13:42:32+00:00","dateModified":"2023-05-05T14:05:21+00:00","description":"Charles Deutscher est l'auteur du rapport \"Pr\u00e9sent et engag\u00e9 : comment le CICR r\u00e9pond aux conflits arm\u00e9s et \u00e0 la violence dans les villes\"","inLanguage":"fr-FR","potentialAction":[{"@type":"ReadAction","target":["https:\/\/globalcitieshub.org\/fr\/responding-in-cities-affected-by-war-or-violence\/"]}]},{"@type":"ImageObject","inLanguage":"fr-FR","@id":"https:\/\/globalcitieshub.org\/fr\/responding-in-cities-affected-by-war-or-violence\/#primaryimage","url":"https:\/\/globalcitieshub.org\/wp-content\/uploads\/2023\/05\/News-7.png","contentUrl":"https:\/\/globalcitieshub.org\/wp-content\/uploads\/2023\/05\/News-7.png","width":786,"height":524},{"@type":"WebSite","@id":"https:\/\/globalcitieshub.org\/fr\/#website","url":"https:\/\/globalcitieshub.org\/fr\/","name":"Global Cities Hub","description":"Relier les gouvernements locaux et r\u00e9gionaux aux Nations unies et \u00e0 d'autres organisations internationales","publisher":{"@id":"https:\/\/globalcitieshub.org\/fr\/#organization"},"potentialAction":[{"@type":"SearchAction","target":{"@type":"EntryPoint","urlTemplate":"https:\/\/globalcitieshub.org\/fr\/?s={search_term_string}"},"query-input":{"@type":"PropertyValueSpecification","valueRequired":true,"valueName":"search_term_string"}}],"inLanguage":"fr-FR"},{"@type":"Organization","@id":"https:\/\/globalcitieshub.org\/fr\/#organization","name":"Global Cities Hub","url":"https:\/\/globalcitieshub.org\/fr\/","logo":{"@type":"ImageObject","inLanguage":"fr-FR","@id":"https:\/\/globalcitieshub.org\/fr\/#\/schema\/logo\/image\/","url":"https:\/\/globalcitieshub.org\/wp-content\/uploads\/2023\/09\/230829_Logo_Global_Cities_Hub_Couleur_fond-blanc_RVB.png","contentUrl":"https:\/\/globalcitieshub.org\/wp-content\/uploads\/2023\/09\/230829_Logo_Global_Cities_Hub_Couleur_fond-blanc_RVB.png","width":2544,"height":1446,"caption":"Global Cities Hub"},"image":{"@id":"https:\/\/globalcitieshub.org\/fr\/#\/schema\/logo\/image\/"},"sameAs":["https:\/\/x.com\/genevacitieshub"]},{"@type":"Person","@id":"https:\/\/globalcitieshub.org\/fr\/#\/schema\/person\/507d9e6bfa91593e51e4b24f8c3efc42","name":"racine_nouveau","image":{"@type":"ImageObject","inLanguage":"fr-FR","@id":"https:\/\/globalcitieshub.org\/wp-content\/plugins\/townhub-add-ons\/assets\/images\/avatar.jpg","url":"https:\/\/globalcitieshub.org\/wp-content\/plugins\/townhub-add-ons\/assets\/images\/avatar.jpg","contentUrl":"https:\/\/globalcitieshub.org\/wp-content\/plugins\/townhub-add-ons\/assets\/images\/avatar.jpg","caption":"root_new"},"sameAs":["http:\/\/gch.dev-bulbera.com"],"url":"https:\/\/globalcitieshub.org\/fr\/author\/root_new\/"}]}},"_links":{"self":[{"href":"https:\/\/globalcitieshub.org\/fr\/wp-json\/wp\/v2\/posts\/18421","targetHints":{"allow":["GET"]}}],"collection":[{"href":"https:\/\/globalcitieshub.org\/fr\/wp-json\/wp\/v2\/posts"}],"about":[{"href":"https:\/\/globalcitieshub.org\/fr\/wp-json\/wp\/v2\/types\/post"}],"author":[{"embeddable":true,"href":"https:\/\/globalcitieshub.org\/fr\/wp-json\/wp\/v2\/users\/1"}],"replies":[{"embeddable":true,"href":"https:\/\/globalcitieshub.org\/fr\/wp-json\/wp\/v2\/comments?post=18421"}],"version-history":[{"count":6,"href":"https:\/\/globalcitieshub.org\/fr\/wp-json\/wp\/v2\/posts\/18421\/revisions"}],"predecessor-version":[{"id":18430,"href":"https:\/\/globalcitieshub.org\/fr\/wp-json\/wp\/v2\/posts\/18421\/revisions\/18430"}],"wp:featuredmedia":[{"embeddable":true,"href":"https:\/\/globalcitieshub.org\/fr\/wp-json\/wp\/v2\/media\/18422"}],"wp:attachment":[{"href":"https:\/\/globalcitieshub.org\/fr\/wp-json\/wp\/v2\/media?parent=18421"}],"wp:term":[{"taxonomy":"category","embeddable":true,"href":"https:\/\/globalcitieshub.org\/fr\/wp-json\/wp\/v2\/categories?post=18421"},{"taxonomy":"post_tag","embeddable":true,"href":"https:\/\/globalcitieshub.org\/fr\/wp-json\/wp\/v2\/tags?post=18421"}],"curies":[{"name":"wp","href":"https:\/\/api.w.org\/{rel}","templated":true}]}}