{"id":17122,"date":"2022-06-29T09:27:00","date_gmt":"2022-06-29T07:27:00","guid":{"rendered":"https:\/\/www.genevacitieshub.org\/?p=17122"},"modified":"2022-07-11T09:40:45","modified_gmt":"2022-07-11T07:40:45","slug":"urban-resilience-is-essential-in-the-context-of-armed-violence","status":"publish","type":"post","link":"https:\/\/globalcitieshub.org\/fr\/urban-resilience-is-essential-in-the-context-of-armed-violence\/","title":{"rendered":"La r\u00e9silience urbaine est essentielle dans le contexte de la violence arm\u00e9e"},"content":{"rendered":"<p>Le 29 juin 2022, la ville de Rio de Janeiro, le <a href=\"https:\/\/www.genevacitieshub.org\/en\/icrc-urban-issues\/\">Comit\u00e9 international de la Croix-Rouge<\/a> (CICR) et le Geneva Cities Hub (GCH) ont co-organis\u00e9 un \u00e9v\u00e9nement \"Voices from Cities\" dans le cadre du 11<sup>th<\/sup> Forum urbain mondial qui s'est tenu \u00e0 Katowice, en Pologne (26-30 juin 2022). L'\u00e9v\u00e9nement s'est concentr\u00e9 sur le concept de r\u00e9silience urbaine dans le contexte de la violence arm\u00e9e.<\/p>\n\n\n\n<p>La violence arm\u00e9e touche de nombreuses villes dans le monde, perturbant ainsi la fourniture de services publics essentiels, tels que les \u00e9coles ou les centres de soins. C'est le cas de la ville de Rio de Janeiro, au Br\u00e9sil, qui a souvent vu certaines de ses \u00e9coles ferm\u00e9es temporairement suite \u00e0 des incidents li\u00e9s \u00e0 la violence arm\u00e9e.<\/p>\n\n\n\n<p>L'\u00e9v\u00e9nement a permis de pr\u00e9senter les avantages du <a href=\"https:\/\/www.icrc.org\/en\/document\/safer-access-public-services-program\">Programme pour un acc\u00e8s plus s\u00fbr aux services publics essentiels<\/a> appliqu\u00e9 par la municipalit\u00e9 de Rio de Janeiro, en \u00e9troite collaboration avec le CICR. Inspir\u00e9 de la m\u00e9thodologie d\u00e9velopp\u00e9e pour am\u00e9liorer l'acc\u00e8s et l'acceptation des Soci\u00e9t\u00e9s nationales de la Croix-Rouge et du Croissant-Rouge, le Programme a ensuite \u00e9t\u00e9 adapt\u00e9 par le CICR dans des contextes urbains, afin de garantir la r\u00e9silience des services publics fournis par les autorit\u00e9s municipales. Il vise \u00e0 r\u00e9duire, att\u00e9nuer et r\u00e9pondre aux cons\u00e9quences de l'exposition \u00e0 des contextes de violence arm\u00e9e. La m\u00e9thodologie propose des m\u00e9canismes d'analyse du contexte et des risques, de traitement des risques ainsi que de gestion des crises et du stress.<\/p>\n\n\n<div class=\"wp-block-image\">\n<figure class=\"aligncenter size-full\"><img fetchpriority=\"high\" decoding=\"async\" width=\"929\" height=\"697\" src=\"https:\/\/www.genevacitieshub.org\/wp-content\/uploads\/2022\/07\/5.jpg\" alt=\"\" class=\"wp-image-17124\"\/><figcaption>Anh Thu Duong, co-directrice du Geneva Cities Hub, a mod\u00e9r\u00e9 l'\u00e9v\u00e9nement.<\/figcaption><\/figure>\n<\/div>\n\n\n<p>L'impact du programme \"Acc\u00e8s plus s\u00fbr aux services publics essentiels\" a \u00e9t\u00e9 tr\u00e8s concret, avec une r\u00e9duction de 40% du nombre d'\u00e9coles ferm\u00e9es en raison de la violence arm\u00e9e au cours des derni\u00e8res ann\u00e9es. En outre, le programme ne profite pas seulement aux \u00e9l\u00e8ves, mais aussi \u00e0 la soci\u00e9t\u00e9 dans son ensemble, en contribuant \u00e0 favoriser l'\u00e9galit\u00e9, en particulier dans les zones urbaines moins privil\u00e9gi\u00e9es, en maintenant les \u00e9tablissements d'enseignement ouverts et en permettant aux parents et aux enseignants de continuer \u00e0 travailler. L'impact des services publics r\u00e9silients est essentiel pour atteindre les objectifs de d\u00e9veloppement durable (ODD) dans de nombreux domaines, notamment la sant\u00e9, l'\u00e9ducation, mais aussi la lutte contre la pauvret\u00e9, l'acc\u00e8s \u00e0 l'eau et \u00e0 l'assainissement, le soutien au travail d\u00e9cent et \u00e0 la croissance \u00e9conomique, etc.&nbsp;<\/p>\n\n\n\n<p>Le CICR a d\u00e9j\u00e0 \u00e9tendu le programme \u00e0 d'autres villes au Br\u00e9sil et en Colombie et il est pr\u00eat \u00e0 aider d'autres villes confront\u00e9es \u00e0 des d\u00e9fis similaires \u00e0 commencer \u00e0 appliquer le <a href=\"https:\/\/www.icrc.org\/en\/document\/safer-access-public-services-program\">Programme pour un acc\u00e8s plus s\u00fbr aux services publics essentiels<\/a> et ainsi atteindre les objectifs du nouvel agenda urbain et d'autres cadres internationaux, tels que les ODD.<\/p>","protected":false},"excerpt":{"rendered":"<p>Le 29 juin 2022, la ville de Rio de Janeiro, le Comit\u00e9 international de la Croix-Rouge (CICR) et le Geneva Cities Hub (GCH) ont co-organis\u00e9 un \u00e9v\u00e9nement \"Voices from Cities\" dans le cadre du 11e Forum urbain mondial qui s'est tenu \u00e0 Katowice, en Pologne (26-30 juin 2022). L'\u00e9v\u00e9nement s'est concentr\u00e9 sur le concept de r\u00e9silience urbaine .... <\/p>","protected":false},"author":1,"featured_media":17123,"comment_status":"closed","ping_status":"open","sticky":false,"template":"","format":"standard","meta":{"_monsterinsights_skip_tracking":false,"_monsterinsights_sitenote_active":false,"_monsterinsights_sitenote_note":"","_monsterinsights_sitenote_category":0,"footnotes":""},"categories":[1,169],"tags":[],"class_list":["post-17122","post","type-post","status-publish","format-standard","has-post-thumbnail","hentry","category-news","category-past-events"],"yoast_head":"<!-- This site is optimized with the Yoast SEO plugin v27.5 - https:\/\/yoast.com\/product\/yoast-seo-wordpress\/ -->\n<title>Urban resilience is essential in the context of armed violence - Global Cities Hub<\/title>\n<meta name=\"description\" content=\"Armed violence affects many cities worldwide, thereby disrupting the provision of essential public services, such as schools or healthcare centres.\" \/>\n<meta name=\"robots\" content=\"index, follow, max-snippet:-1, max-image-preview:large, max-video-preview:-1\" \/>\n<link rel=\"canonical\" href=\"https:\/\/globalcitieshub.org\/fr\/urban-resilience-is-essential-in-the-context-of-armed-violence\/\" \/>\n<meta property=\"og:locale\" content=\"fr_FR\" \/>\n<meta property=\"og:type\" content=\"article\" \/>\n<meta property=\"og:title\" content=\"Urban resilience is essential in the context of armed violence - Global Cities Hub\" \/>\n<meta property=\"og:description\" content=\"Armed violence affects many cities worldwide, thereby disrupting the provision of essential public services, such as schools or healthcare centres.\" \/>\n<meta property=\"og:url\" content=\"https:\/\/globalcitieshub.org\/fr\/urban-resilience-is-essential-in-the-context-of-armed-violence\/\" \/>\n<meta property=\"og:site_name\" content=\"Global Cities Hub\" \/>\n<meta property=\"article:published_time\" content=\"2022-06-29T07:27:00+00:00\" \/>\n<meta property=\"article:modified_time\" content=\"2022-07-11T07:40:45+00:00\" \/>\n<meta property=\"og:image\" content=\"https:\/\/globalcitieshub.org\/wp-content\/uploads\/2022\/07\/WUF_ICRC-News.png\" \/>\n\t<meta property=\"og:image:width\" content=\"786\" \/>\n\t<meta property=\"og:image:height\" content=\"524\" \/>\n\t<meta property=\"og:image:type\" content=\"image\/png\" \/>\n<meta name=\"author\" content=\"root_new\" \/>\n<meta name=\"twitter:card\" content=\"summary_large_image\" \/>\n<meta name=\"twitter:creator\" content=\"@genevacitieshub\" \/>\n<meta name=\"twitter:site\" content=\"@genevacitieshub\" \/>\n<meta name=\"twitter:label1\" content=\"\u00c9crit par\" \/>\n\t<meta name=\"twitter:data1\" content=\"root_new\" \/>\n\t<meta name=\"twitter:label2\" content=\"Dur\u00e9e de lecture estim\u00e9e\" \/>\n\t<meta name=\"twitter:data2\" content=\"2 minutes\" \/>\n<script type=\"application\/ld+json\" class=\"yoast-schema-graph\">{\"@context\":\"https:\\\/\\\/schema.org\",\"@graph\":[{\"@type\":\"Article\",\"@id\":\"https:\\\/\\\/globalcitieshub.org\\\/fr\\\/urban-resilience-is-essential-in-the-context-of-armed-violence\\\/#article\",\"isPartOf\":{\"@id\":\"https:\\\/\\\/globalcitieshub.org\\\/fr\\\/urban-resilience-is-essential-in-the-context-of-armed-violence\\\/\"},\"author\":{\"name\":\"root_new\",\"@id\":\"https:\\\/\\\/globalcitieshub.org\\\/fr\\\/#\\\/schema\\\/person\\\/507d9e6bfa91593e51e4b24f8c3efc42\"},\"headline\":\"Urban resilience is essential in the context of armed violence\",\"datePublished\":\"2022-06-29T07:27:00+00:00\",\"dateModified\":\"2022-07-11T07:40:45+00:00\",\"mainEntityOfPage\":{\"@id\":\"https:\\\/\\\/globalcitieshub.org\\\/fr\\\/urban-resilience-is-essential-in-the-context-of-armed-violence\\\/\"},\"wordCount\":395,\"publisher\":{\"@id\":\"https:\\\/\\\/globalcitieshub.org\\\/fr\\\/#organization\"},\"image\":{\"@id\":\"https:\\\/\\\/globalcitieshub.org\\\/fr\\\/urban-resilience-is-essential-in-the-context-of-armed-violence\\\/#primaryimage\"},\"thumbnailUrl\":\"https:\\\/\\\/globalcitieshub.org\\\/wp-content\\\/uploads\\\/2022\\\/07\\\/WUF_ICRC-News.png\",\"articleSection\":[\"News\",\"Past events\"],\"inLanguage\":\"fr-FR\"},{\"@type\":\"WebPage\",\"@id\":\"https:\\\/\\\/globalcitieshub.org\\\/fr\\\/urban-resilience-is-essential-in-the-context-of-armed-violence\\\/\",\"url\":\"https:\\\/\\\/globalcitieshub.org\\\/fr\\\/urban-resilience-is-essential-in-the-context-of-armed-violence\\\/\",\"name\":\"Urban resilience is essential in the context of armed violence - Global Cities Hub\",\"isPartOf\":{\"@id\":\"https:\\\/\\\/globalcitieshub.org\\\/fr\\\/#website\"},\"primaryImageOfPage\":{\"@id\":\"https:\\\/\\\/globalcitieshub.org\\\/fr\\\/urban-resilience-is-essential-in-the-context-of-armed-violence\\\/#primaryimage\"},\"image\":{\"@id\":\"https:\\\/\\\/globalcitieshub.org\\\/fr\\\/urban-resilience-is-essential-in-the-context-of-armed-violence\\\/#primaryimage\"},\"thumbnailUrl\":\"https:\\\/\\\/globalcitieshub.org\\\/wp-content\\\/uploads\\\/2022\\\/07\\\/WUF_ICRC-News.png\",\"datePublished\":\"2022-06-29T07:27:00+00:00\",\"dateModified\":\"2022-07-11T07:40:45+00:00\",\"description\":\"Armed violence affects many cities worldwide, thereby disrupting the provision of essential public services, such as schools or healthcare centres.\",\"inLanguage\":\"fr-FR\",\"potentialAction\":[{\"@type\":\"ReadAction\",\"target\":[\"https:\\\/\\\/globalcitieshub.org\\\/fr\\\/urban-resilience-is-essential-in-the-context-of-armed-violence\\\/\"]}]},{\"@type\":\"ImageObject\",\"inLanguage\":\"fr-FR\",\"@id\":\"https:\\\/\\\/globalcitieshub.org\\\/fr\\\/urban-resilience-is-essential-in-the-context-of-armed-violence\\\/#primaryimage\",\"url\":\"https:\\\/\\\/globalcitieshub.org\\\/wp-content\\\/uploads\\\/2022\\\/07\\\/WUF_ICRC-News.png\",\"contentUrl\":\"https:\\\/\\\/globalcitieshub.org\\\/wp-content\\\/uploads\\\/2022\\\/07\\\/WUF_ICRC-News.png\",\"width\":786,\"height\":524},{\"@type\":\"WebSite\",\"@id\":\"https:\\\/\\\/globalcitieshub.org\\\/fr\\\/#website\",\"url\":\"https:\\\/\\\/globalcitieshub.org\\\/fr\\\/\",\"name\":\"Global Cities Hub\",\"description\":\"Connecting local and regional governments to the United Nations and other  international organizations\",\"publisher\":{\"@id\":\"https:\\\/\\\/globalcitieshub.org\\\/fr\\\/#organization\"},\"potentialAction\":[{\"@type\":\"SearchAction\",\"target\":{\"@type\":\"EntryPoint\",\"urlTemplate\":\"https:\\\/\\\/globalcitieshub.org\\\/fr\\\/?s={search_term_string}\"},\"query-input\":{\"@type\":\"PropertyValueSpecification\",\"valueRequired\":true,\"valueName\":\"search_term_string\"}}],\"inLanguage\":\"fr-FR\"},{\"@type\":\"Organization\",\"@id\":\"https:\\\/\\\/globalcitieshub.org\\\/fr\\\/#organization\",\"name\":\"Global Cities Hub\",\"url\":\"https:\\\/\\\/globalcitieshub.org\\\/fr\\\/\",\"logo\":{\"@type\":\"ImageObject\",\"inLanguage\":\"fr-FR\",\"@id\":\"https:\\\/\\\/globalcitieshub.org\\\/fr\\\/#\\\/schema\\\/logo\\\/image\\\/\",\"url\":\"https:\\\/\\\/globalcitieshub.org\\\/wp-content\\\/uploads\\\/2023\\\/09\\\/230829_Logo_Global_Cities_Hub_Couleur_fond-blanc_RVB.png\",\"contentUrl\":\"https:\\\/\\\/globalcitieshub.org\\\/wp-content\\\/uploads\\\/2023\\\/09\\\/230829_Logo_Global_Cities_Hub_Couleur_fond-blanc_RVB.png\",\"width\":2544,\"height\":1446,\"caption\":\"Global Cities Hub\"},\"image\":{\"@id\":\"https:\\\/\\\/globalcitieshub.org\\\/fr\\\/#\\\/schema\\\/logo\\\/image\\\/\"},\"sameAs\":[\"https:\\\/\\\/x.com\\\/genevacitieshub\"]},{\"@type\":\"Person\",\"@id\":\"https:\\\/\\\/globalcitieshub.org\\\/fr\\\/#\\\/schema\\\/person\\\/507d9e6bfa91593e51e4b24f8c3efc42\",\"name\":\"root_new\",\"image\":{\"@type\":\"ImageObject\",\"inLanguage\":\"fr-FR\",\"@id\":\"https:\\\/\\\/globalcitieshub.org\\\/wp-content\\\/plugins\\\/townhub-add-ons\\\/assets\\\/images\\\/avatar.jpg\",\"url\":\"https:\\\/\\\/globalcitieshub.org\\\/wp-content\\\/plugins\\\/townhub-add-ons\\\/assets\\\/images\\\/avatar.jpg\",\"contentUrl\":\"https:\\\/\\\/globalcitieshub.org\\\/wp-content\\\/plugins\\\/townhub-add-ons\\\/assets\\\/images\\\/avatar.jpg\",\"caption\":\"root_new\"},\"sameAs\":[\"http:\\\/\\\/gch.dev-bulbera.com\"],\"url\":\"https:\\\/\\\/globalcitieshub.org\\\/fr\\\/author\\\/root_new\\\/\"}]}<\/script>\n<!-- \/ Yoast SEO plugin. -->","yoast_head_json":{"title":"La r\u00e9silience urbaine est essentielle dans le contexte de la violence arm\u00e9e - Global Cities Hub","description":"La violence arm\u00e9e touche de nombreuses villes dans le monde, perturbant ainsi la fourniture de services publics essentiels, tels que les \u00e9coles ou les centres de soins de sant\u00e9.","robots":{"index":"index","follow":"follow","max-snippet":"max-snippet:-1","max-image-preview":"max-image-preview:large","max-video-preview":"max-video-preview:-1"},"canonical":"https:\/\/globalcitieshub.org\/fr\/urban-resilience-is-essential-in-the-context-of-armed-violence\/","og_locale":"fr_FR","og_type":"article","og_title":"Urban resilience is essential in the context of armed violence - Global Cities Hub","og_description":"Armed violence affects many cities worldwide, thereby disrupting the provision of essential public services, such as schools or healthcare centres.","og_url":"https:\/\/globalcitieshub.org\/fr\/urban-resilience-is-essential-in-the-context-of-armed-violence\/","og_site_name":"Global Cities Hub","article_published_time":"2022-06-29T07:27:00+00:00","article_modified_time":"2022-07-11T07:40:45+00:00","og_image":[{"width":786,"height":524,"url":"https:\/\/globalcitieshub.org\/wp-content\/uploads\/2022\/07\/WUF_ICRC-News.png","type":"image\/png"}],"author":"root_new","twitter_card":"summary_large_image","twitter_creator":"@genevacitieshub","twitter_site":"@genevacitieshub","twitter_misc":{"\u00c9crit par":"root_new","Dur\u00e9e de lecture estim\u00e9e":"2 minutes"},"schema":{"@context":"https:\/\/schema.org","@graph":[{"@type":"Article","@id":"https:\/\/globalcitieshub.org\/fr\/urban-resilience-is-essential-in-the-context-of-armed-violence\/#article","isPartOf":{"@id":"https:\/\/globalcitieshub.org\/fr\/urban-resilience-is-essential-in-the-context-of-armed-violence\/"},"author":{"name":"root_new","@id":"https:\/\/globalcitieshub.org\/fr\/#\/schema\/person\/507d9e6bfa91593e51e4b24f8c3efc42"},"headline":"Urban resilience is essential in the context of armed violence","datePublished":"2022-06-29T07:27:00+00:00","dateModified":"2022-07-11T07:40:45+00:00","mainEntityOfPage":{"@id":"https:\/\/globalcitieshub.org\/fr\/urban-resilience-is-essential-in-the-context-of-armed-violence\/"},"wordCount":395,"publisher":{"@id":"https:\/\/globalcitieshub.org\/fr\/#organization"},"image":{"@id":"https:\/\/globalcitieshub.org\/fr\/urban-resilience-is-essential-in-the-context-of-armed-violence\/#primaryimage"},"thumbnailUrl":"https:\/\/globalcitieshub.org\/wp-content\/uploads\/2022\/07\/WUF_ICRC-News.png","articleSection":["News","Past events"],"inLanguage":"fr-FR"},{"@type":"WebPage","@id":"https:\/\/globalcitieshub.org\/fr\/urban-resilience-is-essential-in-the-context-of-armed-violence\/","url":"https:\/\/globalcitieshub.org\/fr\/urban-resilience-is-essential-in-the-context-of-armed-violence\/","name":"La r\u00e9silience urbaine est essentielle dans le contexte de la violence arm\u00e9e - Global Cities Hub","isPartOf":{"@id":"https:\/\/globalcitieshub.org\/fr\/#website"},"primaryImageOfPage":{"@id":"https:\/\/globalcitieshub.org\/fr\/urban-resilience-is-essential-in-the-context-of-armed-violence\/#primaryimage"},"image":{"@id":"https:\/\/globalcitieshub.org\/fr\/urban-resilience-is-essential-in-the-context-of-armed-violence\/#primaryimage"},"thumbnailUrl":"https:\/\/globalcitieshub.org\/wp-content\/uploads\/2022\/07\/WUF_ICRC-News.png","datePublished":"2022-06-29T07:27:00+00:00","dateModified":"2022-07-11T07:40:45+00:00","description":"La violence arm\u00e9e touche de nombreuses villes dans le monde, perturbant ainsi la fourniture de services publics essentiels, tels que les \u00e9coles ou les centres de soins de sant\u00e9.","inLanguage":"fr-FR","potentialAction":[{"@type":"ReadAction","target":["https:\/\/globalcitieshub.org\/fr\/urban-resilience-is-essential-in-the-context-of-armed-violence\/"]}]},{"@type":"ImageObject","inLanguage":"fr-FR","@id":"https:\/\/globalcitieshub.org\/fr\/urban-resilience-is-essential-in-the-context-of-armed-violence\/#primaryimage","url":"https:\/\/globalcitieshub.org\/wp-content\/uploads\/2022\/07\/WUF_ICRC-News.png","contentUrl":"https:\/\/globalcitieshub.org\/wp-content\/uploads\/2022\/07\/WUF_ICRC-News.png","width":786,"height":524},{"@type":"WebSite","@id":"https:\/\/globalcitieshub.org\/fr\/#website","url":"https:\/\/globalcitieshub.org\/fr\/","name":"Global Cities Hub","description":"Relier les gouvernements locaux et r\u00e9gionaux aux Nations unies et \u00e0 d'autres organisations internationales","publisher":{"@id":"https:\/\/globalcitieshub.org\/fr\/#organization"},"potentialAction":[{"@type":"SearchAction","target":{"@type":"EntryPoint","urlTemplate":"https:\/\/globalcitieshub.org\/fr\/?s={search_term_string}"},"query-input":{"@type":"PropertyValueSpecification","valueRequired":true,"valueName":"search_term_string"}}],"inLanguage":"fr-FR"},{"@type":"Organization","@id":"https:\/\/globalcitieshub.org\/fr\/#organization","name":"Global Cities Hub","url":"https:\/\/globalcitieshub.org\/fr\/","logo":{"@type":"ImageObject","inLanguage":"fr-FR","@id":"https:\/\/globalcitieshub.org\/fr\/#\/schema\/logo\/image\/","url":"https:\/\/globalcitieshub.org\/wp-content\/uploads\/2023\/09\/230829_Logo_Global_Cities_Hub_Couleur_fond-blanc_RVB.png","contentUrl":"https:\/\/globalcitieshub.org\/wp-content\/uploads\/2023\/09\/230829_Logo_Global_Cities_Hub_Couleur_fond-blanc_RVB.png","width":2544,"height":1446,"caption":"Global Cities Hub"},"image":{"@id":"https:\/\/globalcitieshub.org\/fr\/#\/schema\/logo\/image\/"},"sameAs":["https:\/\/x.com\/genevacitieshub"]},{"@type":"Person","@id":"https:\/\/globalcitieshub.org\/fr\/#\/schema\/person\/507d9e6bfa91593e51e4b24f8c3efc42","name":"racine_nouveau","image":{"@type":"ImageObject","inLanguage":"fr-FR","@id":"https:\/\/globalcitieshub.org\/wp-content\/plugins\/townhub-add-ons\/assets\/images\/avatar.jpg","url":"https:\/\/globalcitieshub.org\/wp-content\/plugins\/townhub-add-ons\/assets\/images\/avatar.jpg","contentUrl":"https:\/\/globalcitieshub.org\/wp-content\/plugins\/townhub-add-ons\/assets\/images\/avatar.jpg","caption":"root_new"},"sameAs":["http:\/\/gch.dev-bulbera.com"],"url":"https:\/\/globalcitieshub.org\/fr\/author\/root_new\/"}]}},"_links":{"self":[{"href":"https:\/\/globalcitieshub.org\/fr\/wp-json\/wp\/v2\/posts\/17122","targetHints":{"allow":["GET"]}}],"collection":[{"href":"https:\/\/globalcitieshub.org\/fr\/wp-json\/wp\/v2\/posts"}],"about":[{"href":"https:\/\/globalcitieshub.org\/fr\/wp-json\/wp\/v2\/types\/post"}],"author":[{"embeddable":true,"href":"https:\/\/globalcitieshub.org\/fr\/wp-json\/wp\/v2\/users\/1"}],"replies":[{"embeddable":true,"href":"https:\/\/globalcitieshub.org\/fr\/wp-json\/wp\/v2\/comments?post=17122"}],"version-history":[{"count":3,"href":"https:\/\/globalcitieshub.org\/fr\/wp-json\/wp\/v2\/posts\/17122\/revisions"}],"predecessor-version":[{"id":17128,"href":"https:\/\/globalcitieshub.org\/fr\/wp-json\/wp\/v2\/posts\/17122\/revisions\/17128"}],"wp:featuredmedia":[{"embeddable":true,"href":"https:\/\/globalcitieshub.org\/fr\/wp-json\/wp\/v2\/media\/17123"}],"wp:attachment":[{"href":"https:\/\/globalcitieshub.org\/fr\/wp-json\/wp\/v2\/media?parent=17122"}],"wp:term":[{"taxonomy":"category","embeddable":true,"href":"https:\/\/globalcitieshub.org\/fr\/wp-json\/wp\/v2\/categories?post=17122"},{"taxonomy":"post_tag","embeddable":true,"href":"https:\/\/globalcitieshub.org\/fr\/wp-json\/wp\/v2\/tags?post=17122"}],"curies":[{"name":"wp","href":"https:\/\/api.w.org\/{rel}","templated":true}]}}