{"id":16805,"date":"2022-05-27T09:04:00","date_gmt":"2022-05-27T07:04:00","guid":{"rendered":"https:\/\/www.genevacitieshub.org\/?p=16805"},"modified":"2022-05-30T12:37:15","modified_gmt":"2022-05-30T10:37:15","slug":"pandemic-preparedness-in-cities-at-the-world-health-assembly","status":"publish","type":"post","link":"https:\/\/globalcitieshub.org\/fr\/pandemic-preparedness-in-cities-at-the-world-health-assembly\/","title":{"rendered":"La pr\u00e9paration aux pand\u00e9mies dans les villes \u00e0 l'Assembl\u00e9e mondiale de la sant\u00e9"},"content":{"rendered":"<p>La 75<sup>th<\/sup> Assembl\u00e9e mondiale de la sant\u00e9 a adopt\u00e9 une r\u00e9solution sur le \"Renforcement de la pr\u00e9paration et de la r\u00e9ponse aux urgences sanitaires dans les villes et les milieux urbains\". Il s'agit d'une \u00e9tape cruciale, car elle reconna\u00eet le r\u00f4le important que jouent les villes et les autorit\u00e9s locales dans la pr\u00e9vention, la pr\u00e9paration et la r\u00e9ponse aux urgences sanitaires. <a href=\"https:\/\/apps.who.int\/gb\/ebwha\/pdf_files\/WHA75\/A75_ACONF2-en.pdf\">La r\u00e9solution<\/a> exhorte les \u00c9tats membres \u00e0 accorder toute l'attention voulue \u00e0 la pr\u00e9paration et \u00e0 l'intervention en cas d'urgence sanitaire dans les villes et les milieux urbains, en reconnaissant leurs vuln\u00e9rabilit\u00e9s particuli\u00e8res. Il demande au Directeur g\u00e9n\u00e9ral de l'OMS de fournir un soutien technique pour renforcer les capacit\u00e9s et les moyens de pr\u00e9paration et de r\u00e9ponse aux urgences sanitaires en milieu urbain.<\/p>\n\n\n\n<p>Avec cette r\u00e9solution, un accent particulier est mis sur les villes pour plusieurs raisons : <\/p>\n\n\n\n<ul class=\"wp-block-list\"><li>les villes internationales sont devenues des foyers de pand\u00e9mie, en raison de la mondialisation des voyages et des \u00e9changes.<\/li><li>les conditions sanitaires urbaines peuvent \u00eatre d\u00e9terminantes pour la capacit\u00e9 \u00e0 faire face aux cons\u00e9quences d'une pand\u00e9mie<\/li><\/ul>\n\n\n\n<p>Il est essentiel pour l'avenir d'accro\u00eetre les investissements destin\u00e9s \u00e0 renforcer les capacit\u00e9s et les moyens li\u00e9s aux services de sant\u00e9 en milieu urbain, y compris la pr\u00e9paration et la r\u00e9ponse aux urgences sanitaires.<\/p>\n\n\n\n<p>Il faut esp\u00e9rer que les gouvernements feront des avanc\u00e9es importantes vers une coordination plus efficace entre les niveaux mondial, national et local. Le <a href=\"https:\/\/apps.who.int\/iris\/handle\/10665\/348351\">cadre pour le renforcement de la pr\u00e9paration aux situations d'urgence sanitaire dans les villes et dans les milieux urbains<\/a> , et le <a href=\"https:\/\/apps.who.int\/iris\/handle\/10665\/351721\">orientation op\u00e9rationnelle \u00e0 l'intention des autorit\u00e9s nationales et locales<\/a> sont des documents cl\u00e9s pour atteindre notre objectif commun. Nous pouvons d'ores et d\u00e9j\u00e0 imaginer une prochaine impulsion pour impliquer les autorit\u00e9s locales et r\u00e9gionales dans la prise de d\u00e9cision - suivant une approche multisectorielle et multipartite.<\/p>\n\n\n\n<p>Lisez nos ressources sur <a href=\"https:\/\/www.genevacitieshub.org\/en\/pandemic-prevention-preparedness-and-response-what-do-local-authorities-bring-to-the-global-debate\/\">comment renforcer la coordination entre les acteurs internationaux, nationaux et locaux,<\/a> et <a href=\"https:\/\/www.genevacitieshub.org\/en\/cities-to-be-better-prepared-for-health-emergencies\/\">comment faire entendre la voix de toutes les parties prenantes concern\u00e9es \u00e0 la table de discussion<\/a>.<\/p>","protected":false},"excerpt":{"rendered":"<p>La 75e Assembl\u00e9e mondiale de la sant\u00e9 a adopt\u00e9 une r\u00e9solution sur le \"Renforcement de la pr\u00e9paration et de la r\u00e9ponse aux urgences sanitaires dans les villes et les milieux urbains\". Il s'agit d'une \u00e9tape cruciale, car elle reconna\u00eet le r\u00f4le important que jouent les villes et les autorit\u00e9s locales dans la pr\u00e9vention, la pr\u00e9paration et la r\u00e9ponse aux urgences sanitaires. La r\u00e9solution demande instamment aux \u00c9tats membres de donner ... <\/p>","protected":false},"author":1,"featured_media":16806,"comment_status":"closed","ping_status":"open","sticky":false,"template":"","format":"standard","meta":{"_monsterinsights_skip_tracking":false,"_monsterinsights_sitenote_active":false,"_monsterinsights_sitenote_note":"","_monsterinsights_sitenote_category":0,"footnotes":""},"categories":[142],"tags":[],"class_list":["post-16805","post","type-post","status-publish","format-standard","has-post-thumbnail","hentry","category-international-geneva-news"],"yoast_head":"<!-- This site is optimized with the Yoast SEO plugin v27.5 - https:\/\/yoast.com\/product\/yoast-seo-wordpress\/ -->\n<title>Pandemic preparedness in cities at the World Health Assembly - Global Cities Hub<\/title>\n<meta name=\"description\" content=\"The World Health Assembly has adopted a resolution on \u201cStrengthening health emergency preparedness and response in cities and urban settings\u201d\" \/>\n<meta name=\"robots\" content=\"index, follow, max-snippet:-1, max-image-preview:large, max-video-preview:-1\" \/>\n<link rel=\"canonical\" href=\"https:\/\/globalcitieshub.org\/fr\/pandemic-preparedness-in-cities-at-the-world-health-assembly\/\" \/>\n<meta property=\"og:locale\" content=\"fr_FR\" \/>\n<meta property=\"og:type\" content=\"article\" \/>\n<meta property=\"og:title\" content=\"Pandemic preparedness in cities at the World Health Assembly - Global Cities Hub\" \/>\n<meta property=\"og:description\" content=\"The World Health Assembly has adopted a resolution on \u201cStrengthening health emergency preparedness and response in cities and urban settings\u201d\" \/>\n<meta property=\"og:url\" content=\"https:\/\/globalcitieshub.org\/fr\/pandemic-preparedness-in-cities-at-the-world-health-assembly\/\" \/>\n<meta property=\"og:site_name\" content=\"Global Cities Hub\" \/>\n<meta property=\"article:published_time\" content=\"2022-05-27T07:04:00+00:00\" \/>\n<meta property=\"article:modified_time\" content=\"2022-05-30T10:37:15+00:00\" \/>\n<meta property=\"og:image\" content=\"https:\/\/globalcitieshub.org\/wp-content\/uploads\/2022\/05\/WHA-2022-News.png\" \/>\n\t<meta property=\"og:image:width\" content=\"786\" \/>\n\t<meta property=\"og:image:height\" content=\"524\" \/>\n\t<meta property=\"og:image:type\" content=\"image\/png\" \/>\n<meta name=\"author\" content=\"root_new\" \/>\n<meta name=\"twitter:card\" content=\"summary_large_image\" \/>\n<meta name=\"twitter:creator\" content=\"@genevacitieshub\" \/>\n<meta name=\"twitter:site\" content=\"@genevacitieshub\" \/>\n<meta name=\"twitter:label1\" content=\"\u00c9crit par\" \/>\n\t<meta name=\"twitter:data1\" content=\"root_new\" \/>\n\t<meta name=\"twitter:label2\" content=\"Dur\u00e9e de lecture estim\u00e9e\" \/>\n\t<meta name=\"twitter:data2\" content=\"2 minutes\" \/>\n<script type=\"application\/ld+json\" class=\"yoast-schema-graph\">{\"@context\":\"https:\\\/\\\/schema.org\",\"@graph\":[{\"@type\":\"Article\",\"@id\":\"https:\\\/\\\/globalcitieshub.org\\\/fr\\\/pandemic-preparedness-in-cities-at-the-world-health-assembly\\\/#article\",\"isPartOf\":{\"@id\":\"https:\\\/\\\/globalcitieshub.org\\\/fr\\\/pandemic-preparedness-in-cities-at-the-world-health-assembly\\\/\"},\"author\":{\"name\":\"root_new\",\"@id\":\"https:\\\/\\\/globalcitieshub.org\\\/fr\\\/#\\\/schema\\\/person\\\/507d9e6bfa91593e51e4b24f8c3efc42\"},\"headline\":\"Pandemic preparedness in cities at the World Health Assembly\",\"datePublished\":\"2022-05-27T07:04:00+00:00\",\"dateModified\":\"2022-05-30T10:37:15+00:00\",\"mainEntityOfPage\":{\"@id\":\"https:\\\/\\\/globalcitieshub.org\\\/fr\\\/pandemic-preparedness-in-cities-at-the-world-health-assembly\\\/\"},\"wordCount\":266,\"publisher\":{\"@id\":\"https:\\\/\\\/globalcitieshub.org\\\/fr\\\/#organization\"},\"image\":{\"@id\":\"https:\\\/\\\/globalcitieshub.org\\\/fr\\\/pandemic-preparedness-in-cities-at-the-world-health-assembly\\\/#primaryimage\"},\"thumbnailUrl\":\"https:\\\/\\\/globalcitieshub.org\\\/wp-content\\\/uploads\\\/2022\\\/05\\\/WHA-2022-News.png\",\"articleSection\":[\"International Geneva News\"],\"inLanguage\":\"fr-FR\"},{\"@type\":\"WebPage\",\"@id\":\"https:\\\/\\\/globalcitieshub.org\\\/fr\\\/pandemic-preparedness-in-cities-at-the-world-health-assembly\\\/\",\"url\":\"https:\\\/\\\/globalcitieshub.org\\\/fr\\\/pandemic-preparedness-in-cities-at-the-world-health-assembly\\\/\",\"name\":\"Pandemic preparedness in cities at the World Health Assembly - Global Cities Hub\",\"isPartOf\":{\"@id\":\"https:\\\/\\\/globalcitieshub.org\\\/fr\\\/#website\"},\"primaryImageOfPage\":{\"@id\":\"https:\\\/\\\/globalcitieshub.org\\\/fr\\\/pandemic-preparedness-in-cities-at-the-world-health-assembly\\\/#primaryimage\"},\"image\":{\"@id\":\"https:\\\/\\\/globalcitieshub.org\\\/fr\\\/pandemic-preparedness-in-cities-at-the-world-health-assembly\\\/#primaryimage\"},\"thumbnailUrl\":\"https:\\\/\\\/globalcitieshub.org\\\/wp-content\\\/uploads\\\/2022\\\/05\\\/WHA-2022-News.png\",\"datePublished\":\"2022-05-27T07:04:00+00:00\",\"dateModified\":\"2022-05-30T10:37:15+00:00\",\"description\":\"The World Health Assembly has adopted a resolution on \u201cStrengthening health emergency preparedness and response in cities and urban settings\u201d\",\"inLanguage\":\"fr-FR\",\"potentialAction\":[{\"@type\":\"ReadAction\",\"target\":[\"https:\\\/\\\/globalcitieshub.org\\\/fr\\\/pandemic-preparedness-in-cities-at-the-world-health-assembly\\\/\"]}]},{\"@type\":\"ImageObject\",\"inLanguage\":\"fr-FR\",\"@id\":\"https:\\\/\\\/globalcitieshub.org\\\/fr\\\/pandemic-preparedness-in-cities-at-the-world-health-assembly\\\/#primaryimage\",\"url\":\"https:\\\/\\\/globalcitieshub.org\\\/wp-content\\\/uploads\\\/2022\\\/05\\\/WHA-2022-News.png\",\"contentUrl\":\"https:\\\/\\\/globalcitieshub.org\\\/wp-content\\\/uploads\\\/2022\\\/05\\\/WHA-2022-News.png\",\"width\":786,\"height\":524},{\"@type\":\"WebSite\",\"@id\":\"https:\\\/\\\/globalcitieshub.org\\\/fr\\\/#website\",\"url\":\"https:\\\/\\\/globalcitieshub.org\\\/fr\\\/\",\"name\":\"Global Cities Hub\",\"description\":\"Connecting local and regional governments to the United Nations and other  international organizations\",\"publisher\":{\"@id\":\"https:\\\/\\\/globalcitieshub.org\\\/fr\\\/#organization\"},\"potentialAction\":[{\"@type\":\"SearchAction\",\"target\":{\"@type\":\"EntryPoint\",\"urlTemplate\":\"https:\\\/\\\/globalcitieshub.org\\\/fr\\\/?s={search_term_string}\"},\"query-input\":{\"@type\":\"PropertyValueSpecification\",\"valueRequired\":true,\"valueName\":\"search_term_string\"}}],\"inLanguage\":\"fr-FR\"},{\"@type\":\"Organization\",\"@id\":\"https:\\\/\\\/globalcitieshub.org\\\/fr\\\/#organization\",\"name\":\"Global Cities Hub\",\"url\":\"https:\\\/\\\/globalcitieshub.org\\\/fr\\\/\",\"logo\":{\"@type\":\"ImageObject\",\"inLanguage\":\"fr-FR\",\"@id\":\"https:\\\/\\\/globalcitieshub.org\\\/fr\\\/#\\\/schema\\\/logo\\\/image\\\/\",\"url\":\"https:\\\/\\\/globalcitieshub.org\\\/wp-content\\\/uploads\\\/2023\\\/09\\\/230829_Logo_Global_Cities_Hub_Couleur_fond-blanc_RVB.png\",\"contentUrl\":\"https:\\\/\\\/globalcitieshub.org\\\/wp-content\\\/uploads\\\/2023\\\/09\\\/230829_Logo_Global_Cities_Hub_Couleur_fond-blanc_RVB.png\",\"width\":2544,\"height\":1446,\"caption\":\"Global Cities Hub\"},\"image\":{\"@id\":\"https:\\\/\\\/globalcitieshub.org\\\/fr\\\/#\\\/schema\\\/logo\\\/image\\\/\"},\"sameAs\":[\"https:\\\/\\\/x.com\\\/genevacitieshub\"]},{\"@type\":\"Person\",\"@id\":\"https:\\\/\\\/globalcitieshub.org\\\/fr\\\/#\\\/schema\\\/person\\\/507d9e6bfa91593e51e4b24f8c3efc42\",\"name\":\"root_new\",\"image\":{\"@type\":\"ImageObject\",\"inLanguage\":\"fr-FR\",\"@id\":\"https:\\\/\\\/globalcitieshub.org\\\/wp-content\\\/plugins\\\/townhub-add-ons\\\/assets\\\/images\\\/avatar.jpg\",\"url\":\"https:\\\/\\\/globalcitieshub.org\\\/wp-content\\\/plugins\\\/townhub-add-ons\\\/assets\\\/images\\\/avatar.jpg\",\"contentUrl\":\"https:\\\/\\\/globalcitieshub.org\\\/wp-content\\\/plugins\\\/townhub-add-ons\\\/assets\\\/images\\\/avatar.jpg\",\"caption\":\"root_new\"},\"sameAs\":[\"http:\\\/\\\/gch.dev-bulbera.com\"],\"url\":\"https:\\\/\\\/globalcitieshub.org\\\/fr\\\/author\\\/root_new\\\/\"}]}<\/script>\n<!-- \/ Yoast SEO plugin. -->","yoast_head_json":{"title":"Pr\u00e9paration \u00e0 la pand\u00e9mie dans les villes \u00e0 l'Assembl\u00e9e mondiale de la sant\u00e9 - Global Cities Hub","description":"L'Assembl\u00e9e mondiale de la sant\u00e9 a adopt\u00e9 une r\u00e9solution sur le \"Renforcement de la pr\u00e9paration et de la r\u00e9ponse aux urgences sanitaires dans les villes et les milieux urbains\"","robots":{"index":"index","follow":"follow","max-snippet":"max-snippet:-1","max-image-preview":"max-image-preview:large","max-video-preview":"max-video-preview:-1"},"canonical":"https:\/\/globalcitieshub.org\/fr\/pandemic-preparedness-in-cities-at-the-world-health-assembly\/","og_locale":"fr_FR","og_type":"article","og_title":"Pandemic preparedness in cities at the World Health Assembly - Global Cities Hub","og_description":"The World Health Assembly has adopted a resolution on \u201cStrengthening health emergency preparedness and response in cities and urban settings\u201d","og_url":"https:\/\/globalcitieshub.org\/fr\/pandemic-preparedness-in-cities-at-the-world-health-assembly\/","og_site_name":"Global Cities Hub","article_published_time":"2022-05-27T07:04:00+00:00","article_modified_time":"2022-05-30T10:37:15+00:00","og_image":[{"width":786,"height":524,"url":"https:\/\/globalcitieshub.org\/wp-content\/uploads\/2022\/05\/WHA-2022-News.png","type":"image\/png"}],"author":"root_new","twitter_card":"summary_large_image","twitter_creator":"@genevacitieshub","twitter_site":"@genevacitieshub","twitter_misc":{"\u00c9crit par":"root_new","Dur\u00e9e de lecture estim\u00e9e":"2 minutes"},"schema":{"@context":"https:\/\/schema.org","@graph":[{"@type":"Article","@id":"https:\/\/globalcitieshub.org\/fr\/pandemic-preparedness-in-cities-at-the-world-health-assembly\/#article","isPartOf":{"@id":"https:\/\/globalcitieshub.org\/fr\/pandemic-preparedness-in-cities-at-the-world-health-assembly\/"},"author":{"name":"root_new","@id":"https:\/\/globalcitieshub.org\/fr\/#\/schema\/person\/507d9e6bfa91593e51e4b24f8c3efc42"},"headline":"Pandemic preparedness in cities at the World Health Assembly","datePublished":"2022-05-27T07:04:00+00:00","dateModified":"2022-05-30T10:37:15+00:00","mainEntityOfPage":{"@id":"https:\/\/globalcitieshub.org\/fr\/pandemic-preparedness-in-cities-at-the-world-health-assembly\/"},"wordCount":266,"publisher":{"@id":"https:\/\/globalcitieshub.org\/fr\/#organization"},"image":{"@id":"https:\/\/globalcitieshub.org\/fr\/pandemic-preparedness-in-cities-at-the-world-health-assembly\/#primaryimage"},"thumbnailUrl":"https:\/\/globalcitieshub.org\/wp-content\/uploads\/2022\/05\/WHA-2022-News.png","articleSection":["International Geneva News"],"inLanguage":"fr-FR"},{"@type":"WebPage","@id":"https:\/\/globalcitieshub.org\/fr\/pandemic-preparedness-in-cities-at-the-world-health-assembly\/","url":"https:\/\/globalcitieshub.org\/fr\/pandemic-preparedness-in-cities-at-the-world-health-assembly\/","name":"Pr\u00e9paration \u00e0 la pand\u00e9mie dans les villes \u00e0 l'Assembl\u00e9e mondiale de la sant\u00e9 - Global Cities Hub","isPartOf":{"@id":"https:\/\/globalcitieshub.org\/fr\/#website"},"primaryImageOfPage":{"@id":"https:\/\/globalcitieshub.org\/fr\/pandemic-preparedness-in-cities-at-the-world-health-assembly\/#primaryimage"},"image":{"@id":"https:\/\/globalcitieshub.org\/fr\/pandemic-preparedness-in-cities-at-the-world-health-assembly\/#primaryimage"},"thumbnailUrl":"https:\/\/globalcitieshub.org\/wp-content\/uploads\/2022\/05\/WHA-2022-News.png","datePublished":"2022-05-27T07:04:00+00:00","dateModified":"2022-05-30T10:37:15+00:00","description":"L'Assembl\u00e9e mondiale de la sant\u00e9 a adopt\u00e9 une r\u00e9solution sur le \"Renforcement de la pr\u00e9paration et de la r\u00e9ponse aux urgences sanitaires dans les villes et les milieux urbains\"","inLanguage":"fr-FR","potentialAction":[{"@type":"ReadAction","target":["https:\/\/globalcitieshub.org\/fr\/pandemic-preparedness-in-cities-at-the-world-health-assembly\/"]}]},{"@type":"ImageObject","inLanguage":"fr-FR","@id":"https:\/\/globalcitieshub.org\/fr\/pandemic-preparedness-in-cities-at-the-world-health-assembly\/#primaryimage","url":"https:\/\/globalcitieshub.org\/wp-content\/uploads\/2022\/05\/WHA-2022-News.png","contentUrl":"https:\/\/globalcitieshub.org\/wp-content\/uploads\/2022\/05\/WHA-2022-News.png","width":786,"height":524},{"@type":"WebSite","@id":"https:\/\/globalcitieshub.org\/fr\/#website","url":"https:\/\/globalcitieshub.org\/fr\/","name":"Global Cities Hub","description":"Relier les gouvernements locaux et r\u00e9gionaux aux Nations unies et \u00e0 d'autres organisations internationales","publisher":{"@id":"https:\/\/globalcitieshub.org\/fr\/#organization"},"potentialAction":[{"@type":"SearchAction","target":{"@type":"EntryPoint","urlTemplate":"https:\/\/globalcitieshub.org\/fr\/?s={search_term_string}"},"query-input":{"@type":"PropertyValueSpecification","valueRequired":true,"valueName":"search_term_string"}}],"inLanguage":"fr-FR"},{"@type":"Organization","@id":"https:\/\/globalcitieshub.org\/fr\/#organization","name":"Global Cities Hub","url":"https:\/\/globalcitieshub.org\/fr\/","logo":{"@type":"ImageObject","inLanguage":"fr-FR","@id":"https:\/\/globalcitieshub.org\/fr\/#\/schema\/logo\/image\/","url":"https:\/\/globalcitieshub.org\/wp-content\/uploads\/2023\/09\/230829_Logo_Global_Cities_Hub_Couleur_fond-blanc_RVB.png","contentUrl":"https:\/\/globalcitieshub.org\/wp-content\/uploads\/2023\/09\/230829_Logo_Global_Cities_Hub_Couleur_fond-blanc_RVB.png","width":2544,"height":1446,"caption":"Global Cities Hub"},"image":{"@id":"https:\/\/globalcitieshub.org\/fr\/#\/schema\/logo\/image\/"},"sameAs":["https:\/\/x.com\/genevacitieshub"]},{"@type":"Person","@id":"https:\/\/globalcitieshub.org\/fr\/#\/schema\/person\/507d9e6bfa91593e51e4b24f8c3efc42","name":"racine_nouveau","image":{"@type":"ImageObject","inLanguage":"fr-FR","@id":"https:\/\/globalcitieshub.org\/wp-content\/plugins\/townhub-add-ons\/assets\/images\/avatar.jpg","url":"https:\/\/globalcitieshub.org\/wp-content\/plugins\/townhub-add-ons\/assets\/images\/avatar.jpg","contentUrl":"https:\/\/globalcitieshub.org\/wp-content\/plugins\/townhub-add-ons\/assets\/images\/avatar.jpg","caption":"root_new"},"sameAs":["http:\/\/gch.dev-bulbera.com"],"url":"https:\/\/globalcitieshub.org\/fr\/author\/root_new\/"}]}},"_links":{"self":[{"href":"https:\/\/globalcitieshub.org\/fr\/wp-json\/wp\/v2\/posts\/16805","targetHints":{"allow":["GET"]}}],"collection":[{"href":"https:\/\/globalcitieshub.org\/fr\/wp-json\/wp\/v2\/posts"}],"about":[{"href":"https:\/\/globalcitieshub.org\/fr\/wp-json\/wp\/v2\/types\/post"}],"author":[{"embeddable":true,"href":"https:\/\/globalcitieshub.org\/fr\/wp-json\/wp\/v2\/users\/1"}],"replies":[{"embeddable":true,"href":"https:\/\/globalcitieshub.org\/fr\/wp-json\/wp\/v2\/comments?post=16805"}],"version-history":[{"count":2,"href":"https:\/\/globalcitieshub.org\/fr\/wp-json\/wp\/v2\/posts\/16805\/revisions"}],"predecessor-version":[{"id":16814,"href":"https:\/\/globalcitieshub.org\/fr\/wp-json\/wp\/v2\/posts\/16805\/revisions\/16814"}],"wp:featuredmedia":[{"embeddable":true,"href":"https:\/\/globalcitieshub.org\/fr\/wp-json\/wp\/v2\/media\/16806"}],"wp:attachment":[{"href":"https:\/\/globalcitieshub.org\/fr\/wp-json\/wp\/v2\/media?parent=16805"}],"wp:term":[{"taxonomy":"category","embeddable":true,"href":"https:\/\/globalcitieshub.org\/fr\/wp-json\/wp\/v2\/categories?post=16805"},{"taxonomy":"post_tag","embeddable":true,"href":"https:\/\/globalcitieshub.org\/fr\/wp-json\/wp\/v2\/tags?post=16805"}],"curies":[{"name":"wp","href":"https:\/\/api.w.org\/{rel}","templated":true}]}}