{"id":16711,"date":"2022-04-06T09:25:00","date_gmt":"2022-04-06T07:25:00","guid":{"rendered":"https:\/\/www.genevacitieshub.org\/?p=16711"},"modified":"2022-10-04T17:25:11","modified_gmt":"2022-10-04T15:25:11","slug":"forum-of-mayors-bring-a-lot-of-value-to-the-international-discussion","status":"publish","type":"post","link":"https:\/\/globalcitieshub.org\/fr\/forum-of-mayors-bring-a-lot-of-value-to-the-international-discussion\/","title":{"rendered":"Le Forum des maires apporte une grande valeur ajout\u00e9e au d\u00e9bat international."},"content":{"rendered":"<div data-elementor-type=\"wp-post\" data-elementor-id=\"16711\" class=\"elementor elementor-16711\">\n\t\t\t\t\t\t<section class=\"elementor-section elementor-top-section elementor-element elementor-element-236732ef elementor-section-boxed elementor-section-height-default elementor-section-height-default\" data-id=\"236732ef\" data-element_type=\"section\" data-e-type=\"section\">\n\t\t\t\t\t\t<div class=\"elementor-container elementor-column-gap-default\">\n\t\t\t\t\t<div class=\"elementor-column elementor-col-100 elementor-top-column elementor-element elementor-element-3ee4faa\" data-id=\"3ee4faa\" data-element_type=\"column\" data-e-type=\"column\">\n\t\t\t<div class=\"elementor-widget-wrap elementor-element-populated\">\n\t\t\t\t\t\t<div class=\"elementor-element elementor-element-5a4d5043 elementor-widget elementor-widget-text-editor\" data-id=\"5a4d5043\" data-element_type=\"widget\" data-e-type=\"widget\" data-widget_type=\"text-editor.default\">\n\t\t\t\t<div class=\"elementor-widget-container\">\n\t\t\t\t\t\t\t\t\t<p>Lors d'un \u00e9v\u00e9nement parall\u00e8le en marge de la conf\u00e9rence de l <a href=\"https:\/\/www.genevacitieshub.org\/en\/forum-of-mayors\/\">Forum des maires \u00e0 Gen\u00e8ve<\/a>Les repr\u00e9sentants des commissions \u00e9conomiques r\u00e9gionales des Nations unies ont partag\u00e9 les meilleures pratiques concernant leur travail et leur coop\u00e9ration avec les maires et les gouvernements locaux et r\u00e9gionaux (GLR). Ils ont discut\u00e9 des initiatives qui pourraient \u00eatre les mieux adapt\u00e9es \u00e0 leurs r\u00e9gions, de la mani\u00e8re dont la coop\u00e9ration interr\u00e9gionale pourrait \u00eatre \u00e9largie et de la fa\u00e7on dont la coop\u00e9ration renforc\u00e9e avec les maires pourrait \u00eatre reprise au niveau intergouvernemental. Les participants ont soulign\u00e9 l'importance des politiques et des pratiques de d\u00e9veloppement urbain durable, ainsi que la mise en \u0153uvre r\u00e9ussie des propositions li\u00e9es \u00e0 l'urbanisme dans \"Notre programme commun\". <strong>Mme Kamelia Kemileva, codirectrice du GCH, <\/strong>a mentionn\u00e9 dans ses remarques d'ouverture que le CCG souhaite renforcer son travail avec toutes les commissions r\u00e9gionales de l'ONU et soutenir une pr\u00e9sence accrue \u00e0 Gen\u00e8ve.<\/p><p><strong>Mme Paola Deda<\/strong>Directeur de la division \"For\u00eats, terres et logement\", \u00e0 l'adresse suivante <strong>CEE-ONU<\/strong> a partag\u00e9 ses impressions de premi\u00e8re main sur le <a href=\"https:\/\/forumofmayors.unece.org\/\"><strong>Forum des maires, <\/strong><\/a>tenue en amont de l'\u00e9v\u00e9nement. Elle a d\u00e9clar\u00e9 que \"<em>le succ\u00e8s du Forum est mesur\u00e9 par le fait que les maires se sont r\u00e9ellement appropri\u00e9s le Forum et ont estim\u00e9 qu'il apportait une r\u00e9elle valeur ajout\u00e9e.<\/em>\". Un grand nombre de maires de la r\u00e9gion de la CEE-ONU y ont particip\u00e9 pour \u00e9changer leurs exp\u00e9riences sur plusieurs aspects du d\u00e9veloppement urbain durable. L'urbanisation durable est un d\u00e9fi commun \u00e0 diff\u00e9rentes r\u00e9gions du monde et, par cons\u00e9quent, un domaine de coop\u00e9ration \u00e0 renforcer entre toutes les commissions \u00e9conomiques r\u00e9gionales des Nations unies.<\/p><p><strong>Mme Edlam Yemeru<\/strong>Chef de l'Urbanisation et du D\u00e9veloppement \u00e0\u00a0<strong>UNECA <\/strong>a expliqu\u00e9 en quoi le travail dans le contexte africain diff\u00e8re. La priorit\u00e9 est clairement de faire avancer la r\u00e9forme structurelle des soci\u00e9t\u00e9s dans un sens \u00e9conomique. Les politiques d'urbanisation doivent \u00eatre align\u00e9es sur les politiques de d\u00e9veloppement, notamment l'industrialisation, le d\u00e9veloppement des infrastructures, l'emploi et les politiques culturelles. Souvent, ces politiques sont men\u00e9es au niveau national alors qu'elles se concr\u00e9tisent au niveau urbain. Les commissions \u00e9conomiques r\u00e9gionales pourraient jouer un r\u00f4le important en alignant ces politiques et en \u00e9levant l'agenda urbain au-del\u00e0 du secteur urbain. Toutefois, cela n\u00e9cessite des donn\u00e9es abondantes et fiables, notamment une estimation du poids \u00e9conomique des villes dans l'\u00e9conomie globale. La participation des maires africains au Forum des maires est la bienvenue pour favoriser les \u00e9changes interr\u00e9gionaux et \u00e9tudier la cr\u00e9ation d'un forum similaire en Afrique.<\/p><p><strong>Mme Sukaina Al Nasrawi<\/strong>Expert en affaires sociales \u00e0\u00a0<strong>UNESCWA<\/strong> a renforc\u00e9 le message sur l'importance cruciale des donn\u00e9es urbaines pour le d\u00e9veloppement durable. En Asie occidentale, la cartographie des donn\u00e9es est n\u00e9cessaire aux niveaux national et local. Sur la base de donn\u00e9es ad\u00e9quates, des projets de localisation des ODD peuvent \u00eatre d\u00e9velopp\u00e9s. Le renforcement n\u00e9cessaire des capacit\u00e9s est r\u00e9alis\u00e9 en partenariat avec ONU-Habitat pour aider les autorit\u00e9s locales. La promotion des solutions num\u00e9riques dans le cadre du d\u00e9veloppement de villes intelligentes et durables est l'une des questions les plus importantes \u00e0 l'ordre du jour.\u00a0<\/p><p><strong>M. Curt Garrigan<\/strong>Chef de la section \"D\u00e9veloppement urbain durable\" \u00e0 <strong>UNESCAP <\/strong>a pr\u00e9sent\u00e9 plusieurs initiatives en cours avec les maires et les autorit\u00e9s locales. Entre autres, le <a href=\"mailto:https:\/\/www.unescap.org\/resources\/asia-pacific-regional-guidelines-voluntary-local-reviews\">Directives r\u00e9gionales Asie-Pacifique sur les examens locaux volontaires<\/a> (VLRs) constituent un atout essentiel pour aider les autorit\u00e9s locales \u00e0 \u00e9laborer des VLRs. Certains de ces rapports ont d\u00e9j\u00e0 \u00e9t\u00e9 pris en compte dans le processus des examens nationaux volontaires. En outre, les <a href=\"http:\/\/www.mayors.asia\">Forum des maires asiatiques<\/a> a \u00e9t\u00e9 cr\u00e9\u00e9 dans le but de promouvoir des coop\u00e9rations constructives et de renforcer les relations amicales entre les villes asiatiques. Il offre une plateforme pour discuter du d\u00e9veloppement durable des villes asiatiques dans diff\u00e9rents domaines \u00e9conomiques, sociaux et technologiques. En outre, lanc\u00e9 en 2019, le <a href=\"mailto:https:\/\/www.asiapacificmayorsacademy.org\/\">Acad\u00e9mie des maires d'Asie-Pacifique<\/a> implique les maires nouvellement \u00e9lus et offre une formation en mati\u00e8re de planification, de financement et de gestion du d\u00e9veloppement durable et r\u00e9silient des villes intelligentes.<\/p><p>Dans l'ensemble, tous les participants ont convenu de l'utilit\u00e9 des diff\u00e9rentes plateformes d'interaction entre maires. Les \u00e9changes d'exp\u00e9riences entre pairs contribuent \u00e0 la r\u00e9alisation du d\u00e9veloppement durable. Les diff\u00e9rents formats - forum ouvert, discussion th\u00e9matique \u00e0 huis clos, acad\u00e9mie de formation - apportent une valeur ajout\u00e9e. Les participants ont \u00e9galement recommand\u00e9 de renforcer l'interaction entre les diff\u00e9rents Forums r\u00e9gionaux. Les commissions \u00e9conomiques r\u00e9gionales de l'ONU souhaitent soutenir les maires, qui sont des dirigeants \u00e9lus de confiance, pour qu'ils deviennent \u00e9galement les meilleurs gestionnaires des d\u00e9fis locaux et des objectifs mondiaux de d\u00e9veloppement durable. Les examens locaux volontaires doivent b\u00e9n\u00e9ficier d'une plus grande visibilit\u00e9 afin de sensibiliser toutes les parties prenantes et de s'assurer qu'elles contribuent \u00e9quitablement \u00e0 la mise en \u0153uvre des ODD.<\/p><p>L'\u00e9v\u00e9nement a constitu\u00e9 une contribution importante des commissions r\u00e9gionales de l'ONU et du GCH \u00e0 l'initiative de l'Union europ\u00e9enne. <strong>R\u00e9union de haut niveau de l'Assembl\u00e9e g\u00e9n\u00e9rale de l'ONU sur la mise en \u0153uvre du nouvel agenda urbain pr\u00e9vue le <\/strong><a href=\"https:\/\/www.un.org\/pga\/76\/high-level-meeting-on-the-implementation-of-the-new-urban-agenda\/\"><strong>28 avril 2022 \u00e0 New York.<\/strong><\/a><\/p>\t\t\t\t\t\t\t\t<\/div>\n\t\t\t\t<\/div>\n\t\t\t\t<div class=\"elementor-element elementor-element-39db516 elementor-widget elementor-widget-spacer\" data-id=\"39db516\" data-element_type=\"widget\" data-e-type=\"widget\" data-widget_type=\"spacer.default\">\n\t\t\t\t<div class=\"elementor-widget-container\">\n\t\t\t\t\t\t\t<div class=\"elementor-spacer\">\n\t\t\t<div class=\"elementor-spacer-inner\"><\/div>\n\t\t<\/div>\n\t\t\t\t\t\t<\/div>\n\t\t\t\t<\/div>\n\t\t\t\t\t<\/div>\n\t\t<\/div>\n\t\t\t\t\t<\/div>\n\t\t<\/section>\n\t\t\t\t<section class=\"elementor-section elementor-top-section elementor-element elementor-element-48d232d elementor-section-boxed elementor-section-height-default elementor-section-height-default\" data-id=\"48d232d\" data-element_type=\"section\" data-e-type=\"section\">\n\t\t\t\t\t\t<div class=\"elementor-container elementor-column-gap-default\">\n\t\t\t\t\t<div class=\"elementor-column elementor-col-100 elementor-top-column elementor-element elementor-element-2f3f071\" data-id=\"2f3f071\" data-element_type=\"column\" data-e-type=\"column\">\n\t\t\t<div class=\"elementor-widget-wrap elementor-element-populated\">\n\t\t\t\t\t\t<div class=\"elementor-element elementor-element-a5a4bb8 elementor-align-center elementor-widget elementor-widget-button\" data-id=\"a5a4bb8\" data-element_type=\"widget\" data-e-type=\"widget\" data-widget_type=\"button.default\">\n\t\t\t\t<div class=\"elementor-widget-container\">\n\t\t\t\t\t\t\t\t\t<div class=\"elementor-button-wrapper\">\n\t\t\t\t\t<a class=\"elementor-button elementor-button-link elementor-size-sm\" href=\"#\">\n\t\t\t\t\t\t<span class=\"elementor-button-content-wrapper\">\n\t\t\t\t\t\t\t\t\t<span class=\"elementor-button-text\">Regardez la vid\u00e9o de l'\u00e9v\u00e9nement<\/span>\n\t\t\t\t\t<\/span>\n\t\t\t\t\t<\/a>\n\t\t\t\t<\/div>\n\t\t\t\t\t\t\t\t<\/div>\n\t\t\t\t<\/div>\n\t\t\t\t\t<\/div>\n\t\t<\/div>\n\t\t\t\t\t<\/div>\n\t\t<\/section>\n\t\t\t\t<\/div>","protected":false},"excerpt":{"rendered":"<p>Lors d'un \u00e9v\u00e9nement parall\u00e8le en marge du Forum des maires \u00e0 Gen\u00e8ve, des repr\u00e9sentants des commissions \u00e9conomiques r\u00e9gionales des Nations unies ont partag\u00e9 les meilleures pratiques concernant leur travail et leur coop\u00e9ration avec les maires et les gouvernements locaux et r\u00e9gionaux (GLR). Ils ont discut\u00e9 des initiatives qui pourraient \u00eatre les mieux adapt\u00e9es \u00e0 leurs r\u00e9gions, de la mani\u00e8re dont la coop\u00e9ration interr\u00e9gionale pourrait \u00eatre \u00e9largie, et de la mani\u00e8re dont ... <\/p>","protected":false},"author":1,"featured_media":16712,"comment_status":"closed","ping_status":"open","sticky":false,"template":"","format":"standard","meta":{"_monsterinsights_skip_tracking":false,"_monsterinsights_sitenote_active":false,"_monsterinsights_sitenote_note":"","_monsterinsights_sitenote_category":0,"footnotes":""},"categories":[1],"tags":[],"class_list":["post-16711","post","type-post","status-publish","format-standard","has-post-thumbnail","hentry","category-news"],"yoast_head":"<!-- This site is optimized with the Yoast SEO plugin v27.5 - https:\/\/yoast.com\/product\/yoast-seo-wordpress\/ -->\n<title>The Forum of Mayors brings a lot of value to the international discussion - Global Cities Hub<\/title>\n<meta name=\"description\" content=\"The Geneva Cities Hub held an event in margin of the Forum of Mayors with the UN Regional Economic Commissions\" \/>\n<meta name=\"robots\" content=\"index, follow, max-snippet:-1, max-image-preview:large, max-video-preview:-1\" \/>\n<link rel=\"canonical\" href=\"https:\/\/globalcitieshub.org\/fr\/forum-of-mayors-bring-a-lot-of-value-to-the-international-discussion\/\" \/>\n<meta property=\"og:locale\" content=\"fr_FR\" \/>\n<meta property=\"og:type\" content=\"article\" \/>\n<meta property=\"og:title\" content=\"The Forum of Mayors brings a lot of value to the international discussion - Global Cities Hub\" \/>\n<meta property=\"og:description\" content=\"The Geneva Cities Hub held an event in margin of the Forum of Mayors with the UN Regional Economic Commissions\" \/>\n<meta property=\"og:url\" content=\"https:\/\/globalcitieshub.org\/fr\/forum-of-mayors-bring-a-lot-of-value-to-the-international-discussion\/\" \/>\n<meta property=\"og:site_name\" content=\"Global Cities Hub\" \/>\n<meta property=\"article:published_time\" content=\"2022-04-06T07:25:00+00:00\" \/>\n<meta property=\"article:modified_time\" content=\"2022-10-04T15:25:11+00:00\" \/>\n<meta property=\"og:image\" content=\"https:\/\/globalcitieshub.org\/wp-content\/uploads\/2022\/05\/Side-event-6-April-News.png\" \/>\n\t<meta property=\"og:image:width\" content=\"786\" \/>\n\t<meta property=\"og:image:height\" content=\"524\" \/>\n\t<meta property=\"og:image:type\" content=\"image\/png\" \/>\n<meta name=\"author\" content=\"root_new\" \/>\n<meta name=\"twitter:card\" content=\"summary_large_image\" \/>\n<meta name=\"twitter:creator\" content=\"@genevacitieshub\" \/>\n<meta name=\"twitter:site\" content=\"@genevacitieshub\" \/>\n<meta name=\"twitter:label1\" content=\"\u00c9crit par\" \/>\n\t<meta name=\"twitter:data1\" content=\"root_new\" \/>\n\t<meta name=\"twitter:label2\" content=\"Dur\u00e9e de lecture estim\u00e9e\" \/>\n\t<meta name=\"twitter:data2\" content=\"4 minutes\" \/>\n<script type=\"application\/ld+json\" class=\"yoast-schema-graph\">{\"@context\":\"https:\\\/\\\/schema.org\",\"@graph\":[{\"@type\":\"Article\",\"@id\":\"https:\\\/\\\/globalcitieshub.org\\\/fr\\\/forum-of-mayors-bring-a-lot-of-value-to-the-international-discussion\\\/#article\",\"isPartOf\":{\"@id\":\"https:\\\/\\\/globalcitieshub.org\\\/fr\\\/forum-of-mayors-bring-a-lot-of-value-to-the-international-discussion\\\/\"},\"author\":{\"name\":\"root_new\",\"@id\":\"https:\\\/\\\/globalcitieshub.org\\\/fr\\\/#\\\/schema\\\/person\\\/507d9e6bfa91593e51e4b24f8c3efc42\"},\"headline\":\"The Forum of Mayors brings a lot of value to the international discussion\",\"datePublished\":\"2022-04-06T07:25:00+00:00\",\"dateModified\":\"2022-10-04T15:25:11+00:00\",\"mainEntityOfPage\":{\"@id\":\"https:\\\/\\\/globalcitieshub.org\\\/fr\\\/forum-of-mayors-bring-a-lot-of-value-to-the-international-discussion\\\/\"},\"wordCount\":729,\"publisher\":{\"@id\":\"https:\\\/\\\/globalcitieshub.org\\\/fr\\\/#organization\"},\"image\":{\"@id\":\"https:\\\/\\\/globalcitieshub.org\\\/fr\\\/forum-of-mayors-bring-a-lot-of-value-to-the-international-discussion\\\/#primaryimage\"},\"thumbnailUrl\":\"https:\\\/\\\/globalcitieshub.org\\\/wp-content\\\/uploads\\\/2022\\\/05\\\/Side-event-6-April-News.png\",\"articleSection\":[\"News\"],\"inLanguage\":\"fr-FR\"},{\"@type\":\"WebPage\",\"@id\":\"https:\\\/\\\/globalcitieshub.org\\\/fr\\\/forum-of-mayors-bring-a-lot-of-value-to-the-international-discussion\\\/\",\"url\":\"https:\\\/\\\/globalcitieshub.org\\\/fr\\\/forum-of-mayors-bring-a-lot-of-value-to-the-international-discussion\\\/\",\"name\":\"The Forum of Mayors brings a lot of value to the international discussion - Global Cities Hub\",\"isPartOf\":{\"@id\":\"https:\\\/\\\/globalcitieshub.org\\\/fr\\\/#website\"},\"primaryImageOfPage\":{\"@id\":\"https:\\\/\\\/globalcitieshub.org\\\/fr\\\/forum-of-mayors-bring-a-lot-of-value-to-the-international-discussion\\\/#primaryimage\"},\"image\":{\"@id\":\"https:\\\/\\\/globalcitieshub.org\\\/fr\\\/forum-of-mayors-bring-a-lot-of-value-to-the-international-discussion\\\/#primaryimage\"},\"thumbnailUrl\":\"https:\\\/\\\/globalcitieshub.org\\\/wp-content\\\/uploads\\\/2022\\\/05\\\/Side-event-6-April-News.png\",\"datePublished\":\"2022-04-06T07:25:00+00:00\",\"dateModified\":\"2022-10-04T15:25:11+00:00\",\"description\":\"The Geneva Cities Hub held an event in margin of the Forum of Mayors with the UN Regional Economic Commissions\",\"inLanguage\":\"fr-FR\",\"potentialAction\":[{\"@type\":\"ReadAction\",\"target\":[\"https:\\\/\\\/globalcitieshub.org\\\/fr\\\/forum-of-mayors-bring-a-lot-of-value-to-the-international-discussion\\\/\"]}]},{\"@type\":\"ImageObject\",\"inLanguage\":\"fr-FR\",\"@id\":\"https:\\\/\\\/globalcitieshub.org\\\/fr\\\/forum-of-mayors-bring-a-lot-of-value-to-the-international-discussion\\\/#primaryimage\",\"url\":\"https:\\\/\\\/globalcitieshub.org\\\/wp-content\\\/uploads\\\/2022\\\/05\\\/Side-event-6-April-News.png\",\"contentUrl\":\"https:\\\/\\\/globalcitieshub.org\\\/wp-content\\\/uploads\\\/2022\\\/05\\\/Side-event-6-April-News.png\",\"width\":786,\"height\":524},{\"@type\":\"WebSite\",\"@id\":\"https:\\\/\\\/globalcitieshub.org\\\/fr\\\/#website\",\"url\":\"https:\\\/\\\/globalcitieshub.org\\\/fr\\\/\",\"name\":\"Global Cities Hub\",\"description\":\"Connecting local and regional governments to the United Nations and other  international organizations\",\"publisher\":{\"@id\":\"https:\\\/\\\/globalcitieshub.org\\\/fr\\\/#organization\"},\"potentialAction\":[{\"@type\":\"SearchAction\",\"target\":{\"@type\":\"EntryPoint\",\"urlTemplate\":\"https:\\\/\\\/globalcitieshub.org\\\/fr\\\/?s={search_term_string}\"},\"query-input\":{\"@type\":\"PropertyValueSpecification\",\"valueRequired\":true,\"valueName\":\"search_term_string\"}}],\"inLanguage\":\"fr-FR\"},{\"@type\":\"Organization\",\"@id\":\"https:\\\/\\\/globalcitieshub.org\\\/fr\\\/#organization\",\"name\":\"Global Cities Hub\",\"url\":\"https:\\\/\\\/globalcitieshub.org\\\/fr\\\/\",\"logo\":{\"@type\":\"ImageObject\",\"inLanguage\":\"fr-FR\",\"@id\":\"https:\\\/\\\/globalcitieshub.org\\\/fr\\\/#\\\/schema\\\/logo\\\/image\\\/\",\"url\":\"https:\\\/\\\/globalcitieshub.org\\\/wp-content\\\/uploads\\\/2023\\\/09\\\/230829_Logo_Global_Cities_Hub_Couleur_fond-blanc_RVB.png\",\"contentUrl\":\"https:\\\/\\\/globalcitieshub.org\\\/wp-content\\\/uploads\\\/2023\\\/09\\\/230829_Logo_Global_Cities_Hub_Couleur_fond-blanc_RVB.png\",\"width\":2544,\"height\":1446,\"caption\":\"Global Cities Hub\"},\"image\":{\"@id\":\"https:\\\/\\\/globalcitieshub.org\\\/fr\\\/#\\\/schema\\\/logo\\\/image\\\/\"},\"sameAs\":[\"https:\\\/\\\/x.com\\\/genevacitieshub\"]},{\"@type\":\"Person\",\"@id\":\"https:\\\/\\\/globalcitieshub.org\\\/fr\\\/#\\\/schema\\\/person\\\/507d9e6bfa91593e51e4b24f8c3efc42\",\"name\":\"root_new\",\"image\":{\"@type\":\"ImageObject\",\"inLanguage\":\"fr-FR\",\"@id\":\"https:\\\/\\\/globalcitieshub.org\\\/wp-content\\\/plugins\\\/townhub-add-ons\\\/assets\\\/images\\\/avatar.jpg\",\"url\":\"https:\\\/\\\/globalcitieshub.org\\\/wp-content\\\/plugins\\\/townhub-add-ons\\\/assets\\\/images\\\/avatar.jpg\",\"contentUrl\":\"https:\\\/\\\/globalcitieshub.org\\\/wp-content\\\/plugins\\\/townhub-add-ons\\\/assets\\\/images\\\/avatar.jpg\",\"caption\":\"root_new\"},\"sameAs\":[\"http:\\\/\\\/gch.dev-bulbera.com\"],\"url\":\"https:\\\/\\\/globalcitieshub.org\\\/fr\\\/author\\\/root_new\\\/\"}]}<\/script>\n<!-- \/ Yoast SEO plugin. -->","yoast_head_json":{"title":"Le Forum des Maires apporte beaucoup \u00e0 la discussion internationale - Global Cities Hub","description":"Le Geneva Cities Hub a organis\u00e9 un \u00e9v\u00e9nement en marge du Forum des Maires avec les Commissions \u00e9conomiques r\u00e9gionales de l'ONU.","robots":{"index":"index","follow":"follow","max-snippet":"max-snippet:-1","max-image-preview":"max-image-preview:large","max-video-preview":"max-video-preview:-1"},"canonical":"https:\/\/globalcitieshub.org\/fr\/forum-of-mayors-bring-a-lot-of-value-to-the-international-discussion\/","og_locale":"fr_FR","og_type":"article","og_title":"The Forum of Mayors brings a lot of value to the international discussion - Global Cities Hub","og_description":"The Geneva Cities Hub held an event in margin of the Forum of Mayors with the UN Regional Economic Commissions","og_url":"https:\/\/globalcitieshub.org\/fr\/forum-of-mayors-bring-a-lot-of-value-to-the-international-discussion\/","og_site_name":"Global Cities Hub","article_published_time":"2022-04-06T07:25:00+00:00","article_modified_time":"2022-10-04T15:25:11+00:00","og_image":[{"width":786,"height":524,"url":"https:\/\/globalcitieshub.org\/wp-content\/uploads\/2022\/05\/Side-event-6-April-News.png","type":"image\/png"}],"author":"root_new","twitter_card":"summary_large_image","twitter_creator":"@genevacitieshub","twitter_site":"@genevacitieshub","twitter_misc":{"\u00c9crit par":"root_new","Dur\u00e9e de lecture estim\u00e9e":"4 minutes"},"schema":{"@context":"https:\/\/schema.org","@graph":[{"@type":"Article","@id":"https:\/\/globalcitieshub.org\/fr\/forum-of-mayors-bring-a-lot-of-value-to-the-international-discussion\/#article","isPartOf":{"@id":"https:\/\/globalcitieshub.org\/fr\/forum-of-mayors-bring-a-lot-of-value-to-the-international-discussion\/"},"author":{"name":"root_new","@id":"https:\/\/globalcitieshub.org\/fr\/#\/schema\/person\/507d9e6bfa91593e51e4b24f8c3efc42"},"headline":"The Forum of Mayors brings a lot of value to the international discussion","datePublished":"2022-04-06T07:25:00+00:00","dateModified":"2022-10-04T15:25:11+00:00","mainEntityOfPage":{"@id":"https:\/\/globalcitieshub.org\/fr\/forum-of-mayors-bring-a-lot-of-value-to-the-international-discussion\/"},"wordCount":729,"publisher":{"@id":"https:\/\/globalcitieshub.org\/fr\/#organization"},"image":{"@id":"https:\/\/globalcitieshub.org\/fr\/forum-of-mayors-bring-a-lot-of-value-to-the-international-discussion\/#primaryimage"},"thumbnailUrl":"https:\/\/globalcitieshub.org\/wp-content\/uploads\/2022\/05\/Side-event-6-April-News.png","articleSection":["News"],"inLanguage":"fr-FR"},{"@type":"WebPage","@id":"https:\/\/globalcitieshub.org\/fr\/forum-of-mayors-bring-a-lot-of-value-to-the-international-discussion\/","url":"https:\/\/globalcitieshub.org\/fr\/forum-of-mayors-bring-a-lot-of-value-to-the-international-discussion\/","name":"Le Forum des Maires apporte beaucoup \u00e0 la discussion internationale - Global Cities Hub","isPartOf":{"@id":"https:\/\/globalcitieshub.org\/fr\/#website"},"primaryImageOfPage":{"@id":"https:\/\/globalcitieshub.org\/fr\/forum-of-mayors-bring-a-lot-of-value-to-the-international-discussion\/#primaryimage"},"image":{"@id":"https:\/\/globalcitieshub.org\/fr\/forum-of-mayors-bring-a-lot-of-value-to-the-international-discussion\/#primaryimage"},"thumbnailUrl":"https:\/\/globalcitieshub.org\/wp-content\/uploads\/2022\/05\/Side-event-6-April-News.png","datePublished":"2022-04-06T07:25:00+00:00","dateModified":"2022-10-04T15:25:11+00:00","description":"Le Geneva Cities Hub a organis\u00e9 un \u00e9v\u00e9nement en marge du Forum des Maires avec les Commissions \u00e9conomiques r\u00e9gionales de l'ONU.","inLanguage":"fr-FR","potentialAction":[{"@type":"ReadAction","target":["https:\/\/globalcitieshub.org\/fr\/forum-of-mayors-bring-a-lot-of-value-to-the-international-discussion\/"]}]},{"@type":"ImageObject","inLanguage":"fr-FR","@id":"https:\/\/globalcitieshub.org\/fr\/forum-of-mayors-bring-a-lot-of-value-to-the-international-discussion\/#primaryimage","url":"https:\/\/globalcitieshub.org\/wp-content\/uploads\/2022\/05\/Side-event-6-April-News.png","contentUrl":"https:\/\/globalcitieshub.org\/wp-content\/uploads\/2022\/05\/Side-event-6-April-News.png","width":786,"height":524},{"@type":"WebSite","@id":"https:\/\/globalcitieshub.org\/fr\/#website","url":"https:\/\/globalcitieshub.org\/fr\/","name":"Global Cities Hub","description":"Relier les gouvernements locaux et r\u00e9gionaux aux Nations unies et \u00e0 d'autres organisations internationales","publisher":{"@id":"https:\/\/globalcitieshub.org\/fr\/#organization"},"potentialAction":[{"@type":"SearchAction","target":{"@type":"EntryPoint","urlTemplate":"https:\/\/globalcitieshub.org\/fr\/?s={search_term_string}"},"query-input":{"@type":"PropertyValueSpecification","valueRequired":true,"valueName":"search_term_string"}}],"inLanguage":"fr-FR"},{"@type":"Organization","@id":"https:\/\/globalcitieshub.org\/fr\/#organization","name":"Global Cities Hub","url":"https:\/\/globalcitieshub.org\/fr\/","logo":{"@type":"ImageObject","inLanguage":"fr-FR","@id":"https:\/\/globalcitieshub.org\/fr\/#\/schema\/logo\/image\/","url":"https:\/\/globalcitieshub.org\/wp-content\/uploads\/2023\/09\/230829_Logo_Global_Cities_Hub_Couleur_fond-blanc_RVB.png","contentUrl":"https:\/\/globalcitieshub.org\/wp-content\/uploads\/2023\/09\/230829_Logo_Global_Cities_Hub_Couleur_fond-blanc_RVB.png","width":2544,"height":1446,"caption":"Global Cities Hub"},"image":{"@id":"https:\/\/globalcitieshub.org\/fr\/#\/schema\/logo\/image\/"},"sameAs":["https:\/\/x.com\/genevacitieshub"]},{"@type":"Person","@id":"https:\/\/globalcitieshub.org\/fr\/#\/schema\/person\/507d9e6bfa91593e51e4b24f8c3efc42","name":"racine_nouveau","image":{"@type":"ImageObject","inLanguage":"fr-FR","@id":"https:\/\/globalcitieshub.org\/wp-content\/plugins\/townhub-add-ons\/assets\/images\/avatar.jpg","url":"https:\/\/globalcitieshub.org\/wp-content\/plugins\/townhub-add-ons\/assets\/images\/avatar.jpg","contentUrl":"https:\/\/globalcitieshub.org\/wp-content\/plugins\/townhub-add-ons\/assets\/images\/avatar.jpg","caption":"root_new"},"sameAs":["http:\/\/gch.dev-bulbera.com"],"url":"https:\/\/globalcitieshub.org\/fr\/author\/root_new\/"}]}},"_links":{"self":[{"href":"https:\/\/globalcitieshub.org\/fr\/wp-json\/wp\/v2\/posts\/16711","targetHints":{"allow":["GET"]}}],"collection":[{"href":"https:\/\/globalcitieshub.org\/fr\/wp-json\/wp\/v2\/posts"}],"about":[{"href":"https:\/\/globalcitieshub.org\/fr\/wp-json\/wp\/v2\/types\/post"}],"author":[{"embeddable":true,"href":"https:\/\/globalcitieshub.org\/fr\/wp-json\/wp\/v2\/users\/1"}],"replies":[{"embeddable":true,"href":"https:\/\/globalcitieshub.org\/fr\/wp-json\/wp\/v2\/comments?post=16711"}],"version-history":[{"count":38,"href":"https:\/\/globalcitieshub.org\/fr\/wp-json\/wp\/v2\/posts\/16711\/revisions"}],"predecessor-version":[{"id":17876,"href":"https:\/\/globalcitieshub.org\/fr\/wp-json\/wp\/v2\/posts\/16711\/revisions\/17876"}],"wp:featuredmedia":[{"embeddable":true,"href":"https:\/\/globalcitieshub.org\/fr\/wp-json\/wp\/v2\/media\/16712"}],"wp:attachment":[{"href":"https:\/\/globalcitieshub.org\/fr\/wp-json\/wp\/v2\/media?parent=16711"}],"wp:term":[{"taxonomy":"category","embeddable":true,"href":"https:\/\/globalcitieshub.org\/fr\/wp-json\/wp\/v2\/categories?post=16711"},{"taxonomy":"post_tag","embeddable":true,"href":"https:\/\/globalcitieshub.org\/fr\/wp-json\/wp\/v2\/tags?post=16711"}],"curies":[{"name":"wp","href":"https:\/\/api.w.org\/{rel}","templated":true}]}}