{"id":16648,"date":"2022-04-05T10:57:00","date_gmt":"2022-04-05T08:57:00","guid":{"rendered":"https:\/\/www.genevacitieshub.org\/?p=16648"},"modified":"2022-04-14T11:01:45","modified_gmt":"2022-04-14T09:01:45","slug":"the-forum-of-mayors-supports-a-new-modern-and-inclusive-multilateralism","status":"publish","type":"post","link":"https:\/\/globalcitieshub.org\/fr\/the-forum-of-mayors-supports-a-new-modern-and-inclusive-multilateralism\/","title":{"rendered":"Le Forum des Maires soutient un nouveau multilat\u00e9ralisme moderne et inclusif"},"content":{"rendered":"<p>La 2e \u00e9dition de l <a href=\"https:\/\/www.genevacitieshub.org\/en\/forum-of-mayors\/\">Forum des Maires de la CEE-ONU,<\/a> (FoM) a eu lieu les 4 et 5 avril \u00e0 Gen\u00e8ve sur le th\u00e8me \"Se remettre de la pand\u00e9mie de COVID-19 tout en faisant progresser la mise en \u0153uvre des ODD\".<\/p>\n\n\n\n<p>Parmi les principaux orateurs qui ont ouvert les FoM, M. Sami Kanaan, ancien maire de Gen\u00e8ve et pr\u00e9sident du Geneva Cities Hub, a soulign\u00e9 le fait que les FoM sont uniques car ils permettent aux autorit\u00e9s locales de s'exprimer et de partager leurs perspectives dans un cadre multilat\u00e9ral de l'ONU. En outre, les FdM incarnent la volont\u00e9 du Secr\u00e9taire g\u00e9n\u00e9ral de l'ONU, M. Guterres, d'\u00e9voluer vers un multilat\u00e9ralisme moderne et plus inclusif. Il \u00e9tait en effet int\u00e9ressant de voir que les maires, en tant qu'intervenants et principales parties prenantes, \u00e9taient assis dans les cercles int\u00e9rieurs de la salle de r\u00e9union, tandis que les \u00c9tats \u00e9taient assis dans les cercles ext\u00e9rieurs, plut\u00f4t en mode observatoire. Il convient \u00e9galement de noter que les Amis de la Terre ont \u00e9t\u00e9 cr\u00e9\u00e9s par les \u00c9tats membres de la CEE-ONU. C'est pourquoi les Amis de la Terre ont constitu\u00e9 la premi\u00e8re partie de la 83e session du Comit\u00e9 du d\u00e9veloppement urbain, du logement et de l'am\u00e9nagement du territoire de la CEE-ONU et qu'ils se sont tenus juste apr\u00e8s le Forum r\u00e9gional pour le d\u00e9veloppement durable.<\/p>\n\n\n\n<p>Des maires et des vice-maires de 44 villes ont particip\u00e9 (en personne ou en ligne) et ont partag\u00e9 leurs exp\u00e9riences et leurs pratiques innovantes sous 4 th\u00e8mes principaux : <\/p>\n\n\n\n<ul class=\"wp-block-list\"><li>transport urbain<\/li><li>les espaces publics<\/li><li>logement<\/li><li>planification urbaine durable<\/li><\/ul>\n\n\n\n<p>Face \u00e0 des d\u00e9fis similaires dans toute l'Europe <a href=\"https:\/\/www.genevacitieshub.org\/en\/un-economic-commission-for-europe\/\">CEE-ONU <\/a>Dans la r\u00e9gion et au-del\u00e0, les maires et leurs administrations ont propos\u00e9 des solutions cr\u00e9atives pour atteindre les objectifs de d\u00e9veloppement durable, lutter contre le changement climatique ou se remettre de la pand\u00e9mie de Covid-19.<\/p>\n\n\n\n<p>Parmi les nombreuses initiatives pr\u00e9sent\u00e9es, nous avons entendu parler de : <\/p>\n\n\n\n<ul class=\"wp-block-list\"><li>une autoroute au milieu d'Utrecht (Pays-Bas) restaur\u00e9e en un canal d'eau historique<\/li><li>un projet participatif avec des enfants pour promouvoir la plantation d'arbres \u00e0 Tirana (Albanie)<\/li><li>la v\u00e9g\u00e9talisation des espaces publics \u00e0 Riga (Lettonie) afin de r\u00e9duire la pollution atmosph\u00e9rique et de ralentir la circulation.<\/li><li>les zones de protection autour de la ville de Burgas (Bulgarie) pour prot\u00e9ger la biodiversit\u00e9<\/li><li>les efforts d\u00e9ploy\u00e9s par Bonn (Allemagne) pour devenir neutre en carbone d'ici 2035<\/li><li>comment Vienne (Autriche) parvient \u00e0 maintenir des logements socialement abordables<\/li><li>la transformation d'anciens b\u00e2timents en centres communautaires destin\u00e9s \u00e0 accueillir des groupes vuln\u00e9rables \u00e0 Ath\u00e8nes (Gr\u00e8ce)<\/li><li>la cr\u00e9ation d'une Maison des religions comme moyen de renforcer la coh\u00e9sion sociale \u00e0 Berne (Suisse)<\/li><li>un ambitieux projet de t\u00e9l\u00e9ph\u00e9rique \u00e0 Freetown (Sierra Leone) <\/li><\/ul>\n\n\n\n<p>Les pr\u00e9sentations des maires et vice-maires ont \u00e9t\u00e9 particuli\u00e8rement anim\u00e9es, avec des photos pour illustrer les changements concrets entrepris dans leurs villes respectives.<\/p>\n\n\n\n<p>Toutes ces <a href=\"https:\/\/www.genevacitieshub.org\/en\/good-urban-practices\/\">bonnes pratiques et solutions innovantes<\/a> pourrait alimenter le <a href=\"https:\/\/www.genevacitieshub.org\/en\/join-the-mayors-action-platform\/\">Mayors' Action Platform<\/a> (MAP), qui a \u00e9t\u00e9 mis en place par le Geneva Cities Hub, sous les auspices de la CEE-ONU et de la Commission europ\u00e9enne. <a href=\"https:\/\/www.genevacitieshub.org\/en\/un-habitat\/\">ONU-Habitat,<\/a> \u00e0 assurer le suivi de la mise en \u0153uvre de la <a href=\"https:\/\/forumofmayors.unece.org\/geneva-declaration-mayors\" target=\"_blank\" rel=\"noreferrer noopener\">D\u00e9claration des Maires de Gen\u00e8ve<\/a> adopt\u00e9 lors de la <a href=\"https:\/\/forumofmayors.unece.org\/events\/forum-of-mayors-2020\" target=\"_blank\" rel=\"noreferrer noopener\">1er FoM<\/a> (6 oct. 2020). Comme l'ont recommand\u00e9 les maires eux-m\u00eames et comme la D\u00e9claration continue d'\u00eatre approuv\u00e9e par d'autres maires, le PAM devrait continuer \u00e0 \u00eatre d\u00e9velopp\u00e9 apr\u00e8s cette deuxi\u00e8me \u00e9dition, \u00e9tant donn\u00e9 qu'il s'agit d'un outil utile pour communiquer sur le travail entrepris par les maires et pour promouvoir l'\u00e9change entre pairs entre les villes.<\/p>\n\n\n\n<p>Dans l'ensemble, nous avons entendu comment tous les maires \u0153uvrent pour que leurs villes deviennent plus vivables et durables en ancrant les ODD dans leurs plans de d\u00e9veloppement urbain et comment ils s'efforcent de faire en sorte que personne ne soit laiss\u00e9 pour compte. Compte tenu du contexte g\u00e9opolitique, les maires ont \u00e9galement exprim\u00e9 leur solidarit\u00e9 avec l'Ukraine. \u00c0 cet \u00e9gard, le maire de Kharkiv (Ukraine) a affirm\u00e9 que la reconstruction de la ville \u00e9tait une priorit\u00e9 et que la crise actuelle serait transform\u00e9e en une occasion de mieux reconstruire et de renforcer la r\u00e9silience de la ville.<\/p>\n\n\n\n<p>Le ton de la r\u00e9union \u00e9tait tr\u00e8s positif et a d\u00e9montr\u00e9 l'int\u00e9r\u00eat des maires \u00e0 s'engager davantage avec l'ONU. Comme l'a dit un maire : \"<em>dans un monde o\u00f9 beaucoup de choses ne fonctionnent pas, il est bon d'entendre parler de ce qui fonctionne.<\/em>\". Les maires participants ont indiqu\u00e9 de mani\u00e8re informelle qu'ils trouvaient les FoM tr\u00e8s utiles et qu'ils souhaitaient qu'ils soient poursuivis. Le GCH soutient ce point de vue. Au cours de son <a href=\"https:\/\/www.genevacitieshub.org\/wp-content\/uploads\/2022\/04\/Speech-annexe-article.pdf\" target=\"_blank\" rel=\"noreferrer noopener\">intervention en pl\u00e9ni\u00e8re,<\/a> Le CCS a \u00e9galement appr\u00e9ci\u00e9 le fait que les FoM, malgr\u00e9 leur dimension r\u00e9gionale, aient inclus des maires des 4 autres r\u00e9gions (Afrique, Am\u00e9rique latine, Asie-Pacifique et Moyen-Orient et Afrique du Nord) afin d'\u00e9largir le champ des discussions. Comme l'a mentionn\u00e9 le Directeur G\u00e9n\u00e9ral de l'ONUG, <strong>Mme Valovaya,<\/strong> \"<em>Le potentiel des FdM s'\u00e9tend bien au-del\u00e0 de la r\u00e9gion de la Commission \u00e9conomique pour l'Europe et ses r\u00e9sultats contribueront \u00e0 la vision mondiale de l'avenir des villes.<\/em>\". Le GCH a \u00e9galement soulign\u00e9 la n\u00e9cessit\u00e9 pour les futures \u00e9ditions des FoM d'inclure dans le programme plus d'espace pour des discussions informelles, permettant aux maires d'interagir plus ouvertement entre eux, mais aussi avec les Etats et l'ONU.<\/p>\n\n\n\n<p>Les \u00c9tats membres de la CEE-ONU discuteront de l'avenir des FdM en octobre 2022 \u00e0 Saint-Marin. Les r\u00e9sultats d'une \u00e9valuation ind\u00e9pendante en cours des \"FoM\", command\u00e9e par les \u00c9tats membres de la CEE-ONU, contribueront certainement aux discussions. Le GCH continuera \u00e0 suivre les travaux relatifs aux FoM et \u00e0 collaborer \u00e9troitement avec la CEE-ONU \u00e0 cet \u00e9gard.<\/p>","protected":false},"excerpt":{"rendered":"<p>La 2\u00e8me \u00e9dition du Forum des Maires (FoM) de la CEE-ONU s'est d\u00e9roul\u00e9e les 4 et 5 avril \u00e0 Gen\u00e8ve sur le th\u00e8me \"Se remettre de la pand\u00e9mie de COVID-19 tout en faisant progresser la mise en \u0153uvre des ODD\". Parmi les principaux orateurs qui ont ouvert le FoM, M. Sami Kanaan, ancien maire de Gen\u00e8ve et pr\u00e9sident du Geneva Cities Hub, a soulign\u00e9 l'importance ... <\/p>","protected":false},"author":1,"featured_media":16655,"comment_status":"closed","ping_status":"open","sticky":false,"template":"","format":"standard","meta":{"_monsterinsights_skip_tracking":false,"_monsterinsights_sitenote_active":false,"_monsterinsights_sitenote_note":"","_monsterinsights_sitenote_category":0,"footnotes":""},"categories":[1],"tags":[],"class_list":["post-16648","post","type-post","status-publish","format-standard","has-post-thumbnail","hentry","category-news"],"yoast_head":"<!-- This site is optimized with the Yoast SEO plugin v27.4 - https:\/\/yoast.com\/product\/yoast-seo-wordpress\/ -->\n<title>The Forum of Mayors supports a new modern and inclusive multilateralism - Global Cities Hub<\/title>\n<meta name=\"description\" content=\"The 2nd UNECE Forum of Mayors took place under the theme \u201cRecovering from the COVID-19 pandemic while advancing the implementation of the SDGs\u201d.\" \/>\n<meta name=\"robots\" content=\"index, follow, max-snippet:-1, max-image-preview:large, max-video-preview:-1\" \/>\n<link rel=\"canonical\" href=\"https:\/\/globalcitieshub.org\/fr\/the-forum-of-mayors-supports-a-new-modern-and-inclusive-multilateralism\/\" \/>\n<meta property=\"og:locale\" content=\"fr_FR\" \/>\n<meta property=\"og:type\" content=\"article\" \/>\n<meta property=\"og:title\" content=\"The Forum of Mayors supports a new modern and inclusive multilateralism - Global Cities Hub\" \/>\n<meta property=\"og:description\" content=\"The 2nd UNECE Forum of Mayors took place under the theme \u201cRecovering from the COVID-19 pandemic while advancing the implementation of the SDGs\u201d.\" \/>\n<meta property=\"og:url\" content=\"https:\/\/globalcitieshub.org\/fr\/the-forum-of-mayors-supports-a-new-modern-and-inclusive-multilateralism\/\" \/>\n<meta property=\"og:site_name\" content=\"Global Cities Hub\" \/>\n<meta property=\"article:published_time\" content=\"2022-04-05T08:57:00+00:00\" \/>\n<meta property=\"article:modified_time\" content=\"2022-04-14T09:01:45+00:00\" \/>\n<meta property=\"og:image\" content=\"https:\/\/globalcitieshub.org\/wp-content\/uploads\/2022\/04\/FoM-End.png\" \/>\n\t<meta property=\"og:image:width\" content=\"786\" \/>\n\t<meta property=\"og:image:height\" content=\"524\" \/>\n\t<meta property=\"og:image:type\" content=\"image\/png\" \/>\n<meta name=\"author\" content=\"root_new\" \/>\n<meta name=\"twitter:card\" content=\"summary_large_image\" \/>\n<meta name=\"twitter:creator\" content=\"@genevacitieshub\" \/>\n<meta name=\"twitter:site\" content=\"@genevacitieshub\" \/>\n<meta name=\"twitter:label1\" content=\"\u00c9crit par\" \/>\n\t<meta name=\"twitter:data1\" content=\"root_new\" \/>\n\t<meta name=\"twitter:label2\" content=\"Dur\u00e9e de lecture estim\u00e9e\" \/>\n\t<meta name=\"twitter:data2\" content=\"4 minutes\" \/>\n<script type=\"application\/ld+json\" class=\"yoast-schema-graph\">{\"@context\":\"https:\\\/\\\/schema.org\",\"@graph\":[{\"@type\":\"Article\",\"@id\":\"https:\\\/\\\/globalcitieshub.org\\\/fr\\\/the-forum-of-mayors-supports-a-new-modern-and-inclusive-multilateralism\\\/#article\",\"isPartOf\":{\"@id\":\"https:\\\/\\\/globalcitieshub.org\\\/fr\\\/the-forum-of-mayors-supports-a-new-modern-and-inclusive-multilateralism\\\/\"},\"author\":{\"name\":\"root_new\",\"@id\":\"https:\\\/\\\/globalcitieshub.org\\\/fr\\\/#\\\/schema\\\/person\\\/507d9e6bfa91593e51e4b24f8c3efc42\"},\"headline\":\"The Forum of Mayors supports a new modern and inclusive multilateralism\",\"datePublished\":\"2022-04-05T08:57:00+00:00\",\"dateModified\":\"2022-04-14T09:01:45+00:00\",\"mainEntityOfPage\":{\"@id\":\"https:\\\/\\\/globalcitieshub.org\\\/fr\\\/the-forum-of-mayors-supports-a-new-modern-and-inclusive-multilateralism\\\/\"},\"wordCount\":829,\"publisher\":{\"@id\":\"https:\\\/\\\/globalcitieshub.org\\\/fr\\\/#organization\"},\"image\":{\"@id\":\"https:\\\/\\\/globalcitieshub.org\\\/fr\\\/the-forum-of-mayors-supports-a-new-modern-and-inclusive-multilateralism\\\/#primaryimage\"},\"thumbnailUrl\":\"https:\\\/\\\/globalcitieshub.org\\\/wp-content\\\/uploads\\\/2022\\\/04\\\/FoM-End.png\",\"articleSection\":[\"News\"],\"inLanguage\":\"fr-FR\"},{\"@type\":\"WebPage\",\"@id\":\"https:\\\/\\\/globalcitieshub.org\\\/fr\\\/the-forum-of-mayors-supports-a-new-modern-and-inclusive-multilateralism\\\/\",\"url\":\"https:\\\/\\\/globalcitieshub.org\\\/fr\\\/the-forum-of-mayors-supports-a-new-modern-and-inclusive-multilateralism\\\/\",\"name\":\"The Forum of Mayors supports a new modern and inclusive multilateralism - Global Cities Hub\",\"isPartOf\":{\"@id\":\"https:\\\/\\\/globalcitieshub.org\\\/fr\\\/#website\"},\"primaryImageOfPage\":{\"@id\":\"https:\\\/\\\/globalcitieshub.org\\\/fr\\\/the-forum-of-mayors-supports-a-new-modern-and-inclusive-multilateralism\\\/#primaryimage\"},\"image\":{\"@id\":\"https:\\\/\\\/globalcitieshub.org\\\/fr\\\/the-forum-of-mayors-supports-a-new-modern-and-inclusive-multilateralism\\\/#primaryimage\"},\"thumbnailUrl\":\"https:\\\/\\\/globalcitieshub.org\\\/wp-content\\\/uploads\\\/2022\\\/04\\\/FoM-End.png\",\"datePublished\":\"2022-04-05T08:57:00+00:00\",\"dateModified\":\"2022-04-14T09:01:45+00:00\",\"description\":\"The 2nd UNECE Forum of Mayors took place under the theme \u201cRecovering from the COVID-19 pandemic while advancing the implementation of the SDGs\u201d.\",\"inLanguage\":\"fr-FR\",\"potentialAction\":[{\"@type\":\"ReadAction\",\"target\":[\"https:\\\/\\\/globalcitieshub.org\\\/fr\\\/the-forum-of-mayors-supports-a-new-modern-and-inclusive-multilateralism\\\/\"]}]},{\"@type\":\"ImageObject\",\"inLanguage\":\"fr-FR\",\"@id\":\"https:\\\/\\\/globalcitieshub.org\\\/fr\\\/the-forum-of-mayors-supports-a-new-modern-and-inclusive-multilateralism\\\/#primaryimage\",\"url\":\"https:\\\/\\\/globalcitieshub.org\\\/wp-content\\\/uploads\\\/2022\\\/04\\\/FoM-End.png\",\"contentUrl\":\"https:\\\/\\\/globalcitieshub.org\\\/wp-content\\\/uploads\\\/2022\\\/04\\\/FoM-End.png\",\"width\":786,\"height\":524},{\"@type\":\"WebSite\",\"@id\":\"https:\\\/\\\/globalcitieshub.org\\\/fr\\\/#website\",\"url\":\"https:\\\/\\\/globalcitieshub.org\\\/fr\\\/\",\"name\":\"Global Cities Hub\",\"description\":\"Connecting local and regional governments to the United Nations and other  international organizations\",\"publisher\":{\"@id\":\"https:\\\/\\\/globalcitieshub.org\\\/fr\\\/#organization\"},\"potentialAction\":[{\"@type\":\"SearchAction\",\"target\":{\"@type\":\"EntryPoint\",\"urlTemplate\":\"https:\\\/\\\/globalcitieshub.org\\\/fr\\\/?s={search_term_string}\"},\"query-input\":{\"@type\":\"PropertyValueSpecification\",\"valueRequired\":true,\"valueName\":\"search_term_string\"}}],\"inLanguage\":\"fr-FR\"},{\"@type\":\"Organization\",\"@id\":\"https:\\\/\\\/globalcitieshub.org\\\/fr\\\/#organization\",\"name\":\"Global Cities Hub\",\"url\":\"https:\\\/\\\/globalcitieshub.org\\\/fr\\\/\",\"logo\":{\"@type\":\"ImageObject\",\"inLanguage\":\"fr-FR\",\"@id\":\"https:\\\/\\\/globalcitieshub.org\\\/fr\\\/#\\\/schema\\\/logo\\\/image\\\/\",\"url\":\"https:\\\/\\\/globalcitieshub.org\\\/wp-content\\\/uploads\\\/2023\\\/09\\\/230829_Logo_Global_Cities_Hub_Couleur_fond-blanc_RVB.png\",\"contentUrl\":\"https:\\\/\\\/globalcitieshub.org\\\/wp-content\\\/uploads\\\/2023\\\/09\\\/230829_Logo_Global_Cities_Hub_Couleur_fond-blanc_RVB.png\",\"width\":2544,\"height\":1446,\"caption\":\"Global Cities Hub\"},\"image\":{\"@id\":\"https:\\\/\\\/globalcitieshub.org\\\/fr\\\/#\\\/schema\\\/logo\\\/image\\\/\"},\"sameAs\":[\"https:\\\/\\\/x.com\\\/genevacitieshub\"]},{\"@type\":\"Person\",\"@id\":\"https:\\\/\\\/globalcitieshub.org\\\/fr\\\/#\\\/schema\\\/person\\\/507d9e6bfa91593e51e4b24f8c3efc42\",\"name\":\"root_new\",\"image\":{\"@type\":\"ImageObject\",\"inLanguage\":\"fr-FR\",\"@id\":\"https:\\\/\\\/globalcitieshub.org\\\/wp-content\\\/plugins\\\/townhub-add-ons\\\/assets\\\/images\\\/avatar.jpg\",\"url\":\"https:\\\/\\\/globalcitieshub.org\\\/wp-content\\\/plugins\\\/townhub-add-ons\\\/assets\\\/images\\\/avatar.jpg\",\"contentUrl\":\"https:\\\/\\\/globalcitieshub.org\\\/wp-content\\\/plugins\\\/townhub-add-ons\\\/assets\\\/images\\\/avatar.jpg\",\"caption\":\"root_new\"},\"sameAs\":[\"http:\\\/\\\/gch.dev-bulbera.com\"],\"url\":\"https:\\\/\\\/globalcitieshub.org\\\/fr\\\/author\\\/root_new\\\/\"}]}<\/script>\n<!-- \/ Yoast SEO plugin. -->","yoast_head_json":{"title":"Le Forum des Maires soutient un nouveau multilat\u00e9ralisme moderne et inclusif - Global Cities Hub","description":"Le deuxi\u00e8me forum des maires de la CEE-ONU s'est d\u00e9roul\u00e9 sur le th\u00e8me \"Se remettre de la pand\u00e9mie de COVID-19 tout en faisant progresser la mise en \u0153uvre des objectifs du Mill\u00e9naire pour le d\u00e9veloppement\".","robots":{"index":"index","follow":"follow","max-snippet":"max-snippet:-1","max-image-preview":"max-image-preview:large","max-video-preview":"max-video-preview:-1"},"canonical":"https:\/\/globalcitieshub.org\/fr\/the-forum-of-mayors-supports-a-new-modern-and-inclusive-multilateralism\/","og_locale":"fr_FR","og_type":"article","og_title":"The Forum of Mayors supports a new modern and inclusive multilateralism - Global Cities Hub","og_description":"The 2nd UNECE Forum of Mayors took place under the theme \u201cRecovering from the COVID-19 pandemic while advancing the implementation of the SDGs\u201d.","og_url":"https:\/\/globalcitieshub.org\/fr\/the-forum-of-mayors-supports-a-new-modern-and-inclusive-multilateralism\/","og_site_name":"Global Cities Hub","article_published_time":"2022-04-05T08:57:00+00:00","article_modified_time":"2022-04-14T09:01:45+00:00","og_image":[{"width":786,"height":524,"url":"https:\/\/globalcitieshub.org\/wp-content\/uploads\/2022\/04\/FoM-End.png","type":"image\/png"}],"author":"root_new","twitter_card":"summary_large_image","twitter_creator":"@genevacitieshub","twitter_site":"@genevacitieshub","twitter_misc":{"\u00c9crit par":"root_new","Dur\u00e9e de lecture estim\u00e9e":"4 minutes"},"schema":{"@context":"https:\/\/schema.org","@graph":[{"@type":"Article","@id":"https:\/\/globalcitieshub.org\/fr\/the-forum-of-mayors-supports-a-new-modern-and-inclusive-multilateralism\/#article","isPartOf":{"@id":"https:\/\/globalcitieshub.org\/fr\/the-forum-of-mayors-supports-a-new-modern-and-inclusive-multilateralism\/"},"author":{"name":"root_new","@id":"https:\/\/globalcitieshub.org\/fr\/#\/schema\/person\/507d9e6bfa91593e51e4b24f8c3efc42"},"headline":"The Forum of Mayors supports a new modern and inclusive multilateralism","datePublished":"2022-04-05T08:57:00+00:00","dateModified":"2022-04-14T09:01:45+00:00","mainEntityOfPage":{"@id":"https:\/\/globalcitieshub.org\/fr\/the-forum-of-mayors-supports-a-new-modern-and-inclusive-multilateralism\/"},"wordCount":829,"publisher":{"@id":"https:\/\/globalcitieshub.org\/fr\/#organization"},"image":{"@id":"https:\/\/globalcitieshub.org\/fr\/the-forum-of-mayors-supports-a-new-modern-and-inclusive-multilateralism\/#primaryimage"},"thumbnailUrl":"https:\/\/globalcitieshub.org\/wp-content\/uploads\/2022\/04\/FoM-End.png","articleSection":["News"],"inLanguage":"fr-FR"},{"@type":"WebPage","@id":"https:\/\/globalcitieshub.org\/fr\/the-forum-of-mayors-supports-a-new-modern-and-inclusive-multilateralism\/","url":"https:\/\/globalcitieshub.org\/fr\/the-forum-of-mayors-supports-a-new-modern-and-inclusive-multilateralism\/","name":"Le Forum des Maires soutient un nouveau multilat\u00e9ralisme moderne et inclusif - Global Cities Hub","isPartOf":{"@id":"https:\/\/globalcitieshub.org\/fr\/#website"},"primaryImageOfPage":{"@id":"https:\/\/globalcitieshub.org\/fr\/the-forum-of-mayors-supports-a-new-modern-and-inclusive-multilateralism\/#primaryimage"},"image":{"@id":"https:\/\/globalcitieshub.org\/fr\/the-forum-of-mayors-supports-a-new-modern-and-inclusive-multilateralism\/#primaryimage"},"thumbnailUrl":"https:\/\/globalcitieshub.org\/wp-content\/uploads\/2022\/04\/FoM-End.png","datePublished":"2022-04-05T08:57:00+00:00","dateModified":"2022-04-14T09:01:45+00:00","description":"Le deuxi\u00e8me forum des maires de la CEE-ONU s'est d\u00e9roul\u00e9 sur le th\u00e8me \"Se remettre de la pand\u00e9mie de COVID-19 tout en faisant progresser la mise en \u0153uvre des objectifs du Mill\u00e9naire pour le d\u00e9veloppement\".","inLanguage":"fr-FR","potentialAction":[{"@type":"ReadAction","target":["https:\/\/globalcitieshub.org\/fr\/the-forum-of-mayors-supports-a-new-modern-and-inclusive-multilateralism\/"]}]},{"@type":"ImageObject","inLanguage":"fr-FR","@id":"https:\/\/globalcitieshub.org\/fr\/the-forum-of-mayors-supports-a-new-modern-and-inclusive-multilateralism\/#primaryimage","url":"https:\/\/globalcitieshub.org\/wp-content\/uploads\/2022\/04\/FoM-End.png","contentUrl":"https:\/\/globalcitieshub.org\/wp-content\/uploads\/2022\/04\/FoM-End.png","width":786,"height":524},{"@type":"WebSite","@id":"https:\/\/globalcitieshub.org\/fr\/#website","url":"https:\/\/globalcitieshub.org\/fr\/","name":"Global Cities Hub","description":"Relier les gouvernements locaux et r\u00e9gionaux aux Nations unies et \u00e0 d'autres organisations internationales","publisher":{"@id":"https:\/\/globalcitieshub.org\/fr\/#organization"},"potentialAction":[{"@type":"SearchAction","target":{"@type":"EntryPoint","urlTemplate":"https:\/\/globalcitieshub.org\/fr\/?s={search_term_string}"},"query-input":{"@type":"PropertyValueSpecification","valueRequired":true,"valueName":"search_term_string"}}],"inLanguage":"fr-FR"},{"@type":"Organization","@id":"https:\/\/globalcitieshub.org\/fr\/#organization","name":"Global Cities Hub","url":"https:\/\/globalcitieshub.org\/fr\/","logo":{"@type":"ImageObject","inLanguage":"fr-FR","@id":"https:\/\/globalcitieshub.org\/fr\/#\/schema\/logo\/image\/","url":"https:\/\/globalcitieshub.org\/wp-content\/uploads\/2023\/09\/230829_Logo_Global_Cities_Hub_Couleur_fond-blanc_RVB.png","contentUrl":"https:\/\/globalcitieshub.org\/wp-content\/uploads\/2023\/09\/230829_Logo_Global_Cities_Hub_Couleur_fond-blanc_RVB.png","width":2544,"height":1446,"caption":"Global Cities Hub"},"image":{"@id":"https:\/\/globalcitieshub.org\/fr\/#\/schema\/logo\/image\/"},"sameAs":["https:\/\/x.com\/genevacitieshub"]},{"@type":"Person","@id":"https:\/\/globalcitieshub.org\/fr\/#\/schema\/person\/507d9e6bfa91593e51e4b24f8c3efc42","name":"racine_nouveau","image":{"@type":"ImageObject","inLanguage":"fr-FR","@id":"https:\/\/globalcitieshub.org\/wp-content\/plugins\/townhub-add-ons\/assets\/images\/avatar.jpg","url":"https:\/\/globalcitieshub.org\/wp-content\/plugins\/townhub-add-ons\/assets\/images\/avatar.jpg","contentUrl":"https:\/\/globalcitieshub.org\/wp-content\/plugins\/townhub-add-ons\/assets\/images\/avatar.jpg","caption":"root_new"},"sameAs":["http:\/\/gch.dev-bulbera.com"],"url":"https:\/\/globalcitieshub.org\/fr\/author\/root_new\/"}]}},"_links":{"self":[{"href":"https:\/\/globalcitieshub.org\/fr\/wp-json\/wp\/v2\/posts\/16648","targetHints":{"allow":["GET"]}}],"collection":[{"href":"https:\/\/globalcitieshub.org\/fr\/wp-json\/wp\/v2\/posts"}],"about":[{"href":"https:\/\/globalcitieshub.org\/fr\/wp-json\/wp\/v2\/types\/post"}],"author":[{"embeddable":true,"href":"https:\/\/globalcitieshub.org\/fr\/wp-json\/wp\/v2\/users\/1"}],"replies":[{"embeddable":true,"href":"https:\/\/globalcitieshub.org\/fr\/wp-json\/wp\/v2\/comments?post=16648"}],"version-history":[{"count":7,"href":"https:\/\/globalcitieshub.org\/fr\/wp-json\/wp\/v2\/posts\/16648\/revisions"}],"predecessor-version":[{"id":16658,"href":"https:\/\/globalcitieshub.org\/fr\/wp-json\/wp\/v2\/posts\/16648\/revisions\/16658"}],"wp:featuredmedia":[{"embeddable":true,"href":"https:\/\/globalcitieshub.org\/fr\/wp-json\/wp\/v2\/media\/16655"}],"wp:attachment":[{"href":"https:\/\/globalcitieshub.org\/fr\/wp-json\/wp\/v2\/media?parent=16648"}],"wp:term":[{"taxonomy":"category","embeddable":true,"href":"https:\/\/globalcitieshub.org\/fr\/wp-json\/wp\/v2\/categories?post=16648"},{"taxonomy":"post_tag","embeddable":true,"href":"https:\/\/globalcitieshub.org\/fr\/wp-json\/wp\/v2\/tags?post=16648"}],"curies":[{"name":"wp","href":"https:\/\/api.w.org\/{rel}","templated":true}]}}