{"id":28922,"date":"2026-09-01T09:00:00","date_gmt":"2026-09-01T07:00:00","guid":{"rendered":"https:\/\/globalcitieshub.org\/?p=28922"},"modified":"2026-09-02T15:16:57","modified_gmt":"2026-09-02T13:16:57","slug":"gch-welcomes-secondment-from-the-hague","status":"publish","type":"post","link":"https:\/\/globalcitieshub.org\/es\/gch-welcomes-secondment-from-the-hague\/","title":{"rendered":"GCH da la bienvenida a un personal en comisi\u00f3n de servicio procedente de La Haya"},"content":{"rendered":"<p class=\"wp-block-paragraph\">El Global Cities Hub da la bienvenida a Eline Morsink como responsable de pol\u00edticas en comisi\u00f3n de servicio. Eline se incorpora al GCH en el marco de una comisi\u00f3n de servicio de tres meses procedente del Ayuntamiento de La Haya (Pa\u00edses Bajos), donde ejerce como asesora estrat\u00e9gica en materia de Asuntos Sociales. En relaci\u00f3n con el <a href=\"https:\/\/globalcitieshub.org\/es\/the-forum-of-mayors\/\">6<sup>th<\/sup> Foro de Alcaldes de la ONU<\/a> y el <a href=\"https:\/\/globalcitieshub.org\/es\/topics\/\">Las prioridades tem\u00e1ticas de GCH<\/a>, contribuir\u00e1 a reforzar el papel de las ciudades en la gobernanza multilateral, promover\u00e1 la adaptaci\u00f3n a nivel local de los marcos y compromisos internacionales, como los ODS, y abogar\u00e1 por una mayor inclusi\u00f3n de las ciudades y las regiones a nivel mundial.<\/p>\n\n\n\n<p class=\"wp-block-paragraph\">Esta comisi\u00f3n de servicio supone una importante oportunidad para estrechar los lazos entre La Haya y el Global Cities Hub. Se inscribe en el compromiso de La Haya de reforzar su participaci\u00f3n en redes internacionales y procesos multilaterales, en consonancia con su papel como Ciudad Internacional de la Paz y la Justicia.<\/p>\n\n\n\n<p class=\"wp-block-paragraph\">El GCH ofrece esta oportunidad con la convicci\u00f3n de que esta comisi\u00f3n de servicio permitir\u00e1 a Eline profundizar en su conocimiento de las v\u00edas de que disponen los gobiernos locales y regionales para participar en el sistema internacional, reforzando as\u00ed la capacidad de La Haya para participar y hacer o\u00edr su voz a nivel internacional, tanto en Ginebra como m\u00e1s all\u00e1.<\/p>\n\n\n\n<p class=\"wp-block-paragraph\">\u00a1Bienvenida, Eline!<\/p>","protected":false},"excerpt":{"rendered":"<p>El Global Cities Hub da la bienvenida a una colaboradora en comisi\u00f3n de servicio procedente del Ayuntamiento de La Haya (Pa\u00edses Bajos). Eline se incorpora al GCH como responsable de pol\u00edticas visitante. En el marco del VI Foro de Alcaldes de las Naciones Unidas y de las prioridades tem\u00e1ticas del GCH, contribuir\u00e1 a promover la localizaci\u00f3n de los ODS y abogar\u00e1 por una mayor inclusi\u00f3n de las ciudades y regiones a nivel mundial. \u00a1Bienvenida, Eline!<\/p>","protected":false},"author":1,"featured_media":28923,"comment_status":"closed","ping_status":"0","sticky":false,"template":"","format":"standard","meta":{"_monsterinsights_skip_tracking":false,"footnotes":""},"categories":[1],"tags":[199,197,196,334,686],"class_list":["post-28922","post","type-post","status-publish","format-standard","has-post-thumbnail","hentry","category-news","tag-cities","tag-lrg","tag-multilateralism","tag-regions","tag-the-hague"],"yoast_head":"<!-- This site is optimized with the Yoast SEO plugin v28.3 - https:\/\/yoast.com\/product\/yoast-seo-wordpress\/ -->\n<title>GCH welcomes secondment from The Hague - Global Cities Hub<\/title>\n<meta name=\"description\" content=\"The Global Cities Hub welcomes a secondment from the Municipality of The Hague (Netherlands). Eline joins the GCH as Visiting Policy Officer.\" \/>\n<meta name=\"robots\" content=\"index, follow, max-snippet:-1, max-image-preview:large, max-video-preview:-1\" \/>\n<link rel=\"canonical\" href=\"https:\/\/globalcitieshub.org\/es\/gch-welcomes-secondment-from-the-hague\/\" \/>\n<meta property=\"og:locale\" content=\"es_ES\" \/>\n<meta property=\"og:type\" content=\"article\" \/>\n<meta property=\"og:title\" content=\"GCH welcomes secondment from The Hague - Global Cities Hub\" \/>\n<meta property=\"og:description\" content=\"The Global Cities Hub welcomes a secondment from the Municipality of The Hague (Netherlands). Eline joins the GCH as Visiting Policy Officer.\" \/>\n<meta property=\"og:url\" content=\"https:\/\/globalcitieshub.org\/es\/gch-welcomes-secondment-from-the-hague\/\" \/>\n<meta property=\"og:site_name\" content=\"Global Cities Hub\" \/>\n<meta property=\"article:published_time\" content=\"2026-09-01T07:00:00+00:00\" \/>\n<meta property=\"article:modified_time\" content=\"2026-09-02T13:16:57+00:00\" \/>\n<meta property=\"og:image\" content=\"https:\/\/globalcitieshub.org\/wp-content\/uploads\/2026\/09\/vignette_Eline.png\" \/>\n\t<meta property=\"og:image:width\" content=\"786\" \/>\n\t<meta property=\"og:image:height\" content=\"524\" \/>\n\t<meta property=\"og:image:type\" content=\"image\/png\" \/>\n<meta name=\"author\" content=\"Global Cities Hub\" \/>\n<meta name=\"twitter:card\" content=\"summary_large_image\" \/>\n<meta name=\"twitter:creator\" content=\"@genevacitieshub\" \/>\n<meta name=\"twitter:site\" content=\"@genevacitieshub\" \/>\n<meta name=\"twitter:label1\" content=\"Escrito por\" \/>\n\t<meta name=\"twitter:data1\" content=\"Global Cities Hub\" \/>\n\t<meta name=\"twitter:label2\" content=\"Tiempo de lectura\" \/>\n\t<meta name=\"twitter:data2\" content=\"2 minutos\" \/>\n<script type=\"application\/ld+json\" class=\"yoast-schema-graph\">{\"@context\":\"https:\\\/\\\/schema.org\",\"@graph\":[{\"@type\":\"Article\",\"@id\":\"https:\\\/\\\/globalcitieshub.org\\\/es\\\/gch-welcomes-secondment-from-the-hague\\\/#article\",\"isPartOf\":{\"@id\":\"https:\\\/\\\/globalcitieshub.org\\\/es\\\/gch-welcomes-secondment-from-the-hague\\\/\"},\"author\":{\"name\":\"Global Cities Hub\",\"@id\":\"https:\\\/\\\/globalcitieshub.org\\\/es\\\/#\\\/schema\\\/person\\\/507d9e6bfa91593e51e4b24f8c3efc42\"},\"headline\":\"GCH welcomes secondment from The Hague\",\"datePublished\":\"2026-09-01T07:00:00+00:00\",\"dateModified\":\"2026-09-02T13:16:57+00:00\",\"mainEntityOfPage\":{\"@id\":\"https:\\\/\\\/globalcitieshub.org\\\/es\\\/gch-welcomes-secondment-from-the-hague\\\/\"},\"wordCount\":194,\"publisher\":{\"@id\":\"https:\\\/\\\/globalcitieshub.org\\\/es\\\/#organization\"},\"image\":{\"@id\":\"https:\\\/\\\/globalcitieshub.org\\\/es\\\/gch-welcomes-secondment-from-the-hague\\\/#primaryimage\"},\"thumbnailUrl\":\"https:\\\/\\\/globalcitieshub.org\\\/wp-content\\\/uploads\\\/2026\\\/09\\\/vignette_Eline.png\",\"keywords\":[\"cities\",\"LRG\",\"multilateralism\",\"regions\",\"The Hague\"],\"articleSection\":[\"News\"],\"inLanguage\":\"es\"},{\"@type\":\"WebPage\",\"@id\":\"https:\\\/\\\/globalcitieshub.org\\\/es\\\/gch-welcomes-secondment-from-the-hague\\\/\",\"url\":\"https:\\\/\\\/globalcitieshub.org\\\/es\\\/gch-welcomes-secondment-from-the-hague\\\/\",\"name\":\"GCH welcomes secondment from The Hague - Global Cities Hub\",\"isPartOf\":{\"@id\":\"https:\\\/\\\/globalcitieshub.org\\\/es\\\/#website\"},\"primaryImageOfPage\":{\"@id\":\"https:\\\/\\\/globalcitieshub.org\\\/es\\\/gch-welcomes-secondment-from-the-hague\\\/#primaryimage\"},\"image\":{\"@id\":\"https:\\\/\\\/globalcitieshub.org\\\/es\\\/gch-welcomes-secondment-from-the-hague\\\/#primaryimage\"},\"thumbnailUrl\":\"https:\\\/\\\/globalcitieshub.org\\\/wp-content\\\/uploads\\\/2026\\\/09\\\/vignette_Eline.png\",\"datePublished\":\"2026-09-01T07:00:00+00:00\",\"dateModified\":\"2026-09-02T13:16:57+00:00\",\"description\":\"The Global Cities Hub welcomes a secondment from the Municipality of The Hague (Netherlands). Eline joins the GCH as Visiting Policy Officer.\",\"inLanguage\":\"es\",\"potentialAction\":[{\"@type\":\"ReadAction\",\"target\":[\"https:\\\/\\\/globalcitieshub.org\\\/es\\\/gch-welcomes-secondment-from-the-hague\\\/\"]}]},{\"@type\":\"ImageObject\",\"inLanguage\":\"es\",\"@id\":\"https:\\\/\\\/globalcitieshub.org\\\/es\\\/gch-welcomes-secondment-from-the-hague\\\/#primaryimage\",\"url\":\"https:\\\/\\\/globalcitieshub.org\\\/wp-content\\\/uploads\\\/2026\\\/09\\\/vignette_Eline.png\",\"contentUrl\":\"https:\\\/\\\/globalcitieshub.org\\\/wp-content\\\/uploads\\\/2026\\\/09\\\/vignette_Eline.png\",\"width\":786,\"height\":524},{\"@type\":\"WebSite\",\"@id\":\"https:\\\/\\\/globalcitieshub.org\\\/es\\\/#website\",\"url\":\"https:\\\/\\\/globalcitieshub.org\\\/es\\\/\",\"name\":\"Global Cities Hub\",\"description\":\"Connecting local and regional governments to the United Nations and other  international organizations\",\"publisher\":{\"@id\":\"https:\\\/\\\/globalcitieshub.org\\\/es\\\/#organization\"},\"potentialAction\":[{\"@type\":\"SearchAction\",\"target\":{\"@type\":\"EntryPoint\",\"urlTemplate\":\"https:\\\/\\\/globalcitieshub.org\\\/es\\\/?s={search_term_string}\"},\"query-input\":{\"@type\":\"PropertyValueSpecification\",\"valueRequired\":true,\"valueName\":\"search_term_string\"}}],\"inLanguage\":\"es\"},{\"@type\":\"Organization\",\"@id\":\"https:\\\/\\\/globalcitieshub.org\\\/es\\\/#organization\",\"name\":\"Global Cities Hub\",\"url\":\"https:\\\/\\\/globalcitieshub.org\\\/es\\\/\",\"logo\":{\"@type\":\"ImageObject\",\"inLanguage\":\"es\",\"@id\":\"https:\\\/\\\/globalcitieshub.org\\\/es\\\/#\\\/schema\\\/logo\\\/image\\\/\",\"url\":\"https:\\\/\\\/globalcitieshub.org\\\/wp-content\\\/uploads\\\/2023\\\/09\\\/230829_Logo_Global_Cities_Hub_Couleur_fond-blanc_RVB.png\",\"contentUrl\":\"https:\\\/\\\/globalcitieshub.org\\\/wp-content\\\/uploads\\\/2023\\\/09\\\/230829_Logo_Global_Cities_Hub_Couleur_fond-blanc_RVB.png\",\"width\":2544,\"height\":1446,\"caption\":\"Global Cities Hub\"},\"image\":{\"@id\":\"https:\\\/\\\/globalcitieshub.org\\\/es\\\/#\\\/schema\\\/logo\\\/image\\\/\"},\"sameAs\":[\"https:\\\/\\\/x.com\\\/genevacitieshub\"]},{\"@type\":\"Person\",\"@id\":\"https:\\\/\\\/globalcitieshub.org\\\/es\\\/#\\\/schema\\\/person\\\/507d9e6bfa91593e51e4b24f8c3efc42\",\"name\":\"Global Cities Hub\",\"image\":{\"@type\":\"ImageObject\",\"inLanguage\":\"es\",\"@id\":\"https:\\\/\\\/globalcitieshub.org\\\/wp-content\\\/uploads\\\/2023\\\/09\\\/230829_Logo_Global_Cities_Hub_Couleur_fond-blanc_RVB.png\",\"url\":\"https:\\\/\\\/globalcitieshub.org\\\/wp-content\\\/uploads\\\/2023\\\/09\\\/230829_Logo_Global_Cities_Hub_Couleur_fond-blanc_RVB.png\",\"contentUrl\":\"https:\\\/\\\/globalcitieshub.org\\\/wp-content\\\/uploads\\\/2023\\\/09\\\/230829_Logo_Global_Cities_Hub_Couleur_fond-blanc_RVB.png\",\"caption\":\"Global Cities Hub\"},\"url\":\"https:\\\/\\\/globalcitieshub.org\\\/es\\\/author\\\/root_new\\\/\"}]}<\/script>\n<!-- \/ Yoast SEO plugin. -->","yoast_head_json":{"title":"GCH da la bienvenida a un personal en comisi\u00f3n de servicio procedente de La Haya - Global Cities Hub","description":"El Global Cities Hub da la bienvenida a una colaboradora cedida por el Ayuntamiento de La Haya (Pa\u00edses Bajos). Eline se incorpora al GCH como responsable de pol\u00edticas visitante.","robots":{"index":"index","follow":"follow","max-snippet":"max-snippet:-1","max-image-preview":"max-image-preview:large","max-video-preview":"max-video-preview:-1"},"canonical":"https:\/\/globalcitieshub.org\/es\/gch-welcomes-secondment-from-the-hague\/","og_locale":"es_ES","og_type":"article","og_title":"GCH welcomes secondment from The Hague - Global Cities Hub","og_description":"The Global Cities Hub welcomes a secondment from the Municipality of The Hague (Netherlands). Eline joins the GCH as Visiting Policy Officer.","og_url":"https:\/\/globalcitieshub.org\/es\/gch-welcomes-secondment-from-the-hague\/","og_site_name":"Global Cities Hub","article_published_time":"2026-09-01T07:00:00+00:00","article_modified_time":"2026-09-02T13:16:57+00:00","og_image":[{"width":786,"height":524,"url":"https:\/\/globalcitieshub.org\/wp-content\/uploads\/2026\/09\/vignette_Eline.png","type":"image\/png"}],"author":"Global Cities Hub","twitter_card":"summary_large_image","twitter_creator":"@genevacitieshub","twitter_site":"@genevacitieshub","twitter_misc":{"Escrito por":"Global Cities Hub","Tiempo de lectura":"2 minutos"},"schema":{"@context":"https:\/\/schema.org","@graph":[{"@type":"Article","@id":"https:\/\/globalcitieshub.org\/es\/gch-welcomes-secondment-from-the-hague\/#article","isPartOf":{"@id":"https:\/\/globalcitieshub.org\/es\/gch-welcomes-secondment-from-the-hague\/"},"author":{"name":"Global Cities Hub","@id":"https:\/\/globalcitieshub.org\/es\/#\/schema\/person\/507d9e6bfa91593e51e4b24f8c3efc42"},"headline":"GCH welcomes secondment from The Hague","datePublished":"2026-09-01T07:00:00+00:00","dateModified":"2026-09-02T13:16:57+00:00","mainEntityOfPage":{"@id":"https:\/\/globalcitieshub.org\/es\/gch-welcomes-secondment-from-the-hague\/"},"wordCount":194,"publisher":{"@id":"https:\/\/globalcitieshub.org\/es\/#organization"},"image":{"@id":"https:\/\/globalcitieshub.org\/es\/gch-welcomes-secondment-from-the-hague\/#primaryimage"},"thumbnailUrl":"https:\/\/globalcitieshub.org\/wp-content\/uploads\/2026\/09\/vignette_Eline.png","keywords":["cities","LRG","multilateralism","regions","The Hague"],"articleSection":["News"],"inLanguage":"es"},{"@type":"WebPage","@id":"https:\/\/globalcitieshub.org\/es\/gch-welcomes-secondment-from-the-hague\/","url":"https:\/\/globalcitieshub.org\/es\/gch-welcomes-secondment-from-the-hague\/","name":"GCH da la bienvenida a un personal en comisi\u00f3n de servicio procedente de La Haya - Global Cities Hub","isPartOf":{"@id":"https:\/\/globalcitieshub.org\/es\/#website"},"primaryImageOfPage":{"@id":"https:\/\/globalcitieshub.org\/es\/gch-welcomes-secondment-from-the-hague\/#primaryimage"},"image":{"@id":"https:\/\/globalcitieshub.org\/es\/gch-welcomes-secondment-from-the-hague\/#primaryimage"},"thumbnailUrl":"https:\/\/globalcitieshub.org\/wp-content\/uploads\/2026\/09\/vignette_Eline.png","datePublished":"2026-09-01T07:00:00+00:00","dateModified":"2026-09-02T13:16:57+00:00","description":"El Global Cities Hub da la bienvenida a una colaboradora cedida por el Ayuntamiento de La Haya (Pa\u00edses Bajos). Eline se incorpora al GCH como responsable de pol\u00edticas visitante.","inLanguage":"es","potentialAction":[{"@type":"ReadAction","target":["https:\/\/globalcitieshub.org\/es\/gch-welcomes-secondment-from-the-hague\/"]}]},{"@type":"ImageObject","inLanguage":"es","@id":"https:\/\/globalcitieshub.org\/es\/gch-welcomes-secondment-from-the-hague\/#primaryimage","url":"https:\/\/globalcitieshub.org\/wp-content\/uploads\/2026\/09\/vignette_Eline.png","contentUrl":"https:\/\/globalcitieshub.org\/wp-content\/uploads\/2026\/09\/vignette_Eline.png","width":786,"height":524},{"@type":"WebSite","@id":"https:\/\/globalcitieshub.org\/es\/#website","url":"https:\/\/globalcitieshub.org\/es\/","name":"Global Cities Hub","description":"Conectar a los gobiernos locales y regionales con las Naciones Unidas y otras organizaciones internacionales.","publisher":{"@id":"https:\/\/globalcitieshub.org\/es\/#organization"},"potentialAction":[{"@type":"SearchAction","target":{"@type":"EntryPoint","urlTemplate":"https:\/\/globalcitieshub.org\/es\/?s={search_term_string}"},"query-input":{"@type":"PropertyValueSpecification","valueRequired":true,"valueName":"search_term_string"}}],"inLanguage":"es"},{"@type":"Organization","@id":"https:\/\/globalcitieshub.org\/es\/#organization","name":"Global Cities Hub","url":"https:\/\/globalcitieshub.org\/es\/","logo":{"@type":"ImageObject","inLanguage":"es","@id":"https:\/\/globalcitieshub.org\/es\/#\/schema\/logo\/image\/","url":"https:\/\/globalcitieshub.org\/wp-content\/uploads\/2023\/09\/230829_Logo_Global_Cities_Hub_Couleur_fond-blanc_RVB.png","contentUrl":"https:\/\/globalcitieshub.org\/wp-content\/uploads\/2023\/09\/230829_Logo_Global_Cities_Hub_Couleur_fond-blanc_RVB.png","width":2544,"height":1446,"caption":"Global Cities Hub"},"image":{"@id":"https:\/\/globalcitieshub.org\/es\/#\/schema\/logo\/image\/"},"sameAs":["https:\/\/x.com\/genevacitieshub"]},{"@type":"Person","@id":"https:\/\/globalcitieshub.org\/es\/#\/schema\/person\/507d9e6bfa91593e51e4b24f8c3efc42","name":"Global Cities Hub","image":{"@type":"ImageObject","inLanguage":"es","@id":"https:\/\/globalcitieshub.org\/wp-content\/uploads\/2023\/09\/230829_Logo_Global_Cities_Hub_Couleur_fond-blanc_RVB.png","url":"https:\/\/globalcitieshub.org\/wp-content\/uploads\/2023\/09\/230829_Logo_Global_Cities_Hub_Couleur_fond-blanc_RVB.png","contentUrl":"https:\/\/globalcitieshub.org\/wp-content\/uploads\/2023\/09\/230829_Logo_Global_Cities_Hub_Couleur_fond-blanc_RVB.png","caption":"Global Cities Hub"},"url":"https:\/\/globalcitieshub.org\/es\/author\/root_new\/"}]}},"_links":{"self":[{"href":"https:\/\/globalcitieshub.org\/es\/wp-json\/wp\/v2\/posts\/28922","targetHints":{"allow":["GET"]}}],"collection":[{"href":"https:\/\/globalcitieshub.org\/es\/wp-json\/wp\/v2\/posts"}],"about":[{"href":"https:\/\/globalcitieshub.org\/es\/wp-json\/wp\/v2\/types\/post"}],"author":[{"embeddable":true,"href":"https:\/\/globalcitieshub.org\/es\/wp-json\/wp\/v2\/users\/1"}],"replies":[{"embeddable":true,"href":"https:\/\/globalcitieshub.org\/es\/wp-json\/wp\/v2\/comments?post=28922"}],"version-history":[{"count":1,"href":"https:\/\/globalcitieshub.org\/es\/wp-json\/wp\/v2\/posts\/28922\/revisions"}],"predecessor-version":[{"id":28925,"href":"https:\/\/globalcitieshub.org\/es\/wp-json\/wp\/v2\/posts\/28922\/revisions\/28925"}],"wp:featuredmedia":[{"embeddable":true,"href":"https:\/\/globalcitieshub.org\/es\/wp-json\/wp\/v2\/media\/28923"}],"wp:attachment":[{"href":"https:\/\/globalcitieshub.org\/es\/wp-json\/wp\/v2\/media?parent=28922"}],"wp:term":[{"taxonomy":"category","embeddable":true,"href":"https:\/\/globalcitieshub.org\/es\/wp-json\/wp\/v2\/categories?post=28922"},{"taxonomy":"post_tag","embeddable":true,"href":"https:\/\/globalcitieshub.org\/es\/wp-json\/wp\/v2\/tags?post=28922"}],"curies":[{"name":"wp","href":"https:\/\/api.w.org\/{rel}","templated":true}]}}