{"id":26956,"date":"2026-02-03T15:40:28","date_gmt":"2026-02-03T14:40:28","guid":{"rendered":"https:\/\/globalcitieshub.org\/?p=26956"},"modified":"2026-02-11T15:40:50","modified_gmt":"2026-02-11T14:40:50","slug":"the-global-cities-hub-calls-for-lrg-inclusion-at-2026-imrf-briefing","status":"publish","type":"post","link":"https:\/\/globalcitieshub.org\/es\/the-global-cities-hub-calls-for-lrg-inclusion-at-2026-imrf-briefing\/","title":{"rendered":"El Global Cities Hub pide la inclusi\u00f3n de los GLR en la reuni\u00f3n informativa sobre el FIRM de 2026"},"content":{"rendered":"<p>El 3 de febrero, el Global Cities Hub (GCH) particip\u00f3 en la primera reuni\u00f3n informativa convocada por la Directora General de la Organizaci\u00f3n Internacional para las Migraciones (OIM), Amy Pope, sobre los preparativos de la Cumbre Mundial sobre la Migraci\u00f3n. <a href=\"https:\/\/migrationnetwork.un.org\/international-migration-review-forum-2026\">2026 Foro Internacional de Revisi\u00f3n de la Migraci\u00f3n (FIMR)<\/a>.<\/p>\n\n\n\n<p>En colaboraci\u00f3n con la&nbsp;<a href=\"https:\/\/www.localcoalition.org\/\" target=\"_blank\" rel=\"noreferrer noopener\">Coalici\u00f3n Local para Migrantes y Refugiados<\/a>En su intervenci\u00f3n, GCH record\u00f3 la importancia de garantizar que el IMRF ofrezca un espacio espec\u00edfico para que los gobiernos locales y regionales participen y contribuyan. Esto incluye su compromiso en la \"Declaraci\u00f3n de Progreso\", que ser\u00e1 negociada por los Estados miembros en los pr\u00f3ximos meses y constituir\u00e1 el principal resultado del segundo FIMR.<\/p>\n\n\n\n<p>El IMRF sirve de principal plataforma intergubernamental mundial para que los Estados debatan y compartan los avances en la aplicaci\u00f3n de todos los aspectos del Pacto Mundial para una Migraci\u00f3n Segura, Ordenada y Regular (GCM). Convocado cada cuatro a\u00f1os, el segundo IMRF tendr\u00e1 lugar en Nueva York del 5 al 8 de mayo de 2026 y estar\u00e1 presidido por la Presidenta de la Asamblea General de la ONU, Annalena Baerbock. El Foro ir\u00e1 precedido de una audiencia interactiva informal de m\u00faltiples partes interesadas, de un d\u00eda de duraci\u00f3n, que tendr\u00e1 lugar el 4 de mayo.<\/p>\n\n\n\n<p>Durante el IMRF, los Estados presentar\u00e1n sus revisiones y compromisos voluntarios del MCG. El programa incluir\u00e1 cuatro mesas redondas sobre los 23 objetivos de la GCM, as\u00ed como debates pol\u00edticos. Se espera que las notas conceptuales se compartan en las pr\u00f3ximas semanas.<\/p>\n\n\n\n<p>La migraci\u00f3n es un fen\u00f3meno transversal que se gestiona a todos los niveles de gobierno, y la IMRF tambi\u00e9n ofrece un espacio para que otras partes interesadas contribuyan al di\u00e1logo mundial sobre migraci\u00f3n. Los GRL est\u00e1n en primera l\u00ednea de la gesti\u00f3n del impacto de la migraci\u00f3n: acogen, apoyan, cuidan y fomentan la inclusi\u00f3n de los migrantes en sus comunidades, defendiendo as\u00ed sus derechos y su dignidad. Aunque los GRL son ejecutores clave de la GCM (en 2022 representaban el segundo grupo m\u00e1s grande de actores comprometidos despu\u00e9s de los Estados), no tienen un estatus formal dentro de la IMRF.<\/p>\n\n\n\n<p>Este vac\u00edo institucional ha sido reconocido por la OIM, que se ha comprometido a \"cuadrar ese c\u00edrculo\". El Director General Pope tambi\u00e9n reconoci\u00f3 con entusiasmo el papel crucial de los GLR y anim\u00f3 a los Estados a incluirlos en sus delegaciones nacionales a la IMRF, como hicieron en 2022 B\u00e9lgica, Ghana, Sud\u00e1frica, Portugal y Canad\u00e1. La OIM destac\u00f3 adem\u00e1s que las cuatro mesas redondas, as\u00ed como los debates sobre pol\u00edticas y los eventos paralelos, ofrecer\u00e1n espacios de m\u00faltiples partes interesadas en los que podr\u00e1n participar los GLR.<\/p>\n\n\n\n<p>La sesi\u00f3n informativa tambi\u00e9n incluy\u00f3 alentadoras referencias de varios Estados al fortalecimiento de los enfoques de gobernanza multinivel: Sud\u00e1n del Sur subray\u00f3 la importancia de un enfoque de la migraci\u00f3n que abarque a todo el gobierno; Colombia destac\u00f3 la necesidad de consultar a las autoridades locales; y Filipinas subray\u00f3 el valor de incluirlas en las delegaciones nacionales. El GCH seguir\u00e1 participando estrechamente en los preparativos del segundo IMRF, en continua colaboraci\u00f3n con la Coalici\u00f3n Local para Migrantes y Refugiados.<\/p>","protected":false},"excerpt":{"rendered":"<p>El Global Cities Hub particip\u00f3 en la primera reuni\u00f3n informativa convocada por la Organizaci\u00f3n Internacional para las Migraciones (OIM) para preparar el Foro Internacional de Revisi\u00f3n de la Migraci\u00f3n (FIMR) de 2026. El GCH intervino para pedir un espacio de participaci\u00f3n y contribuci\u00f3n para los GLR. La migraci\u00f3n es una cuesti\u00f3n transversal que se gestiona a todos los niveles de gobierno.<\/p>","protected":false},"author":1,"featured_media":26908,"comment_status":"closed","ping_status":"0","sticky":false,"template":"","format":"standard","meta":{"_monsterinsights_skip_tracking":false,"_monsterinsights_sitenote_active":false,"_monsterinsights_sitenote_note":"","_monsterinsights_sitenote_category":0,"footnotes":""},"categories":[1],"tags":[218,430,432],"class_list":["post-26956","post","type-post","status-publish","format-standard","has-post-thumbnail","hentry","category-news","tag-governance","tag-migration","tag-refugees"],"yoast_head":"<!-- This site is optimized with the Yoast SEO plugin v27.5 - https:\/\/yoast.com\/product\/yoast-seo-wordpress\/ -->\n<title>The Global Cities Hub calls for LRG inclusion at 2026 IMRF briefing - Global Cities Hub<\/title>\n<meta name=\"robots\" content=\"index, follow, max-snippet:-1, max-image-preview:large, max-video-preview:-1\" \/>\n<link rel=\"canonical\" href=\"https:\/\/globalcitieshub.org\/es\/the-global-cities-hub-calls-for-lrg-inclusion-at-2026-imrf-briefing\/\" \/>\n<meta property=\"og:locale\" content=\"es_ES\" \/>\n<meta property=\"og:type\" content=\"article\" \/>\n<meta property=\"og:title\" content=\"The Global Cities Hub calls for LRG inclusion at 2026 IMRF briefing - Global Cities Hub\" \/>\n<meta property=\"og:description\" content=\"The Global Cities Hub took part in the first briefing convened by the International Organization for Migration (IOM) to prepare for the 2026 International Migration Review Forum (IMRF). The GCH intervened to call for space for LRGs to participate and contribute. Migration is a cross-cutting issue managed at all levels of government!\" \/>\n<meta property=\"og:url\" content=\"https:\/\/globalcitieshub.org\/es\/the-global-cities-hub-calls-for-lrg-inclusion-at-2026-imrf-briefing\/\" \/>\n<meta property=\"og:site_name\" content=\"Global Cities Hub\" \/>\n<meta property=\"article:published_time\" content=\"2026-02-03T14:40:28+00:00\" \/>\n<meta property=\"article:modified_time\" content=\"2026-02-11T14:40:50+00:00\" \/>\n<meta property=\"og:image\" content=\"https:\/\/globalcitieshub.org\/wp-content\/uploads\/2026\/02\/vignette_news-3.png\" \/>\n\t<meta property=\"og:image:width\" content=\"786\" \/>\n\t<meta property=\"og:image:height\" content=\"524\" \/>\n\t<meta property=\"og:image:type\" content=\"image\/png\" \/>\n<meta name=\"author\" content=\"root_new\" \/>\n<meta name=\"twitter:card\" content=\"summary_large_image\" \/>\n<meta name=\"twitter:creator\" content=\"@genevacitieshub\" \/>\n<meta name=\"twitter:site\" content=\"@genevacitieshub\" \/>\n<meta name=\"twitter:label1\" content=\"Escrito por\" \/>\n\t<meta name=\"twitter:data1\" content=\"root_new\" \/>\n\t<meta name=\"twitter:label2\" content=\"Tiempo de lectura\" \/>\n\t<meta name=\"twitter:data2\" content=\"2 minutos\" \/>\n<script type=\"application\/ld+json\" class=\"yoast-schema-graph\">{\"@context\":\"https:\\\/\\\/schema.org\",\"@graph\":[{\"@type\":\"Article\",\"@id\":\"https:\\\/\\\/globalcitieshub.org\\\/es\\\/the-global-cities-hub-calls-for-lrg-inclusion-at-2026-imrf-briefing\\\/#article\",\"isPartOf\":{\"@id\":\"https:\\\/\\\/globalcitieshub.org\\\/es\\\/the-global-cities-hub-calls-for-lrg-inclusion-at-2026-imrf-briefing\\\/\"},\"author\":{\"name\":\"root_new\",\"@id\":\"https:\\\/\\\/globalcitieshub.org\\\/es\\\/#\\\/schema\\\/person\\\/507d9e6bfa91593e51e4b24f8c3efc42\"},\"headline\":\"The Global Cities Hub calls for LRG inclusion at 2026 IMRF briefing\",\"datePublished\":\"2026-02-03T14:40:28+00:00\",\"dateModified\":\"2026-02-11T14:40:50+00:00\",\"mainEntityOfPage\":{\"@id\":\"https:\\\/\\\/globalcitieshub.org\\\/es\\\/the-global-cities-hub-calls-for-lrg-inclusion-at-2026-imrf-briefing\\\/\"},\"wordCount\":453,\"publisher\":{\"@id\":\"https:\\\/\\\/globalcitieshub.org\\\/es\\\/#organization\"},\"image\":{\"@id\":\"https:\\\/\\\/globalcitieshub.org\\\/es\\\/the-global-cities-hub-calls-for-lrg-inclusion-at-2026-imrf-briefing\\\/#primaryimage\"},\"thumbnailUrl\":\"https:\\\/\\\/globalcitieshub.org\\\/wp-content\\\/uploads\\\/2026\\\/02\\\/vignette_news-3.png\",\"keywords\":[\"governance\",\"migration\",\"refugees\"],\"articleSection\":[\"News\"],\"inLanguage\":\"es\"},{\"@type\":\"WebPage\",\"@id\":\"https:\\\/\\\/globalcitieshub.org\\\/es\\\/the-global-cities-hub-calls-for-lrg-inclusion-at-2026-imrf-briefing\\\/\",\"url\":\"https:\\\/\\\/globalcitieshub.org\\\/es\\\/the-global-cities-hub-calls-for-lrg-inclusion-at-2026-imrf-briefing\\\/\",\"name\":\"The Global Cities Hub calls for LRG inclusion at 2026 IMRF briefing - Global Cities Hub\",\"isPartOf\":{\"@id\":\"https:\\\/\\\/globalcitieshub.org\\\/es\\\/#website\"},\"primaryImageOfPage\":{\"@id\":\"https:\\\/\\\/globalcitieshub.org\\\/es\\\/the-global-cities-hub-calls-for-lrg-inclusion-at-2026-imrf-briefing\\\/#primaryimage\"},\"image\":{\"@id\":\"https:\\\/\\\/globalcitieshub.org\\\/es\\\/the-global-cities-hub-calls-for-lrg-inclusion-at-2026-imrf-briefing\\\/#primaryimage\"},\"thumbnailUrl\":\"https:\\\/\\\/globalcitieshub.org\\\/wp-content\\\/uploads\\\/2026\\\/02\\\/vignette_news-3.png\",\"datePublished\":\"2026-02-03T14:40:28+00:00\",\"dateModified\":\"2026-02-11T14:40:50+00:00\",\"inLanguage\":\"es\",\"potentialAction\":[{\"@type\":\"ReadAction\",\"target\":[\"https:\\\/\\\/globalcitieshub.org\\\/es\\\/the-global-cities-hub-calls-for-lrg-inclusion-at-2026-imrf-briefing\\\/\"]}]},{\"@type\":\"ImageObject\",\"inLanguage\":\"es\",\"@id\":\"https:\\\/\\\/globalcitieshub.org\\\/es\\\/the-global-cities-hub-calls-for-lrg-inclusion-at-2026-imrf-briefing\\\/#primaryimage\",\"url\":\"https:\\\/\\\/globalcitieshub.org\\\/wp-content\\\/uploads\\\/2026\\\/02\\\/vignette_news-3.png\",\"contentUrl\":\"https:\\\/\\\/globalcitieshub.org\\\/wp-content\\\/uploads\\\/2026\\\/02\\\/vignette_news-3.png\",\"width\":786,\"height\":524},{\"@type\":\"WebSite\",\"@id\":\"https:\\\/\\\/globalcitieshub.org\\\/es\\\/#website\",\"url\":\"https:\\\/\\\/globalcitieshub.org\\\/es\\\/\",\"name\":\"Global Cities Hub\",\"description\":\"Connecting local and regional governments to the United Nations and other  international organizations\",\"publisher\":{\"@id\":\"https:\\\/\\\/globalcitieshub.org\\\/es\\\/#organization\"},\"potentialAction\":[{\"@type\":\"SearchAction\",\"target\":{\"@type\":\"EntryPoint\",\"urlTemplate\":\"https:\\\/\\\/globalcitieshub.org\\\/es\\\/?s={search_term_string}\"},\"query-input\":{\"@type\":\"PropertyValueSpecification\",\"valueRequired\":true,\"valueName\":\"search_term_string\"}}],\"inLanguage\":\"es\"},{\"@type\":\"Organization\",\"@id\":\"https:\\\/\\\/globalcitieshub.org\\\/es\\\/#organization\",\"name\":\"Global Cities Hub\",\"url\":\"https:\\\/\\\/globalcitieshub.org\\\/es\\\/\",\"logo\":{\"@type\":\"ImageObject\",\"inLanguage\":\"es\",\"@id\":\"https:\\\/\\\/globalcitieshub.org\\\/es\\\/#\\\/schema\\\/logo\\\/image\\\/\",\"url\":\"https:\\\/\\\/globalcitieshub.org\\\/wp-content\\\/uploads\\\/2023\\\/09\\\/230829_Logo_Global_Cities_Hub_Couleur_fond-blanc_RVB.png\",\"contentUrl\":\"https:\\\/\\\/globalcitieshub.org\\\/wp-content\\\/uploads\\\/2023\\\/09\\\/230829_Logo_Global_Cities_Hub_Couleur_fond-blanc_RVB.png\",\"width\":2544,\"height\":1446,\"caption\":\"Global Cities Hub\"},\"image\":{\"@id\":\"https:\\\/\\\/globalcitieshub.org\\\/es\\\/#\\\/schema\\\/logo\\\/image\\\/\"},\"sameAs\":[\"https:\\\/\\\/x.com\\\/genevacitieshub\"]},{\"@type\":\"Person\",\"@id\":\"https:\\\/\\\/globalcitieshub.org\\\/es\\\/#\\\/schema\\\/person\\\/507d9e6bfa91593e51e4b24f8c3efc42\",\"name\":\"root_new\",\"image\":{\"@type\":\"ImageObject\",\"inLanguage\":\"es\",\"@id\":\"https:\\\/\\\/globalcitieshub.org\\\/wp-content\\\/plugins\\\/townhub-add-ons\\\/assets\\\/images\\\/avatar.jpg\",\"url\":\"https:\\\/\\\/globalcitieshub.org\\\/wp-content\\\/plugins\\\/townhub-add-ons\\\/assets\\\/images\\\/avatar.jpg\",\"contentUrl\":\"https:\\\/\\\/globalcitieshub.org\\\/wp-content\\\/plugins\\\/townhub-add-ons\\\/assets\\\/images\\\/avatar.jpg\",\"caption\":\"root_new\"},\"sameAs\":[\"http:\\\/\\\/gch.dev-bulbera.com\"],\"url\":\"https:\\\/\\\/globalcitieshub.org\\\/es\\\/author\\\/root_new\\\/\"}]}<\/script>\n<!-- \/ Yoast SEO plugin. -->","yoast_head_json":{"title":"El Global Cities Hub pide la inclusi\u00f3n de LRG en la reuni\u00f3n informativa de la IMRF de 2026 - Global Cities Hub","robots":{"index":"index","follow":"follow","max-snippet":"max-snippet:-1","max-image-preview":"max-image-preview:large","max-video-preview":"max-video-preview:-1"},"canonical":"https:\/\/globalcitieshub.org\/es\/the-global-cities-hub-calls-for-lrg-inclusion-at-2026-imrf-briefing\/","og_locale":"es_ES","og_type":"article","og_title":"The Global Cities Hub calls for LRG inclusion at 2026 IMRF briefing - Global Cities Hub","og_description":"The Global Cities Hub took part in the first briefing convened by the International Organization for Migration (IOM) to prepare for the 2026 International Migration Review Forum (IMRF). The GCH intervened to call for space for LRGs to participate and contribute. Migration is a cross-cutting issue managed at all levels of government!","og_url":"https:\/\/globalcitieshub.org\/es\/the-global-cities-hub-calls-for-lrg-inclusion-at-2026-imrf-briefing\/","og_site_name":"Global Cities Hub","article_published_time":"2026-02-03T14:40:28+00:00","article_modified_time":"2026-02-11T14:40:50+00:00","og_image":[{"width":786,"height":524,"url":"https:\/\/globalcitieshub.org\/wp-content\/uploads\/2026\/02\/vignette_news-3.png","type":"image\/png"}],"author":"root_new","twitter_card":"summary_large_image","twitter_creator":"@genevacitieshub","twitter_site":"@genevacitieshub","twitter_misc":{"Escrito por":"root_new","Tiempo de lectura":"2 minutos"},"schema":{"@context":"https:\/\/schema.org","@graph":[{"@type":"Article","@id":"https:\/\/globalcitieshub.org\/es\/the-global-cities-hub-calls-for-lrg-inclusion-at-2026-imrf-briefing\/#article","isPartOf":{"@id":"https:\/\/globalcitieshub.org\/es\/the-global-cities-hub-calls-for-lrg-inclusion-at-2026-imrf-briefing\/"},"author":{"name":"root_new","@id":"https:\/\/globalcitieshub.org\/es\/#\/schema\/person\/507d9e6bfa91593e51e4b24f8c3efc42"},"headline":"The Global Cities Hub calls for LRG inclusion at 2026 IMRF briefing","datePublished":"2026-02-03T14:40:28+00:00","dateModified":"2026-02-11T14:40:50+00:00","mainEntityOfPage":{"@id":"https:\/\/globalcitieshub.org\/es\/the-global-cities-hub-calls-for-lrg-inclusion-at-2026-imrf-briefing\/"},"wordCount":453,"publisher":{"@id":"https:\/\/globalcitieshub.org\/es\/#organization"},"image":{"@id":"https:\/\/globalcitieshub.org\/es\/the-global-cities-hub-calls-for-lrg-inclusion-at-2026-imrf-briefing\/#primaryimage"},"thumbnailUrl":"https:\/\/globalcitieshub.org\/wp-content\/uploads\/2026\/02\/vignette_news-3.png","keywords":["governance","migration","refugees"],"articleSection":["News"],"inLanguage":"es"},{"@type":"WebPage","@id":"https:\/\/globalcitieshub.org\/es\/the-global-cities-hub-calls-for-lrg-inclusion-at-2026-imrf-briefing\/","url":"https:\/\/globalcitieshub.org\/es\/the-global-cities-hub-calls-for-lrg-inclusion-at-2026-imrf-briefing\/","name":"El Global Cities Hub pide la inclusi\u00f3n de LRG en la reuni\u00f3n informativa de la IMRF de 2026 - Global Cities Hub","isPartOf":{"@id":"https:\/\/globalcitieshub.org\/es\/#website"},"primaryImageOfPage":{"@id":"https:\/\/globalcitieshub.org\/es\/the-global-cities-hub-calls-for-lrg-inclusion-at-2026-imrf-briefing\/#primaryimage"},"image":{"@id":"https:\/\/globalcitieshub.org\/es\/the-global-cities-hub-calls-for-lrg-inclusion-at-2026-imrf-briefing\/#primaryimage"},"thumbnailUrl":"https:\/\/globalcitieshub.org\/wp-content\/uploads\/2026\/02\/vignette_news-3.png","datePublished":"2026-02-03T14:40:28+00:00","dateModified":"2026-02-11T14:40:50+00:00","inLanguage":"es","potentialAction":[{"@type":"ReadAction","target":["https:\/\/globalcitieshub.org\/es\/the-global-cities-hub-calls-for-lrg-inclusion-at-2026-imrf-briefing\/"]}]},{"@type":"ImageObject","inLanguage":"es","@id":"https:\/\/globalcitieshub.org\/es\/the-global-cities-hub-calls-for-lrg-inclusion-at-2026-imrf-briefing\/#primaryimage","url":"https:\/\/globalcitieshub.org\/wp-content\/uploads\/2026\/02\/vignette_news-3.png","contentUrl":"https:\/\/globalcitieshub.org\/wp-content\/uploads\/2026\/02\/vignette_news-3.png","width":786,"height":524},{"@type":"WebSite","@id":"https:\/\/globalcitieshub.org\/es\/#website","url":"https:\/\/globalcitieshub.org\/es\/","name":"Global Cities Hub","description":"Conectar a los gobiernos locales y regionales con las Naciones Unidas y otras organizaciones internacionales.","publisher":{"@id":"https:\/\/globalcitieshub.org\/es\/#organization"},"potentialAction":[{"@type":"SearchAction","target":{"@type":"EntryPoint","urlTemplate":"https:\/\/globalcitieshub.org\/es\/?s={search_term_string}"},"query-input":{"@type":"PropertyValueSpecification","valueRequired":true,"valueName":"search_term_string"}}],"inLanguage":"es"},{"@type":"Organization","@id":"https:\/\/globalcitieshub.org\/es\/#organization","name":"Global Cities Hub","url":"https:\/\/globalcitieshub.org\/es\/","logo":{"@type":"ImageObject","inLanguage":"es","@id":"https:\/\/globalcitieshub.org\/es\/#\/schema\/logo\/image\/","url":"https:\/\/globalcitieshub.org\/wp-content\/uploads\/2023\/09\/230829_Logo_Global_Cities_Hub_Couleur_fond-blanc_RVB.png","contentUrl":"https:\/\/globalcitieshub.org\/wp-content\/uploads\/2023\/09\/230829_Logo_Global_Cities_Hub_Couleur_fond-blanc_RVB.png","width":2544,"height":1446,"caption":"Global Cities Hub"},"image":{"@id":"https:\/\/globalcitieshub.org\/es\/#\/schema\/logo\/image\/"},"sameAs":["https:\/\/x.com\/genevacitieshub"]},{"@type":"Person","@id":"https:\/\/globalcitieshub.org\/es\/#\/schema\/person\/507d9e6bfa91593e51e4b24f8c3efc42","name":"raiz_nueva","image":{"@type":"ImageObject","inLanguage":"es","@id":"https:\/\/globalcitieshub.org\/wp-content\/plugins\/townhub-add-ons\/assets\/images\/avatar.jpg","url":"https:\/\/globalcitieshub.org\/wp-content\/plugins\/townhub-add-ons\/assets\/images\/avatar.jpg","contentUrl":"https:\/\/globalcitieshub.org\/wp-content\/plugins\/townhub-add-ons\/assets\/images\/avatar.jpg","caption":"root_new"},"sameAs":["http:\/\/gch.dev-bulbera.com"],"url":"https:\/\/globalcitieshub.org\/es\/author\/root_new\/"}]}},"_links":{"self":[{"href":"https:\/\/globalcitieshub.org\/es\/wp-json\/wp\/v2\/posts\/26956","targetHints":{"allow":["GET"]}}],"collection":[{"href":"https:\/\/globalcitieshub.org\/es\/wp-json\/wp\/v2\/posts"}],"about":[{"href":"https:\/\/globalcitieshub.org\/es\/wp-json\/wp\/v2\/types\/post"}],"author":[{"embeddable":true,"href":"https:\/\/globalcitieshub.org\/es\/wp-json\/wp\/v2\/users\/1"}],"replies":[{"embeddable":true,"href":"https:\/\/globalcitieshub.org\/es\/wp-json\/wp\/v2\/comments?post=26956"}],"version-history":[{"count":1,"href":"https:\/\/globalcitieshub.org\/es\/wp-json\/wp\/v2\/posts\/26956\/revisions"}],"predecessor-version":[{"id":26957,"href":"https:\/\/globalcitieshub.org\/es\/wp-json\/wp\/v2\/posts\/26956\/revisions\/26957"}],"wp:featuredmedia":[{"embeddable":true,"href":"https:\/\/globalcitieshub.org\/es\/wp-json\/wp\/v2\/media\/26908"}],"wp:attachment":[{"href":"https:\/\/globalcitieshub.org\/es\/wp-json\/wp\/v2\/media?parent=26956"}],"wp:term":[{"taxonomy":"category","embeddable":true,"href":"https:\/\/globalcitieshub.org\/es\/wp-json\/wp\/v2\/categories?post=26956"},{"taxonomy":"post_tag","embeddable":true,"href":"https:\/\/globalcitieshub.org\/es\/wp-json\/wp\/v2\/tags?post=26956"}],"curies":[{"name":"wp","href":"https:\/\/api.w.org\/{rel}","templated":true}]}}