{"id":21820,"date":"2024-10-01T14:59:00","date_gmt":"2024-10-01T12:59:00","guid":{"rendered":"https:\/\/globalcitieshub.org\/?p=21820"},"modified":"2024-11-28T16:58:47","modified_gmt":"2024-11-28T15:58:47","slug":"advocate-of-the-forum-of-mayors-lord-foster-tells-mayors-to-think-big","status":"publish","type":"post","link":"https:\/\/globalcitieshub.org\/es\/advocate-of-the-forum-of-mayors-lord-foster-tells-mayors-to-think-big\/","title":{"rendered":"Lord Foster, defensor del Foro de Alcaldes de la ONU, dice a los alcaldes que \"\u00a1PIENSE EN GRANDE!\"."},"content":{"rendered":"<p><strong>El IV Foro de Alcaldes de las Naciones Unidas, titulado Cumbre de las Ciudades del Futuro, concluy\u00f3 con gran \u00e9xito. Reuni\u00f3 a unos 400 participantes -entre ellos m\u00e1s de 50 alcaldes- de ciudades y Estados miembros de todo el mundo, diversas entidades de la ONU, otras organizaciones intergubernamentales, as\u00ed como ONG y el mundo acad\u00e9mico. El Foro est\u00e1 en plena expansi\u00f3n y su ulterior desarrollo lo consolidar\u00e1 como un ejemplo de multilateralismo integrador en el que todos los niveles de gobierno colaboran para construir un futuro mejor para todos y no dejar a nadie ni a ning\u00fan lugar atr\u00e1s.<\/strong><\/p>\n\n\n\n<p>En la inauguraci\u00f3n del IV Foro de Alcaldes de la ONU, el codirector Duong inst\u00f3 a los Estados miembros a considerar la posibilidad de ampliar el mandato del Foro y aumentar su participaci\u00f3n. El Global Cities Hub (GCH) ha apoyado el Foro desde sus inicios, reconociendo el papel \u00fanico de los alcaldes a la hora de conectar la gobernanza mundial con las comunidades locales. Por primera vez, los alcaldes dispon\u00edan de una plataforma dentro de un organismo oficial de la ONU para expresar sus preocupaciones y ofrecer recomendaciones directamente a los Estados miembros. Esto supuso un cambio significativo, al reconocer el papel esencial que desempe\u00f1an las ciudades a la hora de abordar los retos mundiales. El codirector Duong felicit\u00f3 a la CEPE y a sus Estados miembros por su labor para hacer avanzar el Foro, que este a\u00f1o se centr\u00f3 en el \"Pacto para el Futuro\" y sus implicaciones locales. En su intervenci\u00f3n junto a figuras destacadas como el Secretario General de la ONU, Antonio Guterres, la Secretaria Ejecutiva de la CEPE, Tatiana Molcean, y el DED de ONU-H\u00e1bitat, Michal Mlynar, Duong subray\u00f3 la importancia de estos debates.<\/p>\n\n\n\n<p>Varios miembros del Grupo Asesor del Secretario General de la ONU sobre Gobiernos Locales y Regionales intervinieron en el Foro, concretamente Paola Pab\u00f3n, Gobernadora de Pichincha y Fatiha el Moudni, Alcaldesa de Rabat, Marruecos. Su participaci\u00f3n fue muy significativa para reforzar el nexo Ginebra-Nueva York en este importante asunto.<\/p>\n\n\n\n<p><\/p>\n\n\n\n<p>Las sesiones plenarias pusieron de relieve la relevancia local del Pacto de Futuro:<\/p>\n\n\n\n<ul class=\"wp-block-list\">\n<li>Los alcaldes subrayaron los importantes avances logrados en la integraci\u00f3n de los ODS en los planes de desarrollo local, aunque las ciudades a menudo se enfrentan a restricciones de recursos debido a la limitada descentralizaci\u00f3n, la recaudaci\u00f3n de impuestos locales y el acceso a fondos internacionales como el Fondo Verde para el Clima. Las ciudades estudian mecanismos de financiaci\u00f3n innovadores como las asociaciones p\u00fablico-privadas, los bonos verdes y la colaboraci\u00f3n con bancos regionales de desarrollo.<\/li>\n\n\n\n<li>En cuanto a la paz y la seguridad, la violencia urbana fue un tema central, y las ciudades reconocieron la necesidad de abordar las causas profundas, como la desigualdad social, el desempleo y la educaci\u00f3n deficiente. Las soluciones incluyen enfoques preventivos a trav\u00e9s del compromiso de la comunidad y esfuerzos multidisciplinares en los que participen las fuerzas del orden, los servicios sociales y la educaci\u00f3n, junto con el fomento de la cohesi\u00f3n social a trav\u00e9s de actividades culturales y deportivas.<\/li>\n\n\n\n<li>En cuanto a la cooperaci\u00f3n digital, los debates se centraron en la reducci\u00f3n de las disparidades en el acceso y la alfabetizaci\u00f3n digitales. Las ciudades introdujeron soluciones tecnol\u00f3gicas integradoras para mejorar los servicios p\u00fablicos y el compromiso c\u00edvico, especialmente mediante la colaboraci\u00f3n con instituciones educativas y grupos comunitarios.<\/li>\n\n\n\n<li>En cuanto a los j\u00f3venes y las generaciones futuras, se destacaron retos como las limitadas oportunidades de educaci\u00f3n y empleo, los problemas de salud mental y la fuga de cerebros. Las ciudades est\u00e1n abordando estos problemas mediante consejos de la juventud, inversiones en educaci\u00f3n y estrategias de retenci\u00f3n, junto con la ampliaci\u00f3n de los servicios de salud mental y el fomento de la colaboraci\u00f3n internacional.<\/li>\n\n\n\n<li>Por \u00faltimo, en cuanto a la gobernanza mundial, los alcaldes se hicieron eco de los obst\u00e1culos para influir en la toma de decisiones a nivel internacional debido a la escasez de recursos y a la falta de representaci\u00f3n. Se propuso reforzar la participaci\u00f3n de las ciudades en los foros mundiales y crear asociaciones para mejorar su papel en los procesos multilaterales, y el Foro de Alcaldes se consider\u00f3 una plataforma vital para defender los intereses de las ciudades a escala mundial.<\/li>\n<\/ul>\n\n\n\n<p><\/p>\n\n\n\n<p>El Presidente del Consejo de Administraci\u00f3n de GCH, Sami Kanaan, subray\u00f3 en su intervenci\u00f3n en el Foro que la inmensa mayor\u00eda de las cuestiones abordadas por los Estados en el seno de la ONU son relevantes a nivel local, y que los acuerdos alcanzados por los Estados a nivel internacional tienen un impacto concreto a nivel local. Puso como ejemplo el tratado sobre pandemias que se negocia actualmente en la OMS y el tratado sobre contaminaci\u00f3n por pl\u00e1sticos que tambi\u00e9n se negocia actualmente en el PNUMA. Hay varias formas y medios de intensificar el compromiso de la ONU con los GLR -dijo-. Entre ellos, el que ya existe es este Foro de Alcaldes de la ONU. Esta plataforma es el \u00fanico organismo de la ONU que permite a los alcaldes actuar a t\u00edtulo propio dentro de la ONU. El documento final que se adopte al t\u00e9rmino del Foro se remitir\u00e1 a la reuni\u00f3n de gobiernos y al Secretario General de la ONU. En este documento final se anima a los Estados a tomar medidas para que el sistema multilateral sea m\u00e1s integrador, en particular creando un estatuto espec\u00edfico para los GLR, de modo que puedan participar en los trabajos de la ONU. Tambi\u00e9n se insta a los Estados a considerar el Foro de Alcaldes de las Naciones Unidas como un \u00f3rgano eficaz para que los alcaldes puedan participar activamente en los debates internacionales sobre la localizaci\u00f3n de los ODS. Expres\u00f3 su satisfacci\u00f3n al ver que el Foro de Alcaldes de las Naciones Unidas abarca un \u00e1mbito mundial, con alcaldes de Europa y Asia Central, pero tambi\u00e9n de todas las dem\u00e1s regiones.<\/p>\n\n\n\n<p><\/p>\n\n\n<div class=\"wp-block-image\">\n<figure class=\"aligncenter\"><img fetchpriority=\"high\" decoding=\"async\" width=\"1031\" height=\"656\" src=\"https:\/\/globalcitieshub.org\/wp-content\/uploads\/2024\/10\/FoM-2024-illustration-2.png\" alt=\"\" class=\"wp-image-21648\"\/><\/figure>\n<\/div>\n\n\n<p><\/p>\n\n\n\n<p><strong>Alcaldes y Jefes de Organizaciones Internacionales<\/strong><\/p>\n\n\n\n<p>Uno de los momentos culminantes del Foro fue la \"Reuni\u00f3n de Alto Nivel de Alcaldes y Jefes de Organizaciones Internacionales\". Esta reuni\u00f3n congreg\u00f3 a alcaldes y responsables de importantes organizaciones como ACNUR, CEPE, UNCTAD y OMS para debatir apremiantes retos mundiales con repercusiones locales, como la migraci\u00f3n, la urbanizaci\u00f3n sostenible, el comercio, el desarrollo, la salud urbana y la preparaci\u00f3n ante pandemias. La reuni\u00f3n permiti\u00f3 a los alcaldes entablar un di\u00e1logo directo con l\u00edderes mundiales, como ES Tatiana Molcean, HC Filippo Grandi, ADG Li Ailan y SD Nan Li Collins, y contribuir a los debates sobre c\u00f3mo abordar estos retos. Tambi\u00e9n se subray\u00f3 la importancia del multilateralismo inclusivo, en el que los esfuerzos locales, nacionales y mundiales colaboran para encontrar soluciones eficaces. El \"Pacto para el Futuro\", resultado de la Cumbre del Futuro de la ONU, pretend\u00eda reflejar este enfoque.<\/p>\n\n\n\n<p><strong>Triple crisis planetaria<\/strong><\/p>\n\n\n\n<p>Otro acontecimiento importante fue la sesi\u00f3n \"Soluciones a una triple crisis planetaria en las ciudades\", organizada conjuntamente por el GCH, la UICN y la CEPE. Este debate abord\u00f3 c\u00f3mo las soluciones basadas en la naturaleza en las ciudades podr\u00edan ayudar a combatir el cambio clim\u00e1tico, la p\u00e9rdida de biodiversidad y el calor extremo, al tiempo que aportan beneficios como la mejora de la salud, la creaci\u00f3n de empleo, la reducci\u00f3n de la contaminaci\u00f3n y el acceso a recursos limpios. Stewart Maginnis, Director General Adjunto de la UICN, destac\u00f3 el potencial de las soluciones basadas en la naturaleza para mejorar la resiliencia y la salud de las ciudades en un mundo en r\u00e1pida urbanizaci\u00f3n. Planificar ciudades sostenibles para hacer frente a estas crisis implica incorporar la naturaleza a los espacios urbanos, como las zonas verdes y la plantaci\u00f3n de \u00e1rboles. El Desaf\u00edo \u00c1rboles en las Ciudades de la CEPE anim\u00f3 a los alcaldes a comprometerse con la silvicultura urbana sostenible. La creaci\u00f3n de la Coalici\u00f3n de Gobiernos Locales y Subnacionales para el Tratado sobre la Contaminaci\u00f3n por Pl\u00e1sticos fue otro paso significativo, que puso de relieve la importancia de dar voz a los l\u00edderes locales en las negociaciones medioambientales mundiales y de liderar los esfuerzos para promover la gesti\u00f3n medioambiental. La Red Medioambiental de Ginebra e ICLEI, junto con otras partes interesadas, est\u00e1n trabajando para aumentar la participaci\u00f3n de los gobiernos locales y regionales en esta negociaci\u00f3n, sobre todo a medida que avanza hacia su siguiente fase en Busan el pr\u00f3ximo mes de noviembre.<\/p>\n\n\n\n<p><strong>Mujer y Alcalde<\/strong><\/p>\n\n\n\n<p>El foro tambi\u00e9n cont\u00f3 con una mesa redonda, \"Mujer y alcaldesa: Empowering Urban Leadership for Sustainable Futures\", que se centr\u00f3 en las perspectivas a menudo infrarrepresentadas de las mujeres en el liderazgo urbano. El panel examin\u00f3 c\u00f3mo un liderazgo equilibrado entre hombres y mujeres podr\u00eda mejorar la toma de decisiones, promover la inclusi\u00f3n y contribuir a una gesti\u00f3n urbana m\u00e1s eficaz, lo que en \u00faltima instancia conducir\u00eda a ciudades m\u00e1s seguras y sostenibles. Entre otros, la alcaldesa de Skopje, Danela Arsovska, el alcalde de Lusaka, Chitango Chitangala, y la l\u00edder del ayuntamiento de Glasgow, Susan Aitken, compartieron sus experiencias y sus visiones sobre c\u00f3mo aumentar de forma significativa la participaci\u00f3n de las mujeres en la pol\u00edtica local.<\/p>\n\n\n\n<p><strong>Asociaciones p\u00fablico-privadas<\/strong><\/p>\n\n\n\n<p>Un acto previo al foro, organizado por el GCH en cooperaci\u00f3n con el Foro Econ\u00f3mico Mundial (FEM), brind\u00f3 a los alcaldes una valiosa oportunidad para explorar los retos y oportunidades relacionados con las APP en la promoci\u00f3n del desarrollo sostenible y la financiaci\u00f3n. El alcalde de Quebec, Bruno Marchand, la Directora de Transformaci\u00f3n Urbana del FEM, Charlotte Buitboul, y el Director General de la C\u00e1mara de Comercio de Ginebra, Vincent Subilia, a\u00f1adieron un importante nivel de comprensi\u00f3n de la colaboraci\u00f3n entre m\u00faltiples partes interesadas. Aunque las APP se aplicaron normalmente a nivel nacional, su repercusi\u00f3n en los GLR fue considerable. Las iniciativas de financiaci\u00f3n para las econom\u00edas circulares a menudo depend\u00edan de las APP, y las Naciones Unidas desempe\u00f1aron un papel en el desarrollo de pol\u00edticas y directrices basadas en pruebas para apoyar estos esfuerzos. Organizaciones como el FEM ayudaron a ciudades de todo el mundo a redefinirse, creando nuevas oportunidades sostenibles desde el punto de vista social, econ\u00f3mico y medioambiental. Las intervenciones pusieron de relieve c\u00f3mo los gobiernos locales y regionales pod\u00edan colaborar m\u00e1s eficazmente con el sector privado y las organizaciones multilaterales para promover iniciativas de financiaci\u00f3n sostenible.<\/p>\n\n\n\n<p><strong>Revisiones locales voluntarias<\/strong><\/p>\n\n\n\n<p>El foro concluy\u00f3 con un taller sobre \"Planes orientados a la acci\u00f3n para la aplicaci\u00f3n de las Revisiones Locales Voluntarias (RLV)\". Oradores y aspirantes, entre ellos el alcalde de Klang, Noraini Roslan, la teniente de alcalde de Buenos Aires, Mar\u00eda Clara Muzzio, alcaldes y representantes de Ginebra, Dushanbe, Mafra, Lusaka y Estrasburgo, as\u00ed como representantes de Suiza, presentaron sus observaciones, experiencias y comentarios sobre por qu\u00e9 y c\u00f3mo desarrollar y utilizar de la manera m\u00e1s eficaz una RLV.  Se destac\u00f3 que las comisiones regionales de la ONU, as\u00ed como ONU-H\u00e1bitat, han desarrollado buenas pr\u00e1cticas y directrices y pueden ser socios valiosos. El debate a puerta llena reconfirm\u00f3 la importancia y el valor a\u00f1adido de un VLR como proceso para la autoevaluaci\u00f3n local y la toma de decisiones orientada al futuro.<\/p>\n\n\n\n<p><\/p>\n\n\n\n<p><strong>Futuras etapas del Foro<\/strong><\/p>\n\n\n\n<p>En general, el IV Foro de Alcaldes de las Naciones Unidas puso de relieve la creciente importancia de las ciudades en la gobernanza mundial y la necesidad de una mayor colaboraci\u00f3n entre las partes interesadas locales, nacionales e internacionales para hacer frente a los retos mundiales. Los alcaldes demostraron su capacidad para contribuir de forma significativa a los esfuerzos en pro del desarrollo sostenible. La pr\u00f3xima edici\u00f3n deber\u00eda celebrarse en oto\u00f1o de 2025, a la espera de la decisi\u00f3n del Comit\u00e9 Ejecutivo de la CEPE de ampliar el Foro como \u00f3rgano oficial de las Naciones Unidas. El GCH continuar\u00e1 comprometi\u00e9ndose a fortalecer el multilateralismo inclusivo a trav\u00e9s de la consolidaci\u00f3n del Foro. Contamos con todas las Comisiones Econ\u00f3micas Regionales de la ONU para seguir cooperando y contribuir a su \u00e9xito con la invitaci\u00f3n de alcaldes de todo el mundo. Un modo de financiaci\u00f3n multidonante mejorar\u00eda el Foro al complementar los servicios b\u00e1sicos prestados por la ONU para una participaci\u00f3n m\u00e1s amplia y un enfoque m\u00e1s inclusivo.<\/p>\n\n\n\n<p>Cada vez son m\u00e1s las ciudades que elaboran RLV y RNV (varios centenares en la actualidad en todo el mundo) como herramienta para contribuir al avance de los ODS. El Foro podr\u00eda ser la plataforma multilateral adecuada, similar al Foro Pol\u00edtico de Alto Nivel para las RNV de los Estados, para permitir a las ciudades y regiones presentar y debatir sus RLV y RNV, en presencia y cooperaci\u00f3n con los Estados miembros de las Naciones Unidas, los organismos de las Naciones Unidas y las organizaciones interesadas e interesantes para las ciudades y regiones. Este tipo de intercambio ofrecer\u00eda m\u00e1s espacio para el di\u00e1logo interactivo, ya que Ginebra alberga a la mayor\u00eda de las principales organizaciones internacionales relevantes para la implementaci\u00f3n de los ODS.<\/p>\n\n\n\n<p>El documento final aprobado por los alcaldes en el Foro est\u00e1 disponible en la siguiente direcci\u00f3n <a href=\"https:\/\/forumofmayors.unece.org\/sites\/default\/files\/2024-10\/Adopted%20FoM%20Outcome%20Statement%20as%20of%201%20October%202024.pdf?utm_source=mdirector&amp;utm_medium=email&amp;utm_campaign=ForumofMayors2024Newsletteredition0601\">aqu\u00ed<\/a>.<\/p>\n\n\n\n<p><\/p>\n\n\n\n<p><strong>V\u00eddeo de lo m\u00e1s destacado del Foro de Alcaldes 2024 de la ONU<\/strong><\/p>\n\n\n\n<figure class=\"wp-block-embed is-type-video is-provider-youtube wp-block-embed-youtube wp-embed-aspect-16-9 wp-has-aspect-ratio\"><div class=\"wp-block-embed__wrapper\">\n<iframe title=\"IV Foro de Alcaldes 2024\" width=\"724\" height=\"407\" src=\"https:\/\/www.youtube.com\/embed\/K-AdeI4EfdQ?feature=oembed\" frameborder=\"0\" allow=\"accelerometer; autoplay; clipboard-write; encrypted-media; gyroscope; picture-in-picture; web-share\" referrerpolicy=\"strict-origin-when-cross-origin\" allowfullscreen><\/iframe>\n<\/div><\/figure>","protected":false},"excerpt":{"rendered":"<p>El IV Foro de Alcaldes titulado Cumbre de las Ciudades del Futuro concluy\u00f3 con gran \u00e9xito. Reuni\u00f3 a unos 400 participantes -entre ellos m\u00e1s de 50 alcaldes- de ciudades y Estados miembros de todo el mundo, diversas entidades de la ONU, otras organizaciones intergubernamentales, as\u00ed como ONG y el mundo acad\u00e9mico. El Foro est\u00e1 en plena expansi\u00f3n y su ulterior desarrollo lo consolidar\u00e1 como un ejemplo de multilateralismo integrador en el que todos los niveles de gobierno colaboran para construir un futuro mejor para todos y no dejar a nadie ni a ning\u00fan lugar atr\u00e1s.<\/p>","protected":false},"author":1,"featured_media":21651,"comment_status":"closed","ping_status":"0","sticky":false,"template":"","format":"standard","meta":{"_monsterinsights_skip_tracking":false,"_monsterinsights_sitenote_active":false,"_monsterinsights_sitenote_note":"","_monsterinsights_sitenote_category":0,"footnotes":""},"categories":[1],"tags":[],"class_list":["post-21820","post","type-post","status-publish","format-standard","has-post-thumbnail","hentry","category-news"],"yoast_head":"<!-- This site is optimized with the Yoast SEO plugin v27.5 - https:\/\/yoast.com\/product\/yoast-seo-wordpress\/ -->\n<title>Advocate of the UN Forum of Mayors Lord Foster tells mayors to \u201cTHINK BIG!\u201d - Global Cities Hub<\/title>\n<meta name=\"robots\" content=\"index, follow, max-snippet:-1, max-image-preview:large, max-video-preview:-1\" \/>\n<link rel=\"canonical\" href=\"https:\/\/globalcitieshub.org\/es\/advocate-of-the-forum-of-mayors-lord-foster-tells-mayors-to-think-big\/\" \/>\n<meta property=\"og:locale\" content=\"es_ES\" \/>\n<meta property=\"og:type\" content=\"article\" \/>\n<meta property=\"og:title\" content=\"Advocate of the UN Forum of Mayors Lord Foster tells mayors to \u201cTHINK BIG!\u201d - Global Cities Hub\" \/>\n<meta property=\"og:description\" content=\"The 4th Forum of Mayors titled the Cities\u2019 Summit of the Future concluded with great success. It brought together around 400 participants \u2013 including more than 50 mayors \u2013 from cities and member States from all over the world, various UN entities, other intergovernmental organizations, as well as NGOs and academia. The Forum is in full expansion and its further development will consolidate it as a prime example of inclusive multilateralism where all levels of government collaborate to build a better future for all and leave no one and no place behind.\" \/>\n<meta property=\"og:url\" content=\"https:\/\/globalcitieshub.org\/es\/advocate-of-the-forum-of-mayors-lord-foster-tells-mayors-to-think-big\/\" \/>\n<meta property=\"og:site_name\" content=\"Global Cities Hub\" \/>\n<meta property=\"article:published_time\" content=\"2024-10-01T12:59:00+00:00\" \/>\n<meta property=\"article:modified_time\" content=\"2024-11-28T15:58:47+00:00\" \/>\n<meta property=\"og:image\" content=\"https:\/\/globalcitieshub.org\/wp-content\/uploads\/2024\/10\/FoM-2024-illustration-NEWS.png\" \/>\n\t<meta property=\"og:image:width\" content=\"786\" \/>\n\t<meta property=\"og:image:height\" content=\"524\" \/>\n\t<meta property=\"og:image:type\" content=\"image\/png\" \/>\n<meta name=\"author\" content=\"root_new\" \/>\n<meta name=\"twitter:card\" content=\"summary_large_image\" \/>\n<meta name=\"twitter:creator\" content=\"@genevacitieshub\" \/>\n<meta name=\"twitter:site\" content=\"@genevacitieshub\" \/>\n<meta name=\"twitter:label1\" content=\"Escrito por\" \/>\n\t<meta name=\"twitter:data1\" content=\"root_new\" \/>\n\t<meta name=\"twitter:label2\" content=\"Tiempo de lectura\" \/>\n\t<meta name=\"twitter:data2\" content=\"8 minutos\" \/>\n<script type=\"application\/ld+json\" class=\"yoast-schema-graph\">{\"@context\":\"https:\\\/\\\/schema.org\",\"@graph\":[{\"@type\":\"Article\",\"@id\":\"https:\\\/\\\/globalcitieshub.org\\\/es\\\/advocate-of-the-forum-of-mayors-lord-foster-tells-mayors-to-think-big\\\/#article\",\"isPartOf\":{\"@id\":\"https:\\\/\\\/globalcitieshub.org\\\/es\\\/advocate-of-the-forum-of-mayors-lord-foster-tells-mayors-to-think-big\\\/\"},\"author\":{\"name\":\"root_new\",\"@id\":\"https:\\\/\\\/globalcitieshub.org\\\/es\\\/#\\\/schema\\\/person\\\/507d9e6bfa91593e51e4b24f8c3efc42\"},\"headline\":\"Advocate of the UN Forum of Mayors Lord Foster tells mayors to \u201cTHINK BIG!\u201d\",\"datePublished\":\"2024-10-01T12:59:00+00:00\",\"dateModified\":\"2024-11-28T15:58:47+00:00\",\"mainEntityOfPage\":{\"@id\":\"https:\\\/\\\/globalcitieshub.org\\\/es\\\/advocate-of-the-forum-of-mayors-lord-foster-tells-mayors-to-think-big\\\/\"},\"wordCount\":1751,\"publisher\":{\"@id\":\"https:\\\/\\\/globalcitieshub.org\\\/es\\\/#organization\"},\"image\":{\"@id\":\"https:\\\/\\\/globalcitieshub.org\\\/es\\\/advocate-of-the-forum-of-mayors-lord-foster-tells-mayors-to-think-big\\\/#primaryimage\"},\"thumbnailUrl\":\"https:\\\/\\\/globalcitieshub.org\\\/wp-content\\\/uploads\\\/2024\\\/10\\\/FoM-2024-illustration-NEWS.png\",\"articleSection\":[\"News\"],\"inLanguage\":\"es\"},{\"@type\":\"WebPage\",\"@id\":\"https:\\\/\\\/globalcitieshub.org\\\/es\\\/advocate-of-the-forum-of-mayors-lord-foster-tells-mayors-to-think-big\\\/\",\"url\":\"https:\\\/\\\/globalcitieshub.org\\\/es\\\/advocate-of-the-forum-of-mayors-lord-foster-tells-mayors-to-think-big\\\/\",\"name\":\"Advocate of the UN Forum of Mayors Lord Foster tells mayors to \u201cTHINK BIG!\u201d - Global Cities Hub\",\"isPartOf\":{\"@id\":\"https:\\\/\\\/globalcitieshub.org\\\/es\\\/#website\"},\"primaryImageOfPage\":{\"@id\":\"https:\\\/\\\/globalcitieshub.org\\\/es\\\/advocate-of-the-forum-of-mayors-lord-foster-tells-mayors-to-think-big\\\/#primaryimage\"},\"image\":{\"@id\":\"https:\\\/\\\/globalcitieshub.org\\\/es\\\/advocate-of-the-forum-of-mayors-lord-foster-tells-mayors-to-think-big\\\/#primaryimage\"},\"thumbnailUrl\":\"https:\\\/\\\/globalcitieshub.org\\\/wp-content\\\/uploads\\\/2024\\\/10\\\/FoM-2024-illustration-NEWS.png\",\"datePublished\":\"2024-10-01T12:59:00+00:00\",\"dateModified\":\"2024-11-28T15:58:47+00:00\",\"inLanguage\":\"es\",\"potentialAction\":[{\"@type\":\"ReadAction\",\"target\":[\"https:\\\/\\\/globalcitieshub.org\\\/es\\\/advocate-of-the-forum-of-mayors-lord-foster-tells-mayors-to-think-big\\\/\"]}]},{\"@type\":\"ImageObject\",\"inLanguage\":\"es\",\"@id\":\"https:\\\/\\\/globalcitieshub.org\\\/es\\\/advocate-of-the-forum-of-mayors-lord-foster-tells-mayors-to-think-big\\\/#primaryimage\",\"url\":\"https:\\\/\\\/globalcitieshub.org\\\/wp-content\\\/uploads\\\/2024\\\/10\\\/FoM-2024-illustration-NEWS.png\",\"contentUrl\":\"https:\\\/\\\/globalcitieshub.org\\\/wp-content\\\/uploads\\\/2024\\\/10\\\/FoM-2024-illustration-NEWS.png\",\"width\":786,\"height\":524},{\"@type\":\"WebSite\",\"@id\":\"https:\\\/\\\/globalcitieshub.org\\\/es\\\/#website\",\"url\":\"https:\\\/\\\/globalcitieshub.org\\\/es\\\/\",\"name\":\"Global Cities Hub\",\"description\":\"Connecting local and regional governments to the United Nations and other  international organizations\",\"publisher\":{\"@id\":\"https:\\\/\\\/globalcitieshub.org\\\/es\\\/#organization\"},\"potentialAction\":[{\"@type\":\"SearchAction\",\"target\":{\"@type\":\"EntryPoint\",\"urlTemplate\":\"https:\\\/\\\/globalcitieshub.org\\\/es\\\/?s={search_term_string}\"},\"query-input\":{\"@type\":\"PropertyValueSpecification\",\"valueRequired\":true,\"valueName\":\"search_term_string\"}}],\"inLanguage\":\"es\"},{\"@type\":\"Organization\",\"@id\":\"https:\\\/\\\/globalcitieshub.org\\\/es\\\/#organization\",\"name\":\"Global Cities Hub\",\"url\":\"https:\\\/\\\/globalcitieshub.org\\\/es\\\/\",\"logo\":{\"@type\":\"ImageObject\",\"inLanguage\":\"es\",\"@id\":\"https:\\\/\\\/globalcitieshub.org\\\/es\\\/#\\\/schema\\\/logo\\\/image\\\/\",\"url\":\"https:\\\/\\\/globalcitieshub.org\\\/wp-content\\\/uploads\\\/2023\\\/09\\\/230829_Logo_Global_Cities_Hub_Couleur_fond-blanc_RVB.png\",\"contentUrl\":\"https:\\\/\\\/globalcitieshub.org\\\/wp-content\\\/uploads\\\/2023\\\/09\\\/230829_Logo_Global_Cities_Hub_Couleur_fond-blanc_RVB.png\",\"width\":2544,\"height\":1446,\"caption\":\"Global Cities Hub\"},\"image\":{\"@id\":\"https:\\\/\\\/globalcitieshub.org\\\/es\\\/#\\\/schema\\\/logo\\\/image\\\/\"},\"sameAs\":[\"https:\\\/\\\/x.com\\\/genevacitieshub\"]},{\"@type\":\"Person\",\"@id\":\"https:\\\/\\\/globalcitieshub.org\\\/es\\\/#\\\/schema\\\/person\\\/507d9e6bfa91593e51e4b24f8c3efc42\",\"name\":\"root_new\",\"image\":{\"@type\":\"ImageObject\",\"inLanguage\":\"es\",\"@id\":\"https:\\\/\\\/globalcitieshub.org\\\/wp-content\\\/plugins\\\/townhub-add-ons\\\/assets\\\/images\\\/avatar.jpg\",\"url\":\"https:\\\/\\\/globalcitieshub.org\\\/wp-content\\\/plugins\\\/townhub-add-ons\\\/assets\\\/images\\\/avatar.jpg\",\"contentUrl\":\"https:\\\/\\\/globalcitieshub.org\\\/wp-content\\\/plugins\\\/townhub-add-ons\\\/assets\\\/images\\\/avatar.jpg\",\"caption\":\"root_new\"},\"sameAs\":[\"http:\\\/\\\/gch.dev-bulbera.com\"],\"url\":\"https:\\\/\\\/globalcitieshub.org\\\/es\\\/author\\\/root_new\\\/\"}]}<\/script>\n<!-- \/ Yoast SEO plugin. -->","yoast_head_json":{"title":"Lord Foster, defensor del Foro de Alcaldes de la ONU, dice a los alcaldes que \"\u00a1PIENSE EN GRANDE!\" - Global Cities Hub","robots":{"index":"index","follow":"follow","max-snippet":"max-snippet:-1","max-image-preview":"max-image-preview:large","max-video-preview":"max-video-preview:-1"},"canonical":"https:\/\/globalcitieshub.org\/es\/advocate-of-the-forum-of-mayors-lord-foster-tells-mayors-to-think-big\/","og_locale":"es_ES","og_type":"article","og_title":"Advocate of the UN Forum of Mayors Lord Foster tells mayors to \u201cTHINK BIG!\u201d - Global Cities Hub","og_description":"The 4th Forum of Mayors titled the Cities\u2019 Summit of the Future concluded with great success. It brought together around 400 participants \u2013 including more than 50 mayors \u2013 from cities and member States from all over the world, various UN entities, other intergovernmental organizations, as well as NGOs and academia. The Forum is in full expansion and its further development will consolidate it as a prime example of inclusive multilateralism where all levels of government collaborate to build a better future for all and leave no one and no place behind.","og_url":"https:\/\/globalcitieshub.org\/es\/advocate-of-the-forum-of-mayors-lord-foster-tells-mayors-to-think-big\/","og_site_name":"Global Cities Hub","article_published_time":"2024-10-01T12:59:00+00:00","article_modified_time":"2024-11-28T15:58:47+00:00","og_image":[{"width":786,"height":524,"url":"https:\/\/globalcitieshub.org\/wp-content\/uploads\/2024\/10\/FoM-2024-illustration-NEWS.png","type":"image\/png"}],"author":"root_new","twitter_card":"summary_large_image","twitter_creator":"@genevacitieshub","twitter_site":"@genevacitieshub","twitter_misc":{"Escrito por":"root_new","Tiempo de lectura":"8 minutos"},"schema":{"@context":"https:\/\/schema.org","@graph":[{"@type":"Article","@id":"https:\/\/globalcitieshub.org\/es\/advocate-of-the-forum-of-mayors-lord-foster-tells-mayors-to-think-big\/#article","isPartOf":{"@id":"https:\/\/globalcitieshub.org\/es\/advocate-of-the-forum-of-mayors-lord-foster-tells-mayors-to-think-big\/"},"author":{"name":"root_new","@id":"https:\/\/globalcitieshub.org\/es\/#\/schema\/person\/507d9e6bfa91593e51e4b24f8c3efc42"},"headline":"Advocate of the UN Forum of Mayors Lord Foster tells mayors to \u201cTHINK BIG!\u201d","datePublished":"2024-10-01T12:59:00+00:00","dateModified":"2024-11-28T15:58:47+00:00","mainEntityOfPage":{"@id":"https:\/\/globalcitieshub.org\/es\/advocate-of-the-forum-of-mayors-lord-foster-tells-mayors-to-think-big\/"},"wordCount":1751,"publisher":{"@id":"https:\/\/globalcitieshub.org\/es\/#organization"},"image":{"@id":"https:\/\/globalcitieshub.org\/es\/advocate-of-the-forum-of-mayors-lord-foster-tells-mayors-to-think-big\/#primaryimage"},"thumbnailUrl":"https:\/\/globalcitieshub.org\/wp-content\/uploads\/2024\/10\/FoM-2024-illustration-NEWS.png","articleSection":["News"],"inLanguage":"es"},{"@type":"WebPage","@id":"https:\/\/globalcitieshub.org\/es\/advocate-of-the-forum-of-mayors-lord-foster-tells-mayors-to-think-big\/","url":"https:\/\/globalcitieshub.org\/es\/advocate-of-the-forum-of-mayors-lord-foster-tells-mayors-to-think-big\/","name":"Lord Foster, defensor del Foro de Alcaldes de la ONU, dice a los alcaldes que \"\u00a1PIENSE EN GRANDE!\" - Global Cities Hub","isPartOf":{"@id":"https:\/\/globalcitieshub.org\/es\/#website"},"primaryImageOfPage":{"@id":"https:\/\/globalcitieshub.org\/es\/advocate-of-the-forum-of-mayors-lord-foster-tells-mayors-to-think-big\/#primaryimage"},"image":{"@id":"https:\/\/globalcitieshub.org\/es\/advocate-of-the-forum-of-mayors-lord-foster-tells-mayors-to-think-big\/#primaryimage"},"thumbnailUrl":"https:\/\/globalcitieshub.org\/wp-content\/uploads\/2024\/10\/FoM-2024-illustration-NEWS.png","datePublished":"2024-10-01T12:59:00+00:00","dateModified":"2024-11-28T15:58:47+00:00","inLanguage":"es","potentialAction":[{"@type":"ReadAction","target":["https:\/\/globalcitieshub.org\/es\/advocate-of-the-forum-of-mayors-lord-foster-tells-mayors-to-think-big\/"]}]},{"@type":"ImageObject","inLanguage":"es","@id":"https:\/\/globalcitieshub.org\/es\/advocate-of-the-forum-of-mayors-lord-foster-tells-mayors-to-think-big\/#primaryimage","url":"https:\/\/globalcitieshub.org\/wp-content\/uploads\/2024\/10\/FoM-2024-illustration-NEWS.png","contentUrl":"https:\/\/globalcitieshub.org\/wp-content\/uploads\/2024\/10\/FoM-2024-illustration-NEWS.png","width":786,"height":524},{"@type":"WebSite","@id":"https:\/\/globalcitieshub.org\/es\/#website","url":"https:\/\/globalcitieshub.org\/es\/","name":"Global Cities Hub","description":"Conectar a los gobiernos locales y regionales con las Naciones Unidas y otras organizaciones internacionales.","publisher":{"@id":"https:\/\/globalcitieshub.org\/es\/#organization"},"potentialAction":[{"@type":"SearchAction","target":{"@type":"EntryPoint","urlTemplate":"https:\/\/globalcitieshub.org\/es\/?s={search_term_string}"},"query-input":{"@type":"PropertyValueSpecification","valueRequired":true,"valueName":"search_term_string"}}],"inLanguage":"es"},{"@type":"Organization","@id":"https:\/\/globalcitieshub.org\/es\/#organization","name":"Global Cities Hub","url":"https:\/\/globalcitieshub.org\/es\/","logo":{"@type":"ImageObject","inLanguage":"es","@id":"https:\/\/globalcitieshub.org\/es\/#\/schema\/logo\/image\/","url":"https:\/\/globalcitieshub.org\/wp-content\/uploads\/2023\/09\/230829_Logo_Global_Cities_Hub_Couleur_fond-blanc_RVB.png","contentUrl":"https:\/\/globalcitieshub.org\/wp-content\/uploads\/2023\/09\/230829_Logo_Global_Cities_Hub_Couleur_fond-blanc_RVB.png","width":2544,"height":1446,"caption":"Global Cities Hub"},"image":{"@id":"https:\/\/globalcitieshub.org\/es\/#\/schema\/logo\/image\/"},"sameAs":["https:\/\/x.com\/genevacitieshub"]},{"@type":"Person","@id":"https:\/\/globalcitieshub.org\/es\/#\/schema\/person\/507d9e6bfa91593e51e4b24f8c3efc42","name":"raiz_nueva","image":{"@type":"ImageObject","inLanguage":"es","@id":"https:\/\/globalcitieshub.org\/wp-content\/plugins\/townhub-add-ons\/assets\/images\/avatar.jpg","url":"https:\/\/globalcitieshub.org\/wp-content\/plugins\/townhub-add-ons\/assets\/images\/avatar.jpg","contentUrl":"https:\/\/globalcitieshub.org\/wp-content\/plugins\/townhub-add-ons\/assets\/images\/avatar.jpg","caption":"root_new"},"sameAs":["http:\/\/gch.dev-bulbera.com"],"url":"https:\/\/globalcitieshub.org\/es\/author\/root_new\/"}]}},"_links":{"self":[{"href":"https:\/\/globalcitieshub.org\/es\/wp-json\/wp\/v2\/posts\/21820","targetHints":{"allow":["GET"]}}],"collection":[{"href":"https:\/\/globalcitieshub.org\/es\/wp-json\/wp\/v2\/posts"}],"about":[{"href":"https:\/\/globalcitieshub.org\/es\/wp-json\/wp\/v2\/types\/post"}],"author":[{"embeddable":true,"href":"https:\/\/globalcitieshub.org\/es\/wp-json\/wp\/v2\/users\/1"}],"replies":[{"embeddable":true,"href":"https:\/\/globalcitieshub.org\/es\/wp-json\/wp\/v2\/comments?post=21820"}],"version-history":[{"count":4,"href":"https:\/\/globalcitieshub.org\/es\/wp-json\/wp\/v2\/posts\/21820\/revisions"}],"predecessor-version":[{"id":22528,"href":"https:\/\/globalcitieshub.org\/es\/wp-json\/wp\/v2\/posts\/21820\/revisions\/22528"}],"wp:featuredmedia":[{"embeddable":true,"href":"https:\/\/globalcitieshub.org\/es\/wp-json\/wp\/v2\/media\/21651"}],"wp:attachment":[{"href":"https:\/\/globalcitieshub.org\/es\/wp-json\/wp\/v2\/media?parent=21820"}],"wp:term":[{"taxonomy":"category","embeddable":true,"href":"https:\/\/globalcitieshub.org\/es\/wp-json\/wp\/v2\/categories?post=21820"},{"taxonomy":"post_tag","embeddable":true,"href":"https:\/\/globalcitieshub.org\/es\/wp-json\/wp\/v2\/tags?post=21820"}],"curies":[{"name":"wp","href":"https:\/\/api.w.org\/{rel}","templated":true}]}}