{"id":18421,"date":"2023-05-04T15:42:32","date_gmt":"2023-05-04T13:42:32","guid":{"rendered":"https:\/\/www.genevacitieshub.org\/?p=18421"},"modified":"2023-05-05T16:05:21","modified_gmt":"2023-05-05T14:05:21","slug":"responding-in-cities-affected-by-war-or-violence","status":"publish","type":"post","link":"https:\/\/globalcitieshub.org\/es\/responding-in-cities-affected-by-war-or-violence\/","title":{"rendered":"Respuesta en ciudades afectadas por la guerra o la violencia"},"content":{"rendered":"<h4 class=\"wp-block-heading has-text-align-center\"><em>Los humanitarios no s\u00f3lo deben trabajar en la ciudad, sino con la ciudad<\/em><\/h4>\n\n\n\n<div style=\"height:58px\" aria-hidden=\"true\" class=\"wp-block-spacer\"><\/div>\n\n\n\n<p>El 4 de mayo de 2023, el Geneva Cities Hub, junto con el <a href=\"https:\/\/www.genevacitieshub.org\/en\/icrc-urban-issues\/\">Comit\u00e9 Internacional de la Cruz Roja (CICR) <\/a>y la Misi\u00f3n de Suiza ante la ONU organizaron un acto presencial en Villa Rigot sobre \"Respuesta a los conflictos armados y la violencia en las ciudades\". El acto reuni\u00f3 a expertos humanitarios y donantes para debatir el acuciante problema de la guerra y la violencia en las ciudades y su impacto en las comunidades urbanas, as\u00ed como el modo en que el personal humanitario debe trabajar en esos contextos.<\/p>\n\n\n\n<p><strong>Charles Deutscher, <\/strong>Asesor pol\u00edtico del CICR y autor del informe \"<a href=\"https:\/\/shop.icrc.org\/present-and-engaged-how-the-icrc-responds-to-armed-conflict-and-violence-in-cities-print-en.html\">Presentes y comprometidos: c\u00f3mo responde el CICR a los conflictos armados y la violencia en las ciudades\"<\/a>En su discurso de clausura de la conferencia, el Secretario General de la ONU destac\u00f3 la importancia de reconocer las distintas necesidades humanitarias que surgen en los entornos urbanos, dada su escala, el n\u00famero de personas afectadas y la experiencia necesaria para operar en estos contextos complejos. Aunque la responsabilidad de reducir el sufrimiento humano incumbe indudablemente a los Estados y a los portadores de armas, los actores humanitarios tienen que adaptar sus respuestas para responder a estas necesidades humanitarias urbanas diferenciadas en el marco de una respuesta multidisciplinar. Tener en cuenta los distintos sistemas urbanos que representan \u00e1mbitos interconectados de la vida urbana - la comunidad, la econom\u00eda, la gobernanza y los servicios - puede contribuir a este fin proporcionando un marco conceptual pr\u00e1ctico para la respuesta humanitaria. Charles insisti\u00f3 tambi\u00e9n en la necesidad de que el sistema humanitario colabore estrechamente con otros actores, incluidas las autoridades locales y el sector privado, para apoyar a las personas y a los sistemas urbanos de los que dependen, sobre todo a largo plazo. A este respecto <strong>Fran\u00e7ois Gr\u00fcnewald,<\/strong> Director de Prospectiva Estrat\u00e9gica de Groupe URD, subraya que las organizaciones humanitarias suelen dudar a la hora de colaborar con los alcaldes, porque se les percibe como actores pol\u00edticos. En consecuencia, se les ha dejado de lado en gran medida. Sin embargo, los alcaldes son actores e interlocutores clave para el personal humanitario que trabaja en una ciudad afectada por la guerra o la violencia.<\/p>\n\n\n\n<p>Por eso se invit\u00f3 a las autoridades locales al acto. <strong>Rashdi Adiong,<\/strong> Director General de la Junta del Agua en Marawi, Filipinas, y <strong>Renan Ferreirinha,<\/strong> Secretario de Educaci\u00f3n de R\u00edo de Janeiro (Brasil), compartieron sus experiencias, arrojando luz sobre los complejos problemas que deben afrontar las ciudades en tiempos de conflicto armado y violencia.<\/p>\n\n\n\n<p>En Marawi, las hostilidades de 2017 obligaron a m\u00e1s de 100.000 civiles a abandonar sus hogares y refugiarse en albergues provisionales gestionados por el Gobierno. El CICR, en colaboraci\u00f3n con la Cruz Roja Filipina, respondi\u00f3, incluso transportando agua en camiones desde la estaci\u00f3n de bombeo principal hasta los refugios transitorios. Sin embargo, esto no fue suficiente para satisfacer las necesidades de los desplazados y de la poblaci\u00f3n urbana restante. As\u00ed pues, las autoridades locales, con la ayuda del CICR y de otros actores humanitarios y de desarrollo, colaboraron para reparar y sustituir las infraestructuras h\u00eddricas da\u00f1adas o destruidas por el conflicto (estaciones de bombeo, tuber\u00edas), restablecer el suministro de agua potable y el funcionamiento del sistema de residuos, y reforzar as\u00ed la resiliencia de la ciudad y de su poblaci\u00f3n en general.<\/p>\n\n\n\n<p>Renan Ferreirinha habl\u00f3 de los retos a los que se enfrenta el sistema educativo de R\u00edo de Janeiro (el mayor sistema municipal de Am\u00e9rica Latina, que atiende a m\u00e1s de 700.000 ni\u00f1os). La violencia urbana interrumpe la prestaci\u00f3n de servicios p\u00fablicos esenciales, como la educaci\u00f3n, al hacer peligroso o imposible que alumnos y profesores acudan a la escuela. En R\u00edo de Janeiro, 60% de las escuelas est\u00e1n situadas en lugares considerados inseguros. En respuesta a esta dif\u00edcil realidad, el gobierno local ha puesto en marcha una metodolog\u00eda de gesti\u00f3n de riesgos (<a href=\"https:\/\/www.icrc.org\/en\/publication\/safer-access-public-essential-services-report\">Marco para un acceso m\u00e1s seguro a los servicios p\u00fablicos esenciales<\/a>) con la ayuda del CICR, para reforzar la resiliencia de las escuelas y ayudarlas a reducir, mitigar y responder a las consecuencias de la exposici\u00f3n a la violencia armada. Por ejemplo, cuando se produce un aumento de la violencia y las amenazas en las proximidades de una escuela, se env\u00eda una notificaci\u00f3n a los directores para que tomen las medidas necesarias para garantizar la seguridad de los alumnos y los profesores y minimizar las interrupciones de la educaci\u00f3n. La metodolog\u00eda ha tenido mucho \u00e9xito y ha permitido reducir considerablemente el cierre de escuelas por violencia armada, y se est\u00e1 ampliando a otras ciudades del pa\u00eds.<\/p>\n\n\n\n<p>El debate que sigui\u00f3 abord\u00f3 los retos a los que se enfrentan los trabajadores humanitarios cuando act\u00faan en ciudades parcial o totalmente destruidas por la guerra: dificultad para aplicar un enfoque verdaderamente multidisciplinar, en colaboraci\u00f3n con las autoridades locales; actuaci\u00f3n en entornos peligrosos con restos explosivos de guerra; asistencia a quienes no se sabe que \"est\u00e1n en la ciudad\" (migrantes indocumentados, personas sin hogar, refugiados no registrados, etc.); enfoques para implicar a los grupos armados; actores humanitarios mal equipados para responder a las necesidades de recuperaci\u00f3n a largo plazo y papel de los actores del desarrollo a ese respecto, en particular en relaci\u00f3n con la resiliencia de los habitantes urbanos.); los enfoques para implicar a los grupos armados; los agentes humanitarios mal equipados para responder a las necesidades de recuperaci\u00f3n a largo plazo y el papel de los agentes de desarrollo a este respecto, en particular en relaci\u00f3n con la resiliencia de los habitantes y el sistema urbanos.<\/p>\n\n\n\n<p>Sin embargo, se ha trabajado mucho sobre la cuesti\u00f3n de la guerra urbana y, a lo largo de los a\u00f1os, se ha acumulado un corpus de conocimientos sobre las operaciones humanitarias en tales contextos. Fran\u00e7ois Gr\u00fcnewald destac\u00f3 las ventajas de un enfoque por zonas para aplicar concretamente el enfoque multidisciplinar.<\/p>\n\n\n\n<p>Las organizaciones humanitarias tendr\u00e1n que seguir compartiendo experiencias en ese \u00e1mbito para responder mejor en entornos urbanos complejos. Y los donantes deber\u00e1n dar prioridad a esta cuesti\u00f3n, ya que las ciudades seguir\u00e1n estando en el centro de los conflictos y la violencia, en un mundo cada d\u00eda m\u00e1s urbanizado. Y lo que es m\u00e1s importante, reducir al m\u00ednimo el tr\u00e1gico coste humano de la guerra y la violencia urbanas depende, en \u00faltima instancia, de los Estados y de los portadores de armas, que deben respetar sus obligaciones en virtud del derecho internacional humanitario y de otros corpus jur\u00eddicos pertinentes.<\/p>","protected":false},"excerpt":{"rendered":"<p>Los trabajadores humanitarios no solo deben trabajar en la ciudad, sino con la ciudad El 4 de mayo de 2023, el Centro de Ciudades de Ginebra, junto con el Comit\u00e9 Internacional de la Cruz Roja (CICR) y la Misi\u00f3n de Suiza ante las Naciones Unidas, organiz\u00f3 un acto presencial en Villa Rigot sobre \"La respuesta a los conflictos armados y la violencia en las ciudades\". El acto ... <\/p>","protected":false},"author":1,"featured_media":18422,"comment_status":"closed","ping_status":"open","sticky":false,"template":"","format":"standard","meta":{"_monsterinsights_skip_tracking":false,"_monsterinsights_sitenote_active":false,"_monsterinsights_sitenote_note":"","_monsterinsights_sitenote_category":0,"footnotes":""},"categories":[142,169],"tags":[],"class_list":["post-18421","post","type-post","status-publish","format-standard","has-post-thumbnail","hentry","category-international-geneva-news","category-past-events"],"yoast_head":"<!-- This site is optimized with the Yoast SEO plugin v27.4 - https:\/\/yoast.com\/product\/yoast-seo-wordpress\/ -->\n<title>Responding in cities affected by war or violence - Global Cities Hub<\/title>\n<meta name=\"description\" content=\"Charles Deutscher is the author of the report \u201cPresent and Engaged: how the ICRC responds to armed conflict and violence in cities\u201d\" \/>\n<meta name=\"robots\" content=\"index, follow, max-snippet:-1, max-image-preview:large, max-video-preview:-1\" \/>\n<link rel=\"canonical\" href=\"https:\/\/globalcitieshub.org\/es\/responding-in-cities-affected-by-war-or-violence\/\" \/>\n<meta property=\"og:locale\" content=\"es_ES\" \/>\n<meta property=\"og:type\" content=\"article\" \/>\n<meta property=\"og:title\" content=\"Responding in cities affected by war or violence - Global Cities Hub\" \/>\n<meta property=\"og:description\" content=\"Charles Deutscher is the author of the report \u201cPresent and Engaged: how the ICRC responds to armed conflict and violence in cities\u201d\" \/>\n<meta property=\"og:url\" content=\"https:\/\/globalcitieshub.org\/es\/responding-in-cities-affected-by-war-or-violence\/\" \/>\n<meta property=\"og:site_name\" content=\"Global Cities Hub\" \/>\n<meta property=\"article:published_time\" content=\"2023-05-04T13:42:32+00:00\" \/>\n<meta property=\"article:modified_time\" content=\"2023-05-05T14:05:21+00:00\" \/>\n<meta property=\"og:image\" content=\"https:\/\/globalcitieshub.org\/wp-content\/uploads\/2023\/05\/News-7.png\" \/>\n\t<meta property=\"og:image:width\" content=\"786\" \/>\n\t<meta property=\"og:image:height\" content=\"524\" \/>\n\t<meta property=\"og:image:type\" content=\"image\/png\" \/>\n<meta name=\"author\" content=\"root_new\" \/>\n<meta name=\"twitter:card\" content=\"summary_large_image\" \/>\n<meta name=\"twitter:creator\" content=\"@genevacitieshub\" \/>\n<meta name=\"twitter:site\" content=\"@genevacitieshub\" \/>\n<meta name=\"twitter:label1\" content=\"Escrito por\" \/>\n\t<meta name=\"twitter:data1\" content=\"root_new\" \/>\n\t<meta name=\"twitter:label2\" content=\"Tiempo de lectura\" \/>\n\t<meta name=\"twitter:data2\" content=\"4 minutos\" \/>\n<script type=\"application\/ld+json\" class=\"yoast-schema-graph\">{\"@context\":\"https:\\\/\\\/schema.org\",\"@graph\":[{\"@type\":\"Article\",\"@id\":\"https:\\\/\\\/globalcitieshub.org\\\/es\\\/responding-in-cities-affected-by-war-or-violence\\\/#article\",\"isPartOf\":{\"@id\":\"https:\\\/\\\/globalcitieshub.org\\\/es\\\/responding-in-cities-affected-by-war-or-violence\\\/\"},\"author\":{\"name\":\"root_new\",\"@id\":\"https:\\\/\\\/globalcitieshub.org\\\/es\\\/#\\\/schema\\\/person\\\/507d9e6bfa91593e51e4b24f8c3efc42\"},\"headline\":\"Responding in cities affected by war or violence\",\"datePublished\":\"2023-05-04T13:42:32+00:00\",\"dateModified\":\"2023-05-05T14:05:21+00:00\",\"mainEntityOfPage\":{\"@id\":\"https:\\\/\\\/globalcitieshub.org\\\/es\\\/responding-in-cities-affected-by-war-or-violence\\\/\"},\"wordCount\":901,\"publisher\":{\"@id\":\"https:\\\/\\\/globalcitieshub.org\\\/es\\\/#organization\"},\"image\":{\"@id\":\"https:\\\/\\\/globalcitieshub.org\\\/es\\\/responding-in-cities-affected-by-war-or-violence\\\/#primaryimage\"},\"thumbnailUrl\":\"https:\\\/\\\/globalcitieshub.org\\\/wp-content\\\/uploads\\\/2023\\\/05\\\/News-7.png\",\"articleSection\":[\"International Geneva News\",\"Past events\"],\"inLanguage\":\"es\"},{\"@type\":\"WebPage\",\"@id\":\"https:\\\/\\\/globalcitieshub.org\\\/es\\\/responding-in-cities-affected-by-war-or-violence\\\/\",\"url\":\"https:\\\/\\\/globalcitieshub.org\\\/es\\\/responding-in-cities-affected-by-war-or-violence\\\/\",\"name\":\"Responding in cities affected by war or violence - Global Cities Hub\",\"isPartOf\":{\"@id\":\"https:\\\/\\\/globalcitieshub.org\\\/es\\\/#website\"},\"primaryImageOfPage\":{\"@id\":\"https:\\\/\\\/globalcitieshub.org\\\/es\\\/responding-in-cities-affected-by-war-or-violence\\\/#primaryimage\"},\"image\":{\"@id\":\"https:\\\/\\\/globalcitieshub.org\\\/es\\\/responding-in-cities-affected-by-war-or-violence\\\/#primaryimage\"},\"thumbnailUrl\":\"https:\\\/\\\/globalcitieshub.org\\\/wp-content\\\/uploads\\\/2023\\\/05\\\/News-7.png\",\"datePublished\":\"2023-05-04T13:42:32+00:00\",\"dateModified\":\"2023-05-05T14:05:21+00:00\",\"description\":\"Charles Deutscher is the author of the report \u201cPresent and Engaged: how the ICRC responds to armed conflict and violence in cities\u201d\",\"inLanguage\":\"es\",\"potentialAction\":[{\"@type\":\"ReadAction\",\"target\":[\"https:\\\/\\\/globalcitieshub.org\\\/es\\\/responding-in-cities-affected-by-war-or-violence\\\/\"]}]},{\"@type\":\"ImageObject\",\"inLanguage\":\"es\",\"@id\":\"https:\\\/\\\/globalcitieshub.org\\\/es\\\/responding-in-cities-affected-by-war-or-violence\\\/#primaryimage\",\"url\":\"https:\\\/\\\/globalcitieshub.org\\\/wp-content\\\/uploads\\\/2023\\\/05\\\/News-7.png\",\"contentUrl\":\"https:\\\/\\\/globalcitieshub.org\\\/wp-content\\\/uploads\\\/2023\\\/05\\\/News-7.png\",\"width\":786,\"height\":524},{\"@type\":\"WebSite\",\"@id\":\"https:\\\/\\\/globalcitieshub.org\\\/es\\\/#website\",\"url\":\"https:\\\/\\\/globalcitieshub.org\\\/es\\\/\",\"name\":\"Global Cities Hub\",\"description\":\"Connecting local and regional governments to the United Nations and other  international organizations\",\"publisher\":{\"@id\":\"https:\\\/\\\/globalcitieshub.org\\\/es\\\/#organization\"},\"potentialAction\":[{\"@type\":\"SearchAction\",\"target\":{\"@type\":\"EntryPoint\",\"urlTemplate\":\"https:\\\/\\\/globalcitieshub.org\\\/es\\\/?s={search_term_string}\"},\"query-input\":{\"@type\":\"PropertyValueSpecification\",\"valueRequired\":true,\"valueName\":\"search_term_string\"}}],\"inLanguage\":\"es\"},{\"@type\":\"Organization\",\"@id\":\"https:\\\/\\\/globalcitieshub.org\\\/es\\\/#organization\",\"name\":\"Global Cities Hub\",\"url\":\"https:\\\/\\\/globalcitieshub.org\\\/es\\\/\",\"logo\":{\"@type\":\"ImageObject\",\"inLanguage\":\"es\",\"@id\":\"https:\\\/\\\/globalcitieshub.org\\\/es\\\/#\\\/schema\\\/logo\\\/image\\\/\",\"url\":\"https:\\\/\\\/globalcitieshub.org\\\/wp-content\\\/uploads\\\/2023\\\/09\\\/230829_Logo_Global_Cities_Hub_Couleur_fond-blanc_RVB.png\",\"contentUrl\":\"https:\\\/\\\/globalcitieshub.org\\\/wp-content\\\/uploads\\\/2023\\\/09\\\/230829_Logo_Global_Cities_Hub_Couleur_fond-blanc_RVB.png\",\"width\":2544,\"height\":1446,\"caption\":\"Global Cities Hub\"},\"image\":{\"@id\":\"https:\\\/\\\/globalcitieshub.org\\\/es\\\/#\\\/schema\\\/logo\\\/image\\\/\"},\"sameAs\":[\"https:\\\/\\\/x.com\\\/genevacitieshub\"]},{\"@type\":\"Person\",\"@id\":\"https:\\\/\\\/globalcitieshub.org\\\/es\\\/#\\\/schema\\\/person\\\/507d9e6bfa91593e51e4b24f8c3efc42\",\"name\":\"root_new\",\"image\":{\"@type\":\"ImageObject\",\"inLanguage\":\"es\",\"@id\":\"https:\\\/\\\/globalcitieshub.org\\\/wp-content\\\/plugins\\\/townhub-add-ons\\\/assets\\\/images\\\/avatar.jpg\",\"url\":\"https:\\\/\\\/globalcitieshub.org\\\/wp-content\\\/plugins\\\/townhub-add-ons\\\/assets\\\/images\\\/avatar.jpg\",\"contentUrl\":\"https:\\\/\\\/globalcitieshub.org\\\/wp-content\\\/plugins\\\/townhub-add-ons\\\/assets\\\/images\\\/avatar.jpg\",\"caption\":\"root_new\"},\"sameAs\":[\"http:\\\/\\\/gch.dev-bulbera.com\"],\"url\":\"https:\\\/\\\/globalcitieshub.org\\\/es\\\/author\\\/root_new\\\/\"}]}<\/script>\n<!-- \/ Yoast SEO plugin. -->","yoast_head_json":{"title":"Respuesta en ciudades afectadas por la guerra o la violencia - Global Cities Hub","description":"Charles Deutscher es autor del informe \"Presentes y comprometidos: c\u00f3mo responde el CICR a los conflictos armados y la violencia en las ciudades\"","robots":{"index":"index","follow":"follow","max-snippet":"max-snippet:-1","max-image-preview":"max-image-preview:large","max-video-preview":"max-video-preview:-1"},"canonical":"https:\/\/globalcitieshub.org\/es\/responding-in-cities-affected-by-war-or-violence\/","og_locale":"es_ES","og_type":"article","og_title":"Responding in cities affected by war or violence - Global Cities Hub","og_description":"Charles Deutscher is the author of the report \u201cPresent and Engaged: how the ICRC responds to armed conflict and violence in cities\u201d","og_url":"https:\/\/globalcitieshub.org\/es\/responding-in-cities-affected-by-war-or-violence\/","og_site_name":"Global Cities Hub","article_published_time":"2023-05-04T13:42:32+00:00","article_modified_time":"2023-05-05T14:05:21+00:00","og_image":[{"width":786,"height":524,"url":"https:\/\/globalcitieshub.org\/wp-content\/uploads\/2023\/05\/News-7.png","type":"image\/png"}],"author":"root_new","twitter_card":"summary_large_image","twitter_creator":"@genevacitieshub","twitter_site":"@genevacitieshub","twitter_misc":{"Escrito por":"root_new","Tiempo de lectura":"4 minutos"},"schema":{"@context":"https:\/\/schema.org","@graph":[{"@type":"Article","@id":"https:\/\/globalcitieshub.org\/es\/responding-in-cities-affected-by-war-or-violence\/#article","isPartOf":{"@id":"https:\/\/globalcitieshub.org\/es\/responding-in-cities-affected-by-war-or-violence\/"},"author":{"name":"root_new","@id":"https:\/\/globalcitieshub.org\/es\/#\/schema\/person\/507d9e6bfa91593e51e4b24f8c3efc42"},"headline":"Responding in cities affected by war or violence","datePublished":"2023-05-04T13:42:32+00:00","dateModified":"2023-05-05T14:05:21+00:00","mainEntityOfPage":{"@id":"https:\/\/globalcitieshub.org\/es\/responding-in-cities-affected-by-war-or-violence\/"},"wordCount":901,"publisher":{"@id":"https:\/\/globalcitieshub.org\/es\/#organization"},"image":{"@id":"https:\/\/globalcitieshub.org\/es\/responding-in-cities-affected-by-war-or-violence\/#primaryimage"},"thumbnailUrl":"https:\/\/globalcitieshub.org\/wp-content\/uploads\/2023\/05\/News-7.png","articleSection":["International Geneva News","Past events"],"inLanguage":"es"},{"@type":"WebPage","@id":"https:\/\/globalcitieshub.org\/es\/responding-in-cities-affected-by-war-or-violence\/","url":"https:\/\/globalcitieshub.org\/es\/responding-in-cities-affected-by-war-or-violence\/","name":"Respuesta en ciudades afectadas por la guerra o la violencia - Global Cities Hub","isPartOf":{"@id":"https:\/\/globalcitieshub.org\/es\/#website"},"primaryImageOfPage":{"@id":"https:\/\/globalcitieshub.org\/es\/responding-in-cities-affected-by-war-or-violence\/#primaryimage"},"image":{"@id":"https:\/\/globalcitieshub.org\/es\/responding-in-cities-affected-by-war-or-violence\/#primaryimage"},"thumbnailUrl":"https:\/\/globalcitieshub.org\/wp-content\/uploads\/2023\/05\/News-7.png","datePublished":"2023-05-04T13:42:32+00:00","dateModified":"2023-05-05T14:05:21+00:00","description":"Charles Deutscher es autor del informe \"Presentes y comprometidos: c\u00f3mo responde el CICR a los conflictos armados y la violencia en las ciudades\"","inLanguage":"es","potentialAction":[{"@type":"ReadAction","target":["https:\/\/globalcitieshub.org\/es\/responding-in-cities-affected-by-war-or-violence\/"]}]},{"@type":"ImageObject","inLanguage":"es","@id":"https:\/\/globalcitieshub.org\/es\/responding-in-cities-affected-by-war-or-violence\/#primaryimage","url":"https:\/\/globalcitieshub.org\/wp-content\/uploads\/2023\/05\/News-7.png","contentUrl":"https:\/\/globalcitieshub.org\/wp-content\/uploads\/2023\/05\/News-7.png","width":786,"height":524},{"@type":"WebSite","@id":"https:\/\/globalcitieshub.org\/es\/#website","url":"https:\/\/globalcitieshub.org\/es\/","name":"Global Cities Hub","description":"Conectar a los gobiernos locales y regionales con las Naciones Unidas y otras organizaciones internacionales.","publisher":{"@id":"https:\/\/globalcitieshub.org\/es\/#organization"},"potentialAction":[{"@type":"SearchAction","target":{"@type":"EntryPoint","urlTemplate":"https:\/\/globalcitieshub.org\/es\/?s={search_term_string}"},"query-input":{"@type":"PropertyValueSpecification","valueRequired":true,"valueName":"search_term_string"}}],"inLanguage":"es"},{"@type":"Organization","@id":"https:\/\/globalcitieshub.org\/es\/#organization","name":"Global Cities Hub","url":"https:\/\/globalcitieshub.org\/es\/","logo":{"@type":"ImageObject","inLanguage":"es","@id":"https:\/\/globalcitieshub.org\/es\/#\/schema\/logo\/image\/","url":"https:\/\/globalcitieshub.org\/wp-content\/uploads\/2023\/09\/230829_Logo_Global_Cities_Hub_Couleur_fond-blanc_RVB.png","contentUrl":"https:\/\/globalcitieshub.org\/wp-content\/uploads\/2023\/09\/230829_Logo_Global_Cities_Hub_Couleur_fond-blanc_RVB.png","width":2544,"height":1446,"caption":"Global Cities Hub"},"image":{"@id":"https:\/\/globalcitieshub.org\/es\/#\/schema\/logo\/image\/"},"sameAs":["https:\/\/x.com\/genevacitieshub"]},{"@type":"Person","@id":"https:\/\/globalcitieshub.org\/es\/#\/schema\/person\/507d9e6bfa91593e51e4b24f8c3efc42","name":"raiz_nueva","image":{"@type":"ImageObject","inLanguage":"es","@id":"https:\/\/globalcitieshub.org\/wp-content\/plugins\/townhub-add-ons\/assets\/images\/avatar.jpg","url":"https:\/\/globalcitieshub.org\/wp-content\/plugins\/townhub-add-ons\/assets\/images\/avatar.jpg","contentUrl":"https:\/\/globalcitieshub.org\/wp-content\/plugins\/townhub-add-ons\/assets\/images\/avatar.jpg","caption":"root_new"},"sameAs":["http:\/\/gch.dev-bulbera.com"],"url":"https:\/\/globalcitieshub.org\/es\/author\/root_new\/"}]}},"_links":{"self":[{"href":"https:\/\/globalcitieshub.org\/es\/wp-json\/wp\/v2\/posts\/18421","targetHints":{"allow":["GET"]}}],"collection":[{"href":"https:\/\/globalcitieshub.org\/es\/wp-json\/wp\/v2\/posts"}],"about":[{"href":"https:\/\/globalcitieshub.org\/es\/wp-json\/wp\/v2\/types\/post"}],"author":[{"embeddable":true,"href":"https:\/\/globalcitieshub.org\/es\/wp-json\/wp\/v2\/users\/1"}],"replies":[{"embeddable":true,"href":"https:\/\/globalcitieshub.org\/es\/wp-json\/wp\/v2\/comments?post=18421"}],"version-history":[{"count":6,"href":"https:\/\/globalcitieshub.org\/es\/wp-json\/wp\/v2\/posts\/18421\/revisions"}],"predecessor-version":[{"id":18430,"href":"https:\/\/globalcitieshub.org\/es\/wp-json\/wp\/v2\/posts\/18421\/revisions\/18430"}],"wp:featuredmedia":[{"embeddable":true,"href":"https:\/\/globalcitieshub.org\/es\/wp-json\/wp\/v2\/media\/18422"}],"wp:attachment":[{"href":"https:\/\/globalcitieshub.org\/es\/wp-json\/wp\/v2\/media?parent=18421"}],"wp:term":[{"taxonomy":"category","embeddable":true,"href":"https:\/\/globalcitieshub.org\/es\/wp-json\/wp\/v2\/categories?post=18421"},{"taxonomy":"post_tag","embeddable":true,"href":"https:\/\/globalcitieshub.org\/es\/wp-json\/wp\/v2\/tags?post=18421"}],"curies":[{"name":"wp","href":"https:\/\/api.w.org\/{rel}","templated":true}]}}