{"id":17122,"date":"2022-06-29T09:27:00","date_gmt":"2022-06-29T07:27:00","guid":{"rendered":"https:\/\/www.genevacitieshub.org\/?p=17122"},"modified":"2022-07-11T09:40:45","modified_gmt":"2022-07-11T07:40:45","slug":"urban-resilience-is-essential-in-the-context-of-armed-violence","status":"publish","type":"post","link":"https:\/\/globalcitieshub.org\/es\/urban-resilience-is-essential-in-the-context-of-armed-violence\/","title":{"rendered":"La resiliencia urbana es esencial en el contexto de la violencia armada"},"content":{"rendered":"<p>El 29 de junio de 2022, la ciudad de R\u00edo de Janeiro, la <a href=\"https:\/\/www.genevacitieshub.org\/en\/icrc-urban-issues\/\">Comit\u00e9 Internacional de la Cruz Roja<\/a> (CICR) y el Centro de Ciudades de Ginebra (GCH) organizaron conjuntamente el evento \"Voces de las Ciudades\" en el marco del 11<sup>th<\/sup> Foro Urbano Mundial celebrado en Katowice, Polonia (26-30 de junio de 2022). El evento se centr\u00f3 en el concepto de resiliencia urbana en el contexto de la violencia armada.<\/p>\n\n\n\n<p>La violencia armada afecta a muchas ciudades de todo el mundo, interrumpiendo as\u00ed la prestaci\u00f3n de servicios p\u00fablicos esenciales, como escuelas o centros sanitarios. Es el caso de la ciudad de R\u00edo de Janeiro (Brasil), que a menudo ha visto c\u00f3mo algunas de sus escuelas cerraban temporalmente tras incidentes de violencia armada.<\/p>\n\n\n\n<p>El evento mostr\u00f3 los beneficios de la <a href=\"https:\/\/www.icrc.org\/en\/document\/safer-access-public-services-program\">Programa de acceso m\u00e1s seguro a los servicios p\u00fablicos esenciales<\/a> aplicado por el municipio de R\u00edo de Janeiro, en estrecha colaboraci\u00f3n con el CICR. Inspirado en la metodolog\u00eda desarrollada para mejorar el acceso y la aceptaci\u00f3n de las Sociedades Nacionales de la Cruz Roja y la Media Luna Roja, el Programa de Acceso Seguro ha sido adaptado por el CICR en contextos urbanos, para garantizar la resistencia de los servicios p\u00fablicos prestados por las autoridades municipales. Su objetivo es reducir, mitigar y responder a las consecuencias de la exposici\u00f3n a entornos de violencia armada. La metodolog\u00eda propone mecanismos de an\u00e1lisis del contexto y del riesgo, de tratamiento del riesgo y de gesti\u00f3n de las crisis y del estr\u00e9s.<\/p>\n\n\n<div class=\"wp-block-image\">\n<figure class=\"aligncenter size-full\"><img fetchpriority=\"high\" decoding=\"async\" width=\"929\" height=\"697\" src=\"https:\/\/www.genevacitieshub.org\/wp-content\/uploads\/2022\/07\/5.jpg\" alt=\"\" class=\"wp-image-17124\"\/><figcaption>Anh Thu Duong, codirectora de Geneva Cities Hub, moder\u00f3 el acto<\/figcaption><\/figure>\n<\/div>\n\n\n<p>El impacto del Programa de Acceso Seguro a los Servicios P\u00fablicos Esenciales ha sido muy concreto, con una reducci\u00f3n de 40% en el n\u00famero de escuelas cerradas por la violencia armada en los \u00faltimos a\u00f1os. Adem\u00e1s, no s\u00f3lo est\u00e1 beneficiando a los estudiantes, sino a la sociedad en general, ayudando a fomentar la igualdad, en particular en las zonas urbanas menos privilegiadas, al mantener abiertas las instituciones educativas y permitir que los padres y los profesores sigan trabajando. El impacto de los servicios p\u00fablicos resilientes es esencial para alcanzar los Objetivos de Desarrollo Sostenible (ODS) en muchos \u00e1mbitos, como la salud, la educaci\u00f3n, pero tambi\u00e9n en la lucha contra la pobreza, el acceso al agua y el saneamiento, el apoyo al trabajo decente y el crecimiento econ\u00f3mico, etc.&nbsp;<\/p>\n\n\n\n<p>El CICR ya ha ampliado el programa a otras ciudades de Brasil y Colombia y est\u00e1 dispuesto a apoyar a otras ciudades que se enfrentan a retos similares para que tambi\u00e9n empiecen a aplicar el <a href=\"https:\/\/www.icrc.org\/en\/document\/safer-access-public-services-program\">Programa de acceso m\u00e1s seguro a los servicios p\u00fablicos esenciales<\/a> y as\u00ed alcanzar los objetivos de la Nueva Agenda Urbana y otros marcos internacionales, como los ODS.<\/p>","protected":false},"excerpt":{"rendered":"<p>El 29 de junio de 2022, la ciudad de R\u00edo de Janeiro, el Comit\u00e9 Internacional de la Cruz Roja (CICR) y el Geneva Cities Hub (GCH) coorganizaron un evento \"Voces de las ciudades\" en el marco del 11\u00ba Foro Urbano Mundial celebrado en Katowice, Polonia (26-30 de junio de 2022). El evento se centr\u00f3 en el concepto de resiliencia urbana ... <\/p>","protected":false},"author":1,"featured_media":17123,"comment_status":"closed","ping_status":"open","sticky":false,"template":"","format":"standard","meta":{"_monsterinsights_skip_tracking":false,"_monsterinsights_sitenote_active":false,"_monsterinsights_sitenote_note":"","_monsterinsights_sitenote_category":0,"footnotes":""},"categories":[1,169],"tags":[],"class_list":["post-17122","post","type-post","status-publish","format-standard","has-post-thumbnail","hentry","category-news","category-past-events"],"yoast_head":"<!-- This site is optimized with the Yoast SEO plugin v27.5 - https:\/\/yoast.com\/product\/yoast-seo-wordpress\/ -->\n<title>Urban resilience is essential in the context of armed violence - Global Cities Hub<\/title>\n<meta name=\"description\" content=\"Armed violence affects many cities worldwide, thereby disrupting the provision of essential public services, such as schools or healthcare centres.\" \/>\n<meta name=\"robots\" content=\"index, follow, max-snippet:-1, max-image-preview:large, max-video-preview:-1\" \/>\n<link rel=\"canonical\" href=\"https:\/\/globalcitieshub.org\/es\/urban-resilience-is-essential-in-the-context-of-armed-violence\/\" \/>\n<meta property=\"og:locale\" content=\"es_ES\" \/>\n<meta property=\"og:type\" content=\"article\" \/>\n<meta property=\"og:title\" content=\"Urban resilience is essential in the context of armed violence - Global Cities Hub\" \/>\n<meta property=\"og:description\" content=\"Armed violence affects many cities worldwide, thereby disrupting the provision of essential public services, such as schools or healthcare centres.\" \/>\n<meta property=\"og:url\" content=\"https:\/\/globalcitieshub.org\/es\/urban-resilience-is-essential-in-the-context-of-armed-violence\/\" \/>\n<meta property=\"og:site_name\" content=\"Global Cities Hub\" \/>\n<meta property=\"article:published_time\" content=\"2022-06-29T07:27:00+00:00\" \/>\n<meta property=\"article:modified_time\" content=\"2022-07-11T07:40:45+00:00\" \/>\n<meta property=\"og:image\" content=\"https:\/\/globalcitieshub.org\/wp-content\/uploads\/2022\/07\/WUF_ICRC-News.png\" \/>\n\t<meta property=\"og:image:width\" content=\"786\" \/>\n\t<meta property=\"og:image:height\" content=\"524\" \/>\n\t<meta property=\"og:image:type\" content=\"image\/png\" \/>\n<meta name=\"author\" content=\"root_new\" \/>\n<meta name=\"twitter:card\" content=\"summary_large_image\" \/>\n<meta name=\"twitter:creator\" content=\"@genevacitieshub\" \/>\n<meta name=\"twitter:site\" content=\"@genevacitieshub\" \/>\n<meta name=\"twitter:label1\" content=\"Escrito por\" \/>\n\t<meta name=\"twitter:data1\" content=\"root_new\" \/>\n\t<meta name=\"twitter:label2\" content=\"Tiempo de lectura\" \/>\n\t<meta name=\"twitter:data2\" content=\"2 minutos\" \/>\n<script type=\"application\/ld+json\" class=\"yoast-schema-graph\">{\"@context\":\"https:\\\/\\\/schema.org\",\"@graph\":[{\"@type\":\"Article\",\"@id\":\"https:\\\/\\\/globalcitieshub.org\\\/es\\\/urban-resilience-is-essential-in-the-context-of-armed-violence\\\/#article\",\"isPartOf\":{\"@id\":\"https:\\\/\\\/globalcitieshub.org\\\/es\\\/urban-resilience-is-essential-in-the-context-of-armed-violence\\\/\"},\"author\":{\"name\":\"root_new\",\"@id\":\"https:\\\/\\\/globalcitieshub.org\\\/es\\\/#\\\/schema\\\/person\\\/507d9e6bfa91593e51e4b24f8c3efc42\"},\"headline\":\"Urban resilience is essential in the context of armed violence\",\"datePublished\":\"2022-06-29T07:27:00+00:00\",\"dateModified\":\"2022-07-11T07:40:45+00:00\",\"mainEntityOfPage\":{\"@id\":\"https:\\\/\\\/globalcitieshub.org\\\/es\\\/urban-resilience-is-essential-in-the-context-of-armed-violence\\\/\"},\"wordCount\":395,\"publisher\":{\"@id\":\"https:\\\/\\\/globalcitieshub.org\\\/es\\\/#organization\"},\"image\":{\"@id\":\"https:\\\/\\\/globalcitieshub.org\\\/es\\\/urban-resilience-is-essential-in-the-context-of-armed-violence\\\/#primaryimage\"},\"thumbnailUrl\":\"https:\\\/\\\/globalcitieshub.org\\\/wp-content\\\/uploads\\\/2022\\\/07\\\/WUF_ICRC-News.png\",\"articleSection\":[\"News\",\"Past events\"],\"inLanguage\":\"es\"},{\"@type\":\"WebPage\",\"@id\":\"https:\\\/\\\/globalcitieshub.org\\\/es\\\/urban-resilience-is-essential-in-the-context-of-armed-violence\\\/\",\"url\":\"https:\\\/\\\/globalcitieshub.org\\\/es\\\/urban-resilience-is-essential-in-the-context-of-armed-violence\\\/\",\"name\":\"Urban resilience is essential in the context of armed violence - Global Cities Hub\",\"isPartOf\":{\"@id\":\"https:\\\/\\\/globalcitieshub.org\\\/es\\\/#website\"},\"primaryImageOfPage\":{\"@id\":\"https:\\\/\\\/globalcitieshub.org\\\/es\\\/urban-resilience-is-essential-in-the-context-of-armed-violence\\\/#primaryimage\"},\"image\":{\"@id\":\"https:\\\/\\\/globalcitieshub.org\\\/es\\\/urban-resilience-is-essential-in-the-context-of-armed-violence\\\/#primaryimage\"},\"thumbnailUrl\":\"https:\\\/\\\/globalcitieshub.org\\\/wp-content\\\/uploads\\\/2022\\\/07\\\/WUF_ICRC-News.png\",\"datePublished\":\"2022-06-29T07:27:00+00:00\",\"dateModified\":\"2022-07-11T07:40:45+00:00\",\"description\":\"Armed violence affects many cities worldwide, thereby disrupting the provision of essential public services, such as schools or healthcare centres.\",\"inLanguage\":\"es\",\"potentialAction\":[{\"@type\":\"ReadAction\",\"target\":[\"https:\\\/\\\/globalcitieshub.org\\\/es\\\/urban-resilience-is-essential-in-the-context-of-armed-violence\\\/\"]}]},{\"@type\":\"ImageObject\",\"inLanguage\":\"es\",\"@id\":\"https:\\\/\\\/globalcitieshub.org\\\/es\\\/urban-resilience-is-essential-in-the-context-of-armed-violence\\\/#primaryimage\",\"url\":\"https:\\\/\\\/globalcitieshub.org\\\/wp-content\\\/uploads\\\/2022\\\/07\\\/WUF_ICRC-News.png\",\"contentUrl\":\"https:\\\/\\\/globalcitieshub.org\\\/wp-content\\\/uploads\\\/2022\\\/07\\\/WUF_ICRC-News.png\",\"width\":786,\"height\":524},{\"@type\":\"WebSite\",\"@id\":\"https:\\\/\\\/globalcitieshub.org\\\/es\\\/#website\",\"url\":\"https:\\\/\\\/globalcitieshub.org\\\/es\\\/\",\"name\":\"Global Cities Hub\",\"description\":\"Connecting local and regional governments to the United Nations and other  international organizations\",\"publisher\":{\"@id\":\"https:\\\/\\\/globalcitieshub.org\\\/es\\\/#organization\"},\"potentialAction\":[{\"@type\":\"SearchAction\",\"target\":{\"@type\":\"EntryPoint\",\"urlTemplate\":\"https:\\\/\\\/globalcitieshub.org\\\/es\\\/?s={search_term_string}\"},\"query-input\":{\"@type\":\"PropertyValueSpecification\",\"valueRequired\":true,\"valueName\":\"search_term_string\"}}],\"inLanguage\":\"es\"},{\"@type\":\"Organization\",\"@id\":\"https:\\\/\\\/globalcitieshub.org\\\/es\\\/#organization\",\"name\":\"Global Cities Hub\",\"url\":\"https:\\\/\\\/globalcitieshub.org\\\/es\\\/\",\"logo\":{\"@type\":\"ImageObject\",\"inLanguage\":\"es\",\"@id\":\"https:\\\/\\\/globalcitieshub.org\\\/es\\\/#\\\/schema\\\/logo\\\/image\\\/\",\"url\":\"https:\\\/\\\/globalcitieshub.org\\\/wp-content\\\/uploads\\\/2023\\\/09\\\/230829_Logo_Global_Cities_Hub_Couleur_fond-blanc_RVB.png\",\"contentUrl\":\"https:\\\/\\\/globalcitieshub.org\\\/wp-content\\\/uploads\\\/2023\\\/09\\\/230829_Logo_Global_Cities_Hub_Couleur_fond-blanc_RVB.png\",\"width\":2544,\"height\":1446,\"caption\":\"Global Cities Hub\"},\"image\":{\"@id\":\"https:\\\/\\\/globalcitieshub.org\\\/es\\\/#\\\/schema\\\/logo\\\/image\\\/\"},\"sameAs\":[\"https:\\\/\\\/x.com\\\/genevacitieshub\"]},{\"@type\":\"Person\",\"@id\":\"https:\\\/\\\/globalcitieshub.org\\\/es\\\/#\\\/schema\\\/person\\\/507d9e6bfa91593e51e4b24f8c3efc42\",\"name\":\"root_new\",\"image\":{\"@type\":\"ImageObject\",\"inLanguage\":\"es\",\"@id\":\"https:\\\/\\\/globalcitieshub.org\\\/wp-content\\\/plugins\\\/townhub-add-ons\\\/assets\\\/images\\\/avatar.jpg\",\"url\":\"https:\\\/\\\/globalcitieshub.org\\\/wp-content\\\/plugins\\\/townhub-add-ons\\\/assets\\\/images\\\/avatar.jpg\",\"contentUrl\":\"https:\\\/\\\/globalcitieshub.org\\\/wp-content\\\/plugins\\\/townhub-add-ons\\\/assets\\\/images\\\/avatar.jpg\",\"caption\":\"root_new\"},\"sameAs\":[\"http:\\\/\\\/gch.dev-bulbera.com\"],\"url\":\"https:\\\/\\\/globalcitieshub.org\\\/es\\\/author\\\/root_new\\\/\"}]}<\/script>\n<!-- \/ Yoast SEO plugin. -->","yoast_head_json":{"title":"La resiliencia urbana es esencial en un contexto de violencia armada - Global Cities Hub","description":"La violencia armada afecta a muchas ciudades de todo el mundo, interrumpiendo as\u00ed la prestaci\u00f3n de servicios p\u00fablicos esenciales, como escuelas o centros sanitarios.","robots":{"index":"index","follow":"follow","max-snippet":"max-snippet:-1","max-image-preview":"max-image-preview:large","max-video-preview":"max-video-preview:-1"},"canonical":"https:\/\/globalcitieshub.org\/es\/urban-resilience-is-essential-in-the-context-of-armed-violence\/","og_locale":"es_ES","og_type":"article","og_title":"Urban resilience is essential in the context of armed violence - Global Cities Hub","og_description":"Armed violence affects many cities worldwide, thereby disrupting the provision of essential public services, such as schools or healthcare centres.","og_url":"https:\/\/globalcitieshub.org\/es\/urban-resilience-is-essential-in-the-context-of-armed-violence\/","og_site_name":"Global Cities Hub","article_published_time":"2022-06-29T07:27:00+00:00","article_modified_time":"2022-07-11T07:40:45+00:00","og_image":[{"width":786,"height":524,"url":"https:\/\/globalcitieshub.org\/wp-content\/uploads\/2022\/07\/WUF_ICRC-News.png","type":"image\/png"}],"author":"root_new","twitter_card":"summary_large_image","twitter_creator":"@genevacitieshub","twitter_site":"@genevacitieshub","twitter_misc":{"Escrito por":"root_new","Tiempo de lectura":"2 minutos"},"schema":{"@context":"https:\/\/schema.org","@graph":[{"@type":"Article","@id":"https:\/\/globalcitieshub.org\/es\/urban-resilience-is-essential-in-the-context-of-armed-violence\/#article","isPartOf":{"@id":"https:\/\/globalcitieshub.org\/es\/urban-resilience-is-essential-in-the-context-of-armed-violence\/"},"author":{"name":"root_new","@id":"https:\/\/globalcitieshub.org\/es\/#\/schema\/person\/507d9e6bfa91593e51e4b24f8c3efc42"},"headline":"Urban resilience is essential in the context of armed violence","datePublished":"2022-06-29T07:27:00+00:00","dateModified":"2022-07-11T07:40:45+00:00","mainEntityOfPage":{"@id":"https:\/\/globalcitieshub.org\/es\/urban-resilience-is-essential-in-the-context-of-armed-violence\/"},"wordCount":395,"publisher":{"@id":"https:\/\/globalcitieshub.org\/es\/#organization"},"image":{"@id":"https:\/\/globalcitieshub.org\/es\/urban-resilience-is-essential-in-the-context-of-armed-violence\/#primaryimage"},"thumbnailUrl":"https:\/\/globalcitieshub.org\/wp-content\/uploads\/2022\/07\/WUF_ICRC-News.png","articleSection":["News","Past events"],"inLanguage":"es"},{"@type":"WebPage","@id":"https:\/\/globalcitieshub.org\/es\/urban-resilience-is-essential-in-the-context-of-armed-violence\/","url":"https:\/\/globalcitieshub.org\/es\/urban-resilience-is-essential-in-the-context-of-armed-violence\/","name":"La resiliencia urbana es esencial en un contexto de violencia armada - Global Cities Hub","isPartOf":{"@id":"https:\/\/globalcitieshub.org\/es\/#website"},"primaryImageOfPage":{"@id":"https:\/\/globalcitieshub.org\/es\/urban-resilience-is-essential-in-the-context-of-armed-violence\/#primaryimage"},"image":{"@id":"https:\/\/globalcitieshub.org\/es\/urban-resilience-is-essential-in-the-context-of-armed-violence\/#primaryimage"},"thumbnailUrl":"https:\/\/globalcitieshub.org\/wp-content\/uploads\/2022\/07\/WUF_ICRC-News.png","datePublished":"2022-06-29T07:27:00+00:00","dateModified":"2022-07-11T07:40:45+00:00","description":"La violencia armada afecta a muchas ciudades de todo el mundo, interrumpiendo as\u00ed la prestaci\u00f3n de servicios p\u00fablicos esenciales, como escuelas o centros sanitarios.","inLanguage":"es","potentialAction":[{"@type":"ReadAction","target":["https:\/\/globalcitieshub.org\/es\/urban-resilience-is-essential-in-the-context-of-armed-violence\/"]}]},{"@type":"ImageObject","inLanguage":"es","@id":"https:\/\/globalcitieshub.org\/es\/urban-resilience-is-essential-in-the-context-of-armed-violence\/#primaryimage","url":"https:\/\/globalcitieshub.org\/wp-content\/uploads\/2022\/07\/WUF_ICRC-News.png","contentUrl":"https:\/\/globalcitieshub.org\/wp-content\/uploads\/2022\/07\/WUF_ICRC-News.png","width":786,"height":524},{"@type":"WebSite","@id":"https:\/\/globalcitieshub.org\/es\/#website","url":"https:\/\/globalcitieshub.org\/es\/","name":"Global Cities Hub","description":"Conectar a los gobiernos locales y regionales con las Naciones Unidas y otras organizaciones internacionales.","publisher":{"@id":"https:\/\/globalcitieshub.org\/es\/#organization"},"potentialAction":[{"@type":"SearchAction","target":{"@type":"EntryPoint","urlTemplate":"https:\/\/globalcitieshub.org\/es\/?s={search_term_string}"},"query-input":{"@type":"PropertyValueSpecification","valueRequired":true,"valueName":"search_term_string"}}],"inLanguage":"es"},{"@type":"Organization","@id":"https:\/\/globalcitieshub.org\/es\/#organization","name":"Global Cities Hub","url":"https:\/\/globalcitieshub.org\/es\/","logo":{"@type":"ImageObject","inLanguage":"es","@id":"https:\/\/globalcitieshub.org\/es\/#\/schema\/logo\/image\/","url":"https:\/\/globalcitieshub.org\/wp-content\/uploads\/2023\/09\/230829_Logo_Global_Cities_Hub_Couleur_fond-blanc_RVB.png","contentUrl":"https:\/\/globalcitieshub.org\/wp-content\/uploads\/2023\/09\/230829_Logo_Global_Cities_Hub_Couleur_fond-blanc_RVB.png","width":2544,"height":1446,"caption":"Global Cities Hub"},"image":{"@id":"https:\/\/globalcitieshub.org\/es\/#\/schema\/logo\/image\/"},"sameAs":["https:\/\/x.com\/genevacitieshub"]},{"@type":"Person","@id":"https:\/\/globalcitieshub.org\/es\/#\/schema\/person\/507d9e6bfa91593e51e4b24f8c3efc42","name":"raiz_nueva","image":{"@type":"ImageObject","inLanguage":"es","@id":"https:\/\/globalcitieshub.org\/wp-content\/plugins\/townhub-add-ons\/assets\/images\/avatar.jpg","url":"https:\/\/globalcitieshub.org\/wp-content\/plugins\/townhub-add-ons\/assets\/images\/avatar.jpg","contentUrl":"https:\/\/globalcitieshub.org\/wp-content\/plugins\/townhub-add-ons\/assets\/images\/avatar.jpg","caption":"root_new"},"sameAs":["http:\/\/gch.dev-bulbera.com"],"url":"https:\/\/globalcitieshub.org\/es\/author\/root_new\/"}]}},"_links":{"self":[{"href":"https:\/\/globalcitieshub.org\/es\/wp-json\/wp\/v2\/posts\/17122","targetHints":{"allow":["GET"]}}],"collection":[{"href":"https:\/\/globalcitieshub.org\/es\/wp-json\/wp\/v2\/posts"}],"about":[{"href":"https:\/\/globalcitieshub.org\/es\/wp-json\/wp\/v2\/types\/post"}],"author":[{"embeddable":true,"href":"https:\/\/globalcitieshub.org\/es\/wp-json\/wp\/v2\/users\/1"}],"replies":[{"embeddable":true,"href":"https:\/\/globalcitieshub.org\/es\/wp-json\/wp\/v2\/comments?post=17122"}],"version-history":[{"count":3,"href":"https:\/\/globalcitieshub.org\/es\/wp-json\/wp\/v2\/posts\/17122\/revisions"}],"predecessor-version":[{"id":17128,"href":"https:\/\/globalcitieshub.org\/es\/wp-json\/wp\/v2\/posts\/17122\/revisions\/17128"}],"wp:featuredmedia":[{"embeddable":true,"href":"https:\/\/globalcitieshub.org\/es\/wp-json\/wp\/v2\/media\/17123"}],"wp:attachment":[{"href":"https:\/\/globalcitieshub.org\/es\/wp-json\/wp\/v2\/media?parent=17122"}],"wp:term":[{"taxonomy":"category","embeddable":true,"href":"https:\/\/globalcitieshub.org\/es\/wp-json\/wp\/v2\/categories?post=17122"},{"taxonomy":"post_tag","embeddable":true,"href":"https:\/\/globalcitieshub.org\/es\/wp-json\/wp\/v2\/tags?post=17122"}],"curies":[{"name":"wp","href":"https:\/\/api.w.org\/{rel}","templated":true}]}}