{"id":17108,"date":"2022-07-02T11:05:00","date_gmt":"2022-07-02T09:05:00","guid":{"rendered":"https:\/\/www.genevacitieshub.org\/?p=17108"},"modified":"2022-07-07T13:14:53","modified_gmt":"2022-07-07T11:14:53","slug":"a-first-cop-of-cities-to-reaffirm-cities-crucial-role-in-addressing-climate-change","status":"publish","type":"post","link":"https:\/\/globalcitieshub.org\/es\/a-first-cop-of-cities-to-reaffirm-cities-crucial-role-in-addressing-climate-change\/","title":{"rendered":"Una primera COP de ciudades para reafirmar el papel crucial de las ciudades en la lucha contra el cambio clim\u00e1tico"},"content":{"rendered":"<p>Los d\u00edas 1 y 2 de julio de 2022, la ciudad de Abijan y el <a href=\"https:\/\/www.genevacitieshub.org\/en\/international-association-of-francophone-mayors\/\">Asociaci\u00f3n Internacional de Maestros Franc\u00f3fonos<\/a> organiz\u00f3 una primera \"COP de las ciudades\" dedicada al cambio clim\u00e1tico, antes de <a href=\"https:\/\/cop27.eg\/\" target=\"_blank\" rel=\"noreferrer noopener\">COP27<\/a> que se celebrar\u00e1 en noviembre de 2022 en Egipto. En esa ocasi\u00f3n, alcaldes de los cinco continentes se reunieron para reafirmar su compromiso y el papel crucial de las ciudades en la lucha contra el cambio clim\u00e1tico.<\/p>\n\n\n\n<p>En Abijan, los alcaldes se comprometieron a: <\/p>\n\n\n\n<ul class=\"wp-block-list\"><li>acelerar la aplicaci\u00f3n de sus planes de acci\u00f3n clim\u00e1tica y el desarrollo de estrategias de adaptaci\u00f3n para mitigar y reducir el impacto del cambio clim\u00e1tico<\/li><li>seguir compartiendo sus buenas pr\u00e1cticas a nivel internacional<\/li><li>desarrollar soluciones basadas en la naturaleza e invertir en energ\u00edas renovables y en la gesti\u00f3n sostenible de los recursos<\/li><li>informar de sus progresos y presentarlos en la COP27 de Egipto.<\/li><\/ul>\n\n\n\n<p><\/p>\n\n\n\n<p>Los alcaldes tambi\u00e9n pidieron a los Estados que cooperen con los entes locales y regionales para elaborar y aplicar las Contribuciones Determinadas a Nivel Nacional (CDN) del Acuerdo de Par\u00eds, que reconozcan el importante papel de las ciudades para lograr el desarrollo sostenible y que apoyen la inversi\u00f3n en proyectos municipales respetuosos con el clima. De hecho, en primera l\u00ednea de las crisis medioambientales, las ciudades de todo el mundo pidieron a los Estados que les proporcionaran los medios para actuar r\u00e1pidamente ante la emergencia clim\u00e1tica.<\/p>\n\n\n\n<div style=\"height:41px\" aria-hidden=\"true\" class=\"wp-block-spacer\"><\/div>\n\n\n\n<div class=\"wp-block-buttons is-layout-flex wp-block-buttons-is-layout-flex\">\n<div class=\"wp-block-button aligncenter is-style-fill\"><a class=\"wp-block-button__link has-white-color has-vivid-red-background-color has-text-color has-background\" href=\"\" target=\"_blank\" rel=\"noreferrer noopener\">Lea la Declaraci\u00f3n (en franc\u00e9s)<\/a><\/div>\n<\/div>","protected":false},"excerpt":{"rendered":"<p>Los d\u00edas 1 y 2 de julio de 2022, la ciudad de Abiy\u00e1n y la Association Internationale des Maires Francophones coorganizaron una primera \"COP de ciudades\" dedicada al cambio clim\u00e1tico, antes de la COP27 que se celebrar\u00e1 en noviembre de 2022 en Egipto. En esta ocasi\u00f3n, alcaldes de los cinco continentes se reunieron para reafirmar su compromiso y el papel crucial de las ciudades ... <\/p>","protected":false},"author":1,"featured_media":17109,"comment_status":"closed","ping_status":"open","sticky":false,"template":"","format":"standard","meta":{"_monsterinsights_skip_tracking":false,"_monsterinsights_sitenote_active":false,"_monsterinsights_sitenote_note":"","_monsterinsights_sitenote_category":0,"footnotes":""},"categories":[1,141],"tags":[],"class_list":["post-17108","post","type-post","status-publish","format-standard","has-post-thumbnail","hentry","category-news","category-others"],"yoast_head":"<!-- This site is optimized with the Yoast SEO plugin v27.4 - https:\/\/yoast.com\/product\/yoast-seo-wordpress\/ -->\n<title>A first COP of cities to reaffirm cities\u2019 crucial role in addressing climate change - Global Cities Hub<\/title>\n<meta name=\"description\" content=\"On 1-2 July 2022, the city of Abijan and the Association Internationale des Maires Francophones co-organized a first \u201cCOP of cities\u201d\" \/>\n<meta name=\"robots\" content=\"index, follow, max-snippet:-1, max-image-preview:large, max-video-preview:-1\" \/>\n<link rel=\"canonical\" href=\"https:\/\/globalcitieshub.org\/es\/a-first-cop-of-cities-to-reaffirm-cities-crucial-role-in-addressing-climate-change\/\" \/>\n<meta property=\"og:locale\" content=\"es_ES\" \/>\n<meta property=\"og:type\" content=\"article\" \/>\n<meta property=\"og:title\" content=\"A first COP of cities to reaffirm cities\u2019 crucial role in addressing climate change - Global Cities Hub\" \/>\n<meta property=\"og:description\" content=\"On 1-2 July 2022, the city of Abijan and the Association Internationale des Maires Francophones co-organized a first \u201cCOP of cities\u201d\" \/>\n<meta property=\"og:url\" content=\"https:\/\/globalcitieshub.org\/es\/a-first-cop-of-cities-to-reaffirm-cities-crucial-role-in-addressing-climate-change\/\" \/>\n<meta property=\"og:site_name\" content=\"Global Cities Hub\" \/>\n<meta property=\"article:published_time\" content=\"2022-07-02T09:05:00+00:00\" \/>\n<meta property=\"article:modified_time\" content=\"2022-07-07T11:14:53+00:00\" \/>\n<meta property=\"og:image\" content=\"https:\/\/globalcitieshub.org\/wp-content\/uploads\/2022\/07\/COP-des-villes-News.png\" \/>\n\t<meta property=\"og:image:width\" content=\"786\" \/>\n\t<meta property=\"og:image:height\" content=\"524\" \/>\n\t<meta property=\"og:image:type\" content=\"image\/png\" \/>\n<meta name=\"author\" content=\"root_new\" \/>\n<meta name=\"twitter:card\" content=\"summary_large_image\" \/>\n<meta name=\"twitter:creator\" content=\"@genevacitieshub\" \/>\n<meta name=\"twitter:site\" content=\"@genevacitieshub\" \/>\n<meta name=\"twitter:label1\" content=\"Escrito por\" \/>\n\t<meta name=\"twitter:data1\" content=\"root_new\" \/>\n\t<meta name=\"twitter:label2\" content=\"Tiempo de lectura\" \/>\n\t<meta name=\"twitter:data2\" content=\"1 minuto\" \/>\n<script type=\"application\/ld+json\" class=\"yoast-schema-graph\">{\"@context\":\"https:\\\/\\\/schema.org\",\"@graph\":[{\"@type\":\"Article\",\"@id\":\"https:\\\/\\\/globalcitieshub.org\\\/es\\\/a-first-cop-of-cities-to-reaffirm-cities-crucial-role-in-addressing-climate-change\\\/#article\",\"isPartOf\":{\"@id\":\"https:\\\/\\\/globalcitieshub.org\\\/es\\\/a-first-cop-of-cities-to-reaffirm-cities-crucial-role-in-addressing-climate-change\\\/\"},\"author\":{\"name\":\"root_new\",\"@id\":\"https:\\\/\\\/globalcitieshub.org\\\/es\\\/#\\\/schema\\\/person\\\/507d9e6bfa91593e51e4b24f8c3efc42\"},\"headline\":\"A first COP of cities to reaffirm cities\u2019 crucial role in addressing climate change\",\"datePublished\":\"2022-07-02T09:05:00+00:00\",\"dateModified\":\"2022-07-07T11:14:53+00:00\",\"mainEntityOfPage\":{\"@id\":\"https:\\\/\\\/globalcitieshub.org\\\/es\\\/a-first-cop-of-cities-to-reaffirm-cities-crucial-role-in-addressing-climate-change\\\/\"},\"wordCount\":211,\"publisher\":{\"@id\":\"https:\\\/\\\/globalcitieshub.org\\\/es\\\/#organization\"},\"image\":{\"@id\":\"https:\\\/\\\/globalcitieshub.org\\\/es\\\/a-first-cop-of-cities-to-reaffirm-cities-crucial-role-in-addressing-climate-change\\\/#primaryimage\"},\"thumbnailUrl\":\"https:\\\/\\\/globalcitieshub.org\\\/wp-content\\\/uploads\\\/2022\\\/07\\\/COP-des-villes-News.png\",\"articleSection\":[\"News\",\"Others\"],\"inLanguage\":\"es\"},{\"@type\":\"WebPage\",\"@id\":\"https:\\\/\\\/globalcitieshub.org\\\/es\\\/a-first-cop-of-cities-to-reaffirm-cities-crucial-role-in-addressing-climate-change\\\/\",\"url\":\"https:\\\/\\\/globalcitieshub.org\\\/es\\\/a-first-cop-of-cities-to-reaffirm-cities-crucial-role-in-addressing-climate-change\\\/\",\"name\":\"A first COP of cities to reaffirm cities\u2019 crucial role in addressing climate change - Global Cities Hub\",\"isPartOf\":{\"@id\":\"https:\\\/\\\/globalcitieshub.org\\\/es\\\/#website\"},\"primaryImageOfPage\":{\"@id\":\"https:\\\/\\\/globalcitieshub.org\\\/es\\\/a-first-cop-of-cities-to-reaffirm-cities-crucial-role-in-addressing-climate-change\\\/#primaryimage\"},\"image\":{\"@id\":\"https:\\\/\\\/globalcitieshub.org\\\/es\\\/a-first-cop-of-cities-to-reaffirm-cities-crucial-role-in-addressing-climate-change\\\/#primaryimage\"},\"thumbnailUrl\":\"https:\\\/\\\/globalcitieshub.org\\\/wp-content\\\/uploads\\\/2022\\\/07\\\/COP-des-villes-News.png\",\"datePublished\":\"2022-07-02T09:05:00+00:00\",\"dateModified\":\"2022-07-07T11:14:53+00:00\",\"description\":\"On 1-2 July 2022, the city of Abijan and the Association Internationale des Maires Francophones co-organized a first \u201cCOP of cities\u201d\",\"inLanguage\":\"es\",\"potentialAction\":[{\"@type\":\"ReadAction\",\"target\":[\"https:\\\/\\\/globalcitieshub.org\\\/es\\\/a-first-cop-of-cities-to-reaffirm-cities-crucial-role-in-addressing-climate-change\\\/\"]}]},{\"@type\":\"ImageObject\",\"inLanguage\":\"es\",\"@id\":\"https:\\\/\\\/globalcitieshub.org\\\/es\\\/a-first-cop-of-cities-to-reaffirm-cities-crucial-role-in-addressing-climate-change\\\/#primaryimage\",\"url\":\"https:\\\/\\\/globalcitieshub.org\\\/wp-content\\\/uploads\\\/2022\\\/07\\\/COP-des-villes-News.png\",\"contentUrl\":\"https:\\\/\\\/globalcitieshub.org\\\/wp-content\\\/uploads\\\/2022\\\/07\\\/COP-des-villes-News.png\",\"width\":786,\"height\":524},{\"@type\":\"WebSite\",\"@id\":\"https:\\\/\\\/globalcitieshub.org\\\/es\\\/#website\",\"url\":\"https:\\\/\\\/globalcitieshub.org\\\/es\\\/\",\"name\":\"Global Cities Hub\",\"description\":\"Connecting local and regional governments to the United Nations and other  international organizations\",\"publisher\":{\"@id\":\"https:\\\/\\\/globalcitieshub.org\\\/es\\\/#organization\"},\"potentialAction\":[{\"@type\":\"SearchAction\",\"target\":{\"@type\":\"EntryPoint\",\"urlTemplate\":\"https:\\\/\\\/globalcitieshub.org\\\/es\\\/?s={search_term_string}\"},\"query-input\":{\"@type\":\"PropertyValueSpecification\",\"valueRequired\":true,\"valueName\":\"search_term_string\"}}],\"inLanguage\":\"es\"},{\"@type\":\"Organization\",\"@id\":\"https:\\\/\\\/globalcitieshub.org\\\/es\\\/#organization\",\"name\":\"Global Cities Hub\",\"url\":\"https:\\\/\\\/globalcitieshub.org\\\/es\\\/\",\"logo\":{\"@type\":\"ImageObject\",\"inLanguage\":\"es\",\"@id\":\"https:\\\/\\\/globalcitieshub.org\\\/es\\\/#\\\/schema\\\/logo\\\/image\\\/\",\"url\":\"https:\\\/\\\/globalcitieshub.org\\\/wp-content\\\/uploads\\\/2023\\\/09\\\/230829_Logo_Global_Cities_Hub_Couleur_fond-blanc_RVB.png\",\"contentUrl\":\"https:\\\/\\\/globalcitieshub.org\\\/wp-content\\\/uploads\\\/2023\\\/09\\\/230829_Logo_Global_Cities_Hub_Couleur_fond-blanc_RVB.png\",\"width\":2544,\"height\":1446,\"caption\":\"Global Cities Hub\"},\"image\":{\"@id\":\"https:\\\/\\\/globalcitieshub.org\\\/es\\\/#\\\/schema\\\/logo\\\/image\\\/\"},\"sameAs\":[\"https:\\\/\\\/x.com\\\/genevacitieshub\"]},{\"@type\":\"Person\",\"@id\":\"https:\\\/\\\/globalcitieshub.org\\\/es\\\/#\\\/schema\\\/person\\\/507d9e6bfa91593e51e4b24f8c3efc42\",\"name\":\"root_new\",\"image\":{\"@type\":\"ImageObject\",\"inLanguage\":\"es\",\"@id\":\"https:\\\/\\\/globalcitieshub.org\\\/wp-content\\\/plugins\\\/townhub-add-ons\\\/assets\\\/images\\\/avatar.jpg\",\"url\":\"https:\\\/\\\/globalcitieshub.org\\\/wp-content\\\/plugins\\\/townhub-add-ons\\\/assets\\\/images\\\/avatar.jpg\",\"contentUrl\":\"https:\\\/\\\/globalcitieshub.org\\\/wp-content\\\/plugins\\\/townhub-add-ons\\\/assets\\\/images\\\/avatar.jpg\",\"caption\":\"root_new\"},\"sameAs\":[\"http:\\\/\\\/gch.dev-bulbera.com\"],\"url\":\"https:\\\/\\\/globalcitieshub.org\\\/es\\\/author\\\/root_new\\\/\"}]}<\/script>\n<!-- \/ Yoast SEO plugin. -->","yoast_head_json":{"title":"La primera Conferencia de las Ciudades reafirma el papel crucial de las ciudades en la lucha contra el cambio clim\u00e1tico - Global Cities Hub","description":"Los d\u00edas 1 y 2 de julio de 2022, la ciudad de Abiy\u00e1n y la Association Internationale des Maires Francophones coorganizaron una primera \"COP de ciudades\".","robots":{"index":"index","follow":"follow","max-snippet":"max-snippet:-1","max-image-preview":"max-image-preview:large","max-video-preview":"max-video-preview:-1"},"canonical":"https:\/\/globalcitieshub.org\/es\/a-first-cop-of-cities-to-reaffirm-cities-crucial-role-in-addressing-climate-change\/","og_locale":"es_ES","og_type":"article","og_title":"A first COP of cities to reaffirm cities\u2019 crucial role in addressing climate change - Global Cities Hub","og_description":"On 1-2 July 2022, the city of Abijan and the Association Internationale des Maires Francophones co-organized a first \u201cCOP of cities\u201d","og_url":"https:\/\/globalcitieshub.org\/es\/a-first-cop-of-cities-to-reaffirm-cities-crucial-role-in-addressing-climate-change\/","og_site_name":"Global Cities Hub","article_published_time":"2022-07-02T09:05:00+00:00","article_modified_time":"2022-07-07T11:14:53+00:00","og_image":[{"width":786,"height":524,"url":"https:\/\/globalcitieshub.org\/wp-content\/uploads\/2022\/07\/COP-des-villes-News.png","type":"image\/png"}],"author":"root_new","twitter_card":"summary_large_image","twitter_creator":"@genevacitieshub","twitter_site":"@genevacitieshub","twitter_misc":{"Escrito por":"root_new","Tiempo de lectura":"1 minuto"},"schema":{"@context":"https:\/\/schema.org","@graph":[{"@type":"Article","@id":"https:\/\/globalcitieshub.org\/es\/a-first-cop-of-cities-to-reaffirm-cities-crucial-role-in-addressing-climate-change\/#article","isPartOf":{"@id":"https:\/\/globalcitieshub.org\/es\/a-first-cop-of-cities-to-reaffirm-cities-crucial-role-in-addressing-climate-change\/"},"author":{"name":"root_new","@id":"https:\/\/globalcitieshub.org\/es\/#\/schema\/person\/507d9e6bfa91593e51e4b24f8c3efc42"},"headline":"A first COP of cities to reaffirm cities\u2019 crucial role in addressing climate change","datePublished":"2022-07-02T09:05:00+00:00","dateModified":"2022-07-07T11:14:53+00:00","mainEntityOfPage":{"@id":"https:\/\/globalcitieshub.org\/es\/a-first-cop-of-cities-to-reaffirm-cities-crucial-role-in-addressing-climate-change\/"},"wordCount":211,"publisher":{"@id":"https:\/\/globalcitieshub.org\/es\/#organization"},"image":{"@id":"https:\/\/globalcitieshub.org\/es\/a-first-cop-of-cities-to-reaffirm-cities-crucial-role-in-addressing-climate-change\/#primaryimage"},"thumbnailUrl":"https:\/\/globalcitieshub.org\/wp-content\/uploads\/2022\/07\/COP-des-villes-News.png","articleSection":["News","Others"],"inLanguage":"es"},{"@type":"WebPage","@id":"https:\/\/globalcitieshub.org\/es\/a-first-cop-of-cities-to-reaffirm-cities-crucial-role-in-addressing-climate-change\/","url":"https:\/\/globalcitieshub.org\/es\/a-first-cop-of-cities-to-reaffirm-cities-crucial-role-in-addressing-climate-change\/","name":"La primera Conferencia de las Ciudades reafirma el papel crucial de las ciudades en la lucha contra el cambio clim\u00e1tico - Global Cities Hub","isPartOf":{"@id":"https:\/\/globalcitieshub.org\/es\/#website"},"primaryImageOfPage":{"@id":"https:\/\/globalcitieshub.org\/es\/a-first-cop-of-cities-to-reaffirm-cities-crucial-role-in-addressing-climate-change\/#primaryimage"},"image":{"@id":"https:\/\/globalcitieshub.org\/es\/a-first-cop-of-cities-to-reaffirm-cities-crucial-role-in-addressing-climate-change\/#primaryimage"},"thumbnailUrl":"https:\/\/globalcitieshub.org\/wp-content\/uploads\/2022\/07\/COP-des-villes-News.png","datePublished":"2022-07-02T09:05:00+00:00","dateModified":"2022-07-07T11:14:53+00:00","description":"Los d\u00edas 1 y 2 de julio de 2022, la ciudad de Abiy\u00e1n y la Association Internationale des Maires Francophones coorganizaron una primera \"COP de ciudades\".","inLanguage":"es","potentialAction":[{"@type":"ReadAction","target":["https:\/\/globalcitieshub.org\/es\/a-first-cop-of-cities-to-reaffirm-cities-crucial-role-in-addressing-climate-change\/"]}]},{"@type":"ImageObject","inLanguage":"es","@id":"https:\/\/globalcitieshub.org\/es\/a-first-cop-of-cities-to-reaffirm-cities-crucial-role-in-addressing-climate-change\/#primaryimage","url":"https:\/\/globalcitieshub.org\/wp-content\/uploads\/2022\/07\/COP-des-villes-News.png","contentUrl":"https:\/\/globalcitieshub.org\/wp-content\/uploads\/2022\/07\/COP-des-villes-News.png","width":786,"height":524},{"@type":"WebSite","@id":"https:\/\/globalcitieshub.org\/es\/#website","url":"https:\/\/globalcitieshub.org\/es\/","name":"Global Cities Hub","description":"Conectar a los gobiernos locales y regionales con las Naciones Unidas y otras organizaciones internacionales.","publisher":{"@id":"https:\/\/globalcitieshub.org\/es\/#organization"},"potentialAction":[{"@type":"SearchAction","target":{"@type":"EntryPoint","urlTemplate":"https:\/\/globalcitieshub.org\/es\/?s={search_term_string}"},"query-input":{"@type":"PropertyValueSpecification","valueRequired":true,"valueName":"search_term_string"}}],"inLanguage":"es"},{"@type":"Organization","@id":"https:\/\/globalcitieshub.org\/es\/#organization","name":"Global Cities Hub","url":"https:\/\/globalcitieshub.org\/es\/","logo":{"@type":"ImageObject","inLanguage":"es","@id":"https:\/\/globalcitieshub.org\/es\/#\/schema\/logo\/image\/","url":"https:\/\/globalcitieshub.org\/wp-content\/uploads\/2023\/09\/230829_Logo_Global_Cities_Hub_Couleur_fond-blanc_RVB.png","contentUrl":"https:\/\/globalcitieshub.org\/wp-content\/uploads\/2023\/09\/230829_Logo_Global_Cities_Hub_Couleur_fond-blanc_RVB.png","width":2544,"height":1446,"caption":"Global Cities Hub"},"image":{"@id":"https:\/\/globalcitieshub.org\/es\/#\/schema\/logo\/image\/"},"sameAs":["https:\/\/x.com\/genevacitieshub"]},{"@type":"Person","@id":"https:\/\/globalcitieshub.org\/es\/#\/schema\/person\/507d9e6bfa91593e51e4b24f8c3efc42","name":"raiz_nueva","image":{"@type":"ImageObject","inLanguage":"es","@id":"https:\/\/globalcitieshub.org\/wp-content\/plugins\/townhub-add-ons\/assets\/images\/avatar.jpg","url":"https:\/\/globalcitieshub.org\/wp-content\/plugins\/townhub-add-ons\/assets\/images\/avatar.jpg","contentUrl":"https:\/\/globalcitieshub.org\/wp-content\/plugins\/townhub-add-ons\/assets\/images\/avatar.jpg","caption":"root_new"},"sameAs":["http:\/\/gch.dev-bulbera.com"],"url":"https:\/\/globalcitieshub.org\/es\/author\/root_new\/"}]}},"_links":{"self":[{"href":"https:\/\/globalcitieshub.org\/es\/wp-json\/wp\/v2\/posts\/17108","targetHints":{"allow":["GET"]}}],"collection":[{"href":"https:\/\/globalcitieshub.org\/es\/wp-json\/wp\/v2\/posts"}],"about":[{"href":"https:\/\/globalcitieshub.org\/es\/wp-json\/wp\/v2\/types\/post"}],"author":[{"embeddable":true,"href":"https:\/\/globalcitieshub.org\/es\/wp-json\/wp\/v2\/users\/1"}],"replies":[{"embeddable":true,"href":"https:\/\/globalcitieshub.org\/es\/wp-json\/wp\/v2\/comments?post=17108"}],"version-history":[{"count":2,"href":"https:\/\/globalcitieshub.org\/es\/wp-json\/wp\/v2\/posts\/17108\/revisions"}],"predecessor-version":[{"id":17114,"href":"https:\/\/globalcitieshub.org\/es\/wp-json\/wp\/v2\/posts\/17108\/revisions\/17114"}],"wp:featuredmedia":[{"embeddable":true,"href":"https:\/\/globalcitieshub.org\/es\/wp-json\/wp\/v2\/media\/17109"}],"wp:attachment":[{"href":"https:\/\/globalcitieshub.org\/es\/wp-json\/wp\/v2\/media?parent=17108"}],"wp:term":[{"taxonomy":"category","embeddable":true,"href":"https:\/\/globalcitieshub.org\/es\/wp-json\/wp\/v2\/categories?post=17108"},{"taxonomy":"post_tag","embeddable":true,"href":"https:\/\/globalcitieshub.org\/es\/wp-json\/wp\/v2\/tags?post=17108"}],"curies":[{"name":"wp","href":"https:\/\/api.w.org\/{rel}","templated":true}]}}