{"id":13368,"date":"2021-09-20T08:05:00","date_gmt":"2021-09-20T06:05:00","guid":{"rendered":"https:\/\/www.genevacitieshub.org\/?p=13368"},"modified":"2022-02-23T15:48:34","modified_gmt":"2022-02-23T14:48:34","slug":"mayors-action-platform","status":"publish","type":"post","link":"https:\/\/globalcitieshub.org\/es\/mayors-action-platform\/","title":{"rendered":"El Geneva Cities Hub lanza la Mayors\u2019 Action Platform"},"content":{"rendered":"<p><strong>El 20 de septiembre de 2021<\/strong>, el Geneva Cities Hub lanza la Mayors\u2019 Action Platform (MAP).<\/p>\n\n\n\n<p><br>Creado bajo los auspicios de <a href=\"https:\/\/www.genevacitieshub.org\/en\/un-economic-commission-for-europe\/\">UNECE <\/a>y <a href=\"https:\/\/www.genevacitieshub.org\/en\/un-habitat\/\">UN-HABITAT<\/a>, esta iniciativa se cre\u00f3 para dar seguimiento a la <a href=\"https:\/\/forumofmayors.unece.org\/declaration.html\" target=\"_blank\" rel=\"noreferrer noopener\">Geneva Declaration of Mayors.<\/a><\/p>\n\n\n\n<p><br>Los objetivos de la plataforma son dos:<\/p>\n\n\n\n<p><\/p>\n\n\n\n<ul class=\"wp-block-list\"><li>mostrar acciones y soluciones concretas concebidas por las ciudades para abordar los problemas contemplados en la Geneva Declaration of Mayors<\/li><li>crear un espacio seguro para que los alcaldes y su administraci\u00f3n intercambien entre s\u00ed<\/li><\/ul>\n\n\n\n<p><br>Se trata de una plataforma en la que los alcaldes pueden publicar sus propias historias de \u00e9xito, leer las mejores pr\u00e1cticas de otros municipios y ponerse en contacto a trav\u00e9s del chat integrado.<\/p>\n\n\n\n<p><\/p>\n\n\n\n<p><\/p>\n\n\n\n<h5 class=\"wp-block-heading\"><strong>Acerca de la Declaration of Mayors<\/strong><\/h5>\n\n\n\n<p><\/p>\n\n\n\n<p><\/p>\n\n\n\n<p>En 2020, el <a href=\"https:\/\/forumofmayors.unece.org\/index.html\" target=\"_blank\" rel=\"noreferrer noopener\">primer Forum of Mayors<\/a> permiti\u00f3 a los alcaldes de la regi\u00f3n de la CEPE compartir c\u00f3mo hacen que sus ciudades sean m\u00e1s resistentes, centr\u00e1ndose en Covid-19 y el cambio clim\u00e1tico. El Foro culmin\u00f3 con la adopci\u00f3n de la Geneva Declaration of Mayors, en virtud de la cual los alcaldes se comprometieron a:<\/p>\n\n\n\n<p><\/p>\n\n\n\n<ul class=\"wp-block-list\"><li>reforzar la resistencia de nuestras ciudades<\/li><li>tomar medidas clim\u00e1ticas ambiciosas<\/li><li>hacer nuestras ciudades m\u00e1s verdes<\/li><li>acelerar la transici\u00f3n a la energ\u00eda sostenible<\/li><li>garantizar la sostenibilidad del transporte urbano<\/li><li>garantizar que la vivienda sea asequible, saludable y adecuada<\/li><li>hacer que las ciudades sean m\u00e1s equitativas e inclusivas<\/li><\/ul>\n\n\n\n<p><br>El Geneva Cities Hub cre\u00f3 la MAP para apoyar a los alcaldes en su aplicaci\u00f3n de la Declaration of Mayors<\/p>\n\n\n\n<p><\/p>\n\n\n\n<p><a href=\"https:\/\/www.genevacitieshub.org\/wp-content\/uploads\/2021\/09\/MAP-Infographic.pdf\" target=\"_blank\" rel=\"noreferrer noopener\">F<\/a><strong><a href=\"https:\/\/www.genevacitieshub.org\/wp-content\/uploads\/2021\/09\/MAP-Infographic.pdf\" target=\"_blank\" rel=\"noreferrer noopener\">M\u00e1s informaci\u00f3n sobre el funcionamiento del MAP<\/a>.<\/strong><\/p>\n\n\n\n<p><\/p>\n\n\n\n<figure class=\"wp-block-gallery has-nested-images columns-default is-cropped wp-block-gallery-1 is-layout-flex wp-block-gallery-is-layout-flex\">\n<figure class=\"wp-block-image size-large\"><img fetchpriority=\"high\" decoding=\"async\" width=\"721\" height=\"1024\" data-id=\"13384\" src=\"https:\/\/www.genevacitieshub.org\/wp-content\/uploads\/2021\/09\/1Flyer-721x1024.png\" alt=\"\" class=\"wp-image-13384\"\/><\/figure>\n\n\n\n<figure class=\"wp-block-image size-large\"><img decoding=\"async\" width=\"724\" height=\"1024\" data-id=\"13365\" src=\"https:\/\/www.genevacitieshub.org\/wp-content\/uploads\/2021\/09\/Flyer2-724x1024.png\" alt=\"\" class=\"wp-image-13365\"\/><\/figure>\n<\/figure>","protected":false},"excerpt":{"rendered":"<p>El 20 de septiembre de 2021, el Geneva Cities Hub lanzar\u00e1 la Mayors\u2019 Action Platform (MAP). Creada bajo los auspicios de la CEPE y ONU-H\u00e1bitat, esta iniciativa fue creada para dar seguimiento a la Geneva Declaration of Mayors. Los objetivos de la plataforma son dos: mostrar acciones y soluciones concretas ideadas por las ciudades para abordar los problemas ... <\/p>","protected":false},"author":1,"featured_media":13651,"comment_status":"closed","ping_status":"open","sticky":false,"template":"","format":"standard","meta":{"_monsterinsights_skip_tracking":false,"_monsterinsights_sitenote_active":false,"_monsterinsights_sitenote_note":"","_monsterinsights_sitenote_category":0,"footnotes":""},"categories":[1,141],"tags":[],"class_list":["post-13368","post","type-post","status-publish","format-standard","has-post-thumbnail","hentry","category-news","category-others"],"yoast_head":"<!-- This site is optimized with the Yoast SEO plugin v27.5 - https:\/\/yoast.com\/product\/yoast-seo-wordpress\/ -->\n<title>The Geneva Cities Hub launches the Mayors\u2019 Action Platform! - Global Cities Hub<\/title>\n<meta name=\"description\" content=\"The Geneva Cities Hub is launching the Mayor&#039;s Action Platform!\" \/>\n<meta name=\"robots\" content=\"index, follow, max-snippet:-1, max-image-preview:large, max-video-preview:-1\" \/>\n<link rel=\"canonical\" href=\"https:\/\/globalcitieshub.org\/es\/mayors-action-platform\/\" \/>\n<meta property=\"og:locale\" content=\"es_ES\" \/>\n<meta property=\"og:type\" content=\"article\" \/>\n<meta property=\"og:title\" content=\"The Geneva Cities Hub launches the Mayors\u2019 Action Platform! - Global Cities Hub\" \/>\n<meta property=\"og:description\" content=\"The Geneva Cities Hub is launching the Mayor&#039;s Action Platform!\" \/>\n<meta property=\"og:url\" content=\"https:\/\/globalcitieshub.org\/es\/mayors-action-platform\/\" \/>\n<meta property=\"og:site_name\" content=\"Global Cities Hub\" \/>\n<meta property=\"article:published_time\" content=\"2021-09-20T06:05:00+00:00\" \/>\n<meta property=\"article:modified_time\" content=\"2022-02-23T14:48:34+00:00\" \/>\n<meta property=\"og:image\" content=\"https:\/\/globalcitieshub.org\/wp-content\/uploads\/2021\/09\/Launch_MAP_News.png\" \/>\n\t<meta property=\"og:image:width\" content=\"786\" \/>\n\t<meta property=\"og:image:height\" content=\"524\" \/>\n\t<meta property=\"og:image:type\" content=\"image\/png\" \/>\n<meta name=\"author\" content=\"root_new\" \/>\n<meta name=\"twitter:card\" content=\"summary_large_image\" \/>\n<meta name=\"twitter:creator\" content=\"@genevacitieshub\" \/>\n<meta name=\"twitter:site\" content=\"@genevacitieshub\" \/>\n<meta name=\"twitter:label1\" content=\"Escrito por\" \/>\n\t<meta name=\"twitter:data1\" content=\"root_new\" \/>\n\t<meta name=\"twitter:label2\" content=\"Tiempo de lectura\" \/>\n\t<meta name=\"twitter:data2\" content=\"2 minutos\" \/>\n<script type=\"application\/ld+json\" class=\"yoast-schema-graph\">{\"@context\":\"https:\\\/\\\/schema.org\",\"@graph\":[{\"@type\":\"Article\",\"@id\":\"https:\\\/\\\/globalcitieshub.org\\\/es\\\/mayors-action-platform\\\/#article\",\"isPartOf\":{\"@id\":\"https:\\\/\\\/globalcitieshub.org\\\/es\\\/mayors-action-platform\\\/\"},\"author\":{\"name\":\"root_new\",\"@id\":\"https:\\\/\\\/globalcitieshub.org\\\/es\\\/#\\\/schema\\\/person\\\/507d9e6bfa91593e51e4b24f8c3efc42\"},\"headline\":\"The Geneva Cities Hub launches the Mayors\u2019 Action Platform!\",\"datePublished\":\"2021-09-20T06:05:00+00:00\",\"dateModified\":\"2022-02-23T14:48:34+00:00\",\"mainEntityOfPage\":{\"@id\":\"https:\\\/\\\/globalcitieshub.org\\\/es\\\/mayors-action-platform\\\/\"},\"wordCount\":224,\"publisher\":{\"@id\":\"https:\\\/\\\/globalcitieshub.org\\\/es\\\/#organization\"},\"image\":{\"@id\":\"https:\\\/\\\/globalcitieshub.org\\\/es\\\/mayors-action-platform\\\/#primaryimage\"},\"thumbnailUrl\":\"https:\\\/\\\/globalcitieshub.org\\\/wp-content\\\/uploads\\\/2021\\\/09\\\/Launch_MAP_News.png\",\"articleSection\":[\"News\",\"Others\"],\"inLanguage\":\"es\"},{\"@type\":\"WebPage\",\"@id\":\"https:\\\/\\\/globalcitieshub.org\\\/es\\\/mayors-action-platform\\\/\",\"url\":\"https:\\\/\\\/globalcitieshub.org\\\/es\\\/mayors-action-platform\\\/\",\"name\":\"The Geneva Cities Hub launches the Mayors\u2019 Action Platform! - Global Cities Hub\",\"isPartOf\":{\"@id\":\"https:\\\/\\\/globalcitieshub.org\\\/es\\\/#website\"},\"primaryImageOfPage\":{\"@id\":\"https:\\\/\\\/globalcitieshub.org\\\/es\\\/mayors-action-platform\\\/#primaryimage\"},\"image\":{\"@id\":\"https:\\\/\\\/globalcitieshub.org\\\/es\\\/mayors-action-platform\\\/#primaryimage\"},\"thumbnailUrl\":\"https:\\\/\\\/globalcitieshub.org\\\/wp-content\\\/uploads\\\/2021\\\/09\\\/Launch_MAP_News.png\",\"datePublished\":\"2021-09-20T06:05:00+00:00\",\"dateModified\":\"2022-02-23T14:48:34+00:00\",\"description\":\"The Geneva Cities Hub is launching the Mayor's Action Platform!\",\"inLanguage\":\"es\",\"potentialAction\":[{\"@type\":\"ReadAction\",\"target\":[\"https:\\\/\\\/globalcitieshub.org\\\/es\\\/mayors-action-platform\\\/\"]}]},{\"@type\":\"ImageObject\",\"inLanguage\":\"es\",\"@id\":\"https:\\\/\\\/globalcitieshub.org\\\/es\\\/mayors-action-platform\\\/#primaryimage\",\"url\":\"https:\\\/\\\/globalcitieshub.org\\\/wp-content\\\/uploads\\\/2021\\\/09\\\/Launch_MAP_News.png\",\"contentUrl\":\"https:\\\/\\\/globalcitieshub.org\\\/wp-content\\\/uploads\\\/2021\\\/09\\\/Launch_MAP_News.png\",\"width\":786,\"height\":524},{\"@type\":\"WebSite\",\"@id\":\"https:\\\/\\\/globalcitieshub.org\\\/es\\\/#website\",\"url\":\"https:\\\/\\\/globalcitieshub.org\\\/es\\\/\",\"name\":\"Global Cities Hub\",\"description\":\"Connecting local and regional governments to the United Nations and other  international organizations\",\"publisher\":{\"@id\":\"https:\\\/\\\/globalcitieshub.org\\\/es\\\/#organization\"},\"potentialAction\":[{\"@type\":\"SearchAction\",\"target\":{\"@type\":\"EntryPoint\",\"urlTemplate\":\"https:\\\/\\\/globalcitieshub.org\\\/es\\\/?s={search_term_string}\"},\"query-input\":{\"@type\":\"PropertyValueSpecification\",\"valueRequired\":true,\"valueName\":\"search_term_string\"}}],\"inLanguage\":\"es\"},{\"@type\":\"Organization\",\"@id\":\"https:\\\/\\\/globalcitieshub.org\\\/es\\\/#organization\",\"name\":\"Global Cities Hub\",\"url\":\"https:\\\/\\\/globalcitieshub.org\\\/es\\\/\",\"logo\":{\"@type\":\"ImageObject\",\"inLanguage\":\"es\",\"@id\":\"https:\\\/\\\/globalcitieshub.org\\\/es\\\/#\\\/schema\\\/logo\\\/image\\\/\",\"url\":\"https:\\\/\\\/globalcitieshub.org\\\/wp-content\\\/uploads\\\/2023\\\/09\\\/230829_Logo_Global_Cities_Hub_Couleur_fond-blanc_RVB.png\",\"contentUrl\":\"https:\\\/\\\/globalcitieshub.org\\\/wp-content\\\/uploads\\\/2023\\\/09\\\/230829_Logo_Global_Cities_Hub_Couleur_fond-blanc_RVB.png\",\"width\":2544,\"height\":1446,\"caption\":\"Global Cities Hub\"},\"image\":{\"@id\":\"https:\\\/\\\/globalcitieshub.org\\\/es\\\/#\\\/schema\\\/logo\\\/image\\\/\"},\"sameAs\":[\"https:\\\/\\\/x.com\\\/genevacitieshub\"]},{\"@type\":\"Person\",\"@id\":\"https:\\\/\\\/globalcitieshub.org\\\/es\\\/#\\\/schema\\\/person\\\/507d9e6bfa91593e51e4b24f8c3efc42\",\"name\":\"root_new\",\"image\":{\"@type\":\"ImageObject\",\"inLanguage\":\"es\",\"@id\":\"https:\\\/\\\/globalcitieshub.org\\\/wp-content\\\/plugins\\\/townhub-add-ons\\\/assets\\\/images\\\/avatar.jpg\",\"url\":\"https:\\\/\\\/globalcitieshub.org\\\/wp-content\\\/plugins\\\/townhub-add-ons\\\/assets\\\/images\\\/avatar.jpg\",\"contentUrl\":\"https:\\\/\\\/globalcitieshub.org\\\/wp-content\\\/plugins\\\/townhub-add-ons\\\/assets\\\/images\\\/avatar.jpg\",\"caption\":\"root_new\"},\"sameAs\":[\"http:\\\/\\\/gch.dev-bulbera.com\"],\"url\":\"https:\\\/\\\/globalcitieshub.org\\\/es\\\/author\\\/root_new\\\/\"}]}<\/script>\n<!-- \/ Yoast SEO plugin. -->","yoast_head_json":{"title":"El Centro de Ciudades de Ginebra lanza la Plataforma de Acci\u00f3n de los Alcaldes - Centro Mundial de las Ciudades","description":"El Centro de Ciudades de Ginebra lanza la Plataforma de Acci\u00f3n del Alcalde.","robots":{"index":"index","follow":"follow","max-snippet":"max-snippet:-1","max-image-preview":"max-image-preview:large","max-video-preview":"max-video-preview:-1"},"canonical":"https:\/\/globalcitieshub.org\/es\/mayors-action-platform\/","og_locale":"es_ES","og_type":"article","og_title":"The Geneva Cities Hub launches the Mayors\u2019 Action Platform! - Global Cities Hub","og_description":"The Geneva Cities Hub is launching the Mayor's Action Platform!","og_url":"https:\/\/globalcitieshub.org\/es\/mayors-action-platform\/","og_site_name":"Global Cities Hub","article_published_time":"2021-09-20T06:05:00+00:00","article_modified_time":"2022-02-23T14:48:34+00:00","og_image":[{"width":786,"height":524,"url":"https:\/\/globalcitieshub.org\/wp-content\/uploads\/2021\/09\/Launch_MAP_News.png","type":"image\/png"}],"author":"root_new","twitter_card":"summary_large_image","twitter_creator":"@genevacitieshub","twitter_site":"@genevacitieshub","twitter_misc":{"Escrito por":"root_new","Tiempo de lectura":"2 minutos"},"schema":{"@context":"https:\/\/schema.org","@graph":[{"@type":"Article","@id":"https:\/\/globalcitieshub.org\/es\/mayors-action-platform\/#article","isPartOf":{"@id":"https:\/\/globalcitieshub.org\/es\/mayors-action-platform\/"},"author":{"name":"root_new","@id":"https:\/\/globalcitieshub.org\/es\/#\/schema\/person\/507d9e6bfa91593e51e4b24f8c3efc42"},"headline":"The Geneva Cities Hub launches the Mayors\u2019 Action Platform!","datePublished":"2021-09-20T06:05:00+00:00","dateModified":"2022-02-23T14:48:34+00:00","mainEntityOfPage":{"@id":"https:\/\/globalcitieshub.org\/es\/mayors-action-platform\/"},"wordCount":224,"publisher":{"@id":"https:\/\/globalcitieshub.org\/es\/#organization"},"image":{"@id":"https:\/\/globalcitieshub.org\/es\/mayors-action-platform\/#primaryimage"},"thumbnailUrl":"https:\/\/globalcitieshub.org\/wp-content\/uploads\/2021\/09\/Launch_MAP_News.png","articleSection":["News","Others"],"inLanguage":"es"},{"@type":"WebPage","@id":"https:\/\/globalcitieshub.org\/es\/mayors-action-platform\/","url":"https:\/\/globalcitieshub.org\/es\/mayors-action-platform\/","name":"El Centro de Ciudades de Ginebra lanza la Plataforma de Acci\u00f3n de los Alcaldes - Centro Mundial de las Ciudades","isPartOf":{"@id":"https:\/\/globalcitieshub.org\/es\/#website"},"primaryImageOfPage":{"@id":"https:\/\/globalcitieshub.org\/es\/mayors-action-platform\/#primaryimage"},"image":{"@id":"https:\/\/globalcitieshub.org\/es\/mayors-action-platform\/#primaryimage"},"thumbnailUrl":"https:\/\/globalcitieshub.org\/wp-content\/uploads\/2021\/09\/Launch_MAP_News.png","datePublished":"2021-09-20T06:05:00+00:00","dateModified":"2022-02-23T14:48:34+00:00","description":"El Centro de Ciudades de Ginebra lanza la Plataforma de Acci\u00f3n del Alcalde.","inLanguage":"es","potentialAction":[{"@type":"ReadAction","target":["https:\/\/globalcitieshub.org\/es\/mayors-action-platform\/"]}]},{"@type":"ImageObject","inLanguage":"es","@id":"https:\/\/globalcitieshub.org\/es\/mayors-action-platform\/#primaryimage","url":"https:\/\/globalcitieshub.org\/wp-content\/uploads\/2021\/09\/Launch_MAP_News.png","contentUrl":"https:\/\/globalcitieshub.org\/wp-content\/uploads\/2021\/09\/Launch_MAP_News.png","width":786,"height":524},{"@type":"WebSite","@id":"https:\/\/globalcitieshub.org\/es\/#website","url":"https:\/\/globalcitieshub.org\/es\/","name":"Global Cities Hub","description":"Conectar a los gobiernos locales y regionales con las Naciones Unidas y otras organizaciones internacionales.","publisher":{"@id":"https:\/\/globalcitieshub.org\/es\/#organization"},"potentialAction":[{"@type":"SearchAction","target":{"@type":"EntryPoint","urlTemplate":"https:\/\/globalcitieshub.org\/es\/?s={search_term_string}"},"query-input":{"@type":"PropertyValueSpecification","valueRequired":true,"valueName":"search_term_string"}}],"inLanguage":"es"},{"@type":"Organization","@id":"https:\/\/globalcitieshub.org\/es\/#organization","name":"Global Cities Hub","url":"https:\/\/globalcitieshub.org\/es\/","logo":{"@type":"ImageObject","inLanguage":"es","@id":"https:\/\/globalcitieshub.org\/es\/#\/schema\/logo\/image\/","url":"https:\/\/globalcitieshub.org\/wp-content\/uploads\/2023\/09\/230829_Logo_Global_Cities_Hub_Couleur_fond-blanc_RVB.png","contentUrl":"https:\/\/globalcitieshub.org\/wp-content\/uploads\/2023\/09\/230829_Logo_Global_Cities_Hub_Couleur_fond-blanc_RVB.png","width":2544,"height":1446,"caption":"Global Cities Hub"},"image":{"@id":"https:\/\/globalcitieshub.org\/es\/#\/schema\/logo\/image\/"},"sameAs":["https:\/\/x.com\/genevacitieshub"]},{"@type":"Person","@id":"https:\/\/globalcitieshub.org\/es\/#\/schema\/person\/507d9e6bfa91593e51e4b24f8c3efc42","name":"raiz_nueva","image":{"@type":"ImageObject","inLanguage":"es","@id":"https:\/\/globalcitieshub.org\/wp-content\/plugins\/townhub-add-ons\/assets\/images\/avatar.jpg","url":"https:\/\/globalcitieshub.org\/wp-content\/plugins\/townhub-add-ons\/assets\/images\/avatar.jpg","contentUrl":"https:\/\/globalcitieshub.org\/wp-content\/plugins\/townhub-add-ons\/assets\/images\/avatar.jpg","caption":"root_new"},"sameAs":["http:\/\/gch.dev-bulbera.com"],"url":"https:\/\/globalcitieshub.org\/es\/author\/root_new\/"}]}},"_links":{"self":[{"href":"https:\/\/globalcitieshub.org\/es\/wp-json\/wp\/v2\/posts\/13368","targetHints":{"allow":["GET"]}}],"collection":[{"href":"https:\/\/globalcitieshub.org\/es\/wp-json\/wp\/v2\/posts"}],"about":[{"href":"https:\/\/globalcitieshub.org\/es\/wp-json\/wp\/v2\/types\/post"}],"author":[{"embeddable":true,"href":"https:\/\/globalcitieshub.org\/es\/wp-json\/wp\/v2\/users\/1"}],"replies":[{"embeddable":true,"href":"https:\/\/globalcitieshub.org\/es\/wp-json\/wp\/v2\/comments?post=13368"}],"version-history":[{"count":9,"href":"https:\/\/globalcitieshub.org\/es\/wp-json\/wp\/v2\/posts\/13368\/revisions"}],"predecessor-version":[{"id":15081,"href":"https:\/\/globalcitieshub.org\/es\/wp-json\/wp\/v2\/posts\/13368\/revisions\/15081"}],"wp:featuredmedia":[{"embeddable":true,"href":"https:\/\/globalcitieshub.org\/es\/wp-json\/wp\/v2\/media\/13651"}],"wp:attachment":[{"href":"https:\/\/globalcitieshub.org\/es\/wp-json\/wp\/v2\/media?parent=13368"}],"wp:term":[{"taxonomy":"category","embeddable":true,"href":"https:\/\/globalcitieshub.org\/es\/wp-json\/wp\/v2\/categories?post=13368"},{"taxonomy":"post_tag","embeddable":true,"href":"https:\/\/globalcitieshub.org\/es\/wp-json\/wp\/v2\/tags?post=13368"}],"curies":[{"name":"wp","href":"https:\/\/api.w.org\/{rel}","templated":true}]}}